{"id":320547,"date":"2026-08-26T15:36:57","date_gmt":"2026-08-26T18:36:57","guid":{"rendered":"https:\/\/www.caririemacao.com\/1\/?p=320547"},"modified":"2026-08-26T15:36:57","modified_gmt":"2026-08-26T18:36:57","slug":"joao-pessoa-sanciona-lei-que-torna-obrigatoria-mamografia-anual-a-partir-dos-40","status":"publish","type":"post","link":"https:\/\/www.caririemacao.com\/1\/2026\/08\/26\/joao-pessoa-sanciona-lei-que-torna-obrigatoria-mamografia-anual-a-partir-dos-40\/","title":{"rendered":"Jo\u00e3o Pessoa sanciona lei que torna obrigat\u00f3ria mamografia anual a partir dos 40"},"content":{"rendered":"<p class=\"jpb-article-subtitle\" style=\"text-align: center;\"><em>Lei, sancionada com vetos, \u00e9 de autoria do vereador Marcos Vin\u00edcius e foi publicada no Di\u00e1rio Oficial desta quarta-feira (26).<\/em><\/p>\n<p>O prefeito de Jo\u00e3o Pessoa, L\u00e9o Bezerra (PSDB), sancionou uma lei que torna obrigat\u00f3ria a realiza\u00e7\u00e3o do exame anual de mamografia em mulheres a partir dos 40 anos na cidade. A medida foi publicada no Di\u00e1rio Oficial do Munic\u00edpio nesta quarta-feira (26).<\/p>\n<p>Apesar da san\u00e7\u00e3o, a lei, que \u00e9 de autoria do vereador Marcos Vin\u00edcius (PDT), foi aprovada com vetos. O prefeito vetou os artigos 1\u00ba, 2\u00ba e 5\u00ba do texto original.<\/p>\n<p>Os artigos 1\u00ba e 2\u00ba institu\u00edam a obrigatoriedade da realiza\u00e7\u00e3o dos exames na rede de sa\u00fade p\u00fablica do munic\u00edpio. J\u00e1 o artigo 5\u00ba obrigava os servi\u00e7os p\u00fablicos de sa\u00fade a garantir o agendamento e a realiza\u00e7\u00e3o da mamografia para todas as mulheres eleg\u00edveis segundo a lei.<\/p>\n<p>A proposta tem como objetivo ampliar a preven\u00e7\u00e3o e o diagn\u00f3stico precoce do c\u00e2ncer de mama. A idade de 40 anos \u00e9 considerada um marco pelas principais entidades m\u00e9dicas, como a Sociedade Brasileira de Mastologia (SBM), que recomenda o in\u00edcio do rastreamento mamogr\u00e1fico anual nessa faixa et\u00e1ria para mulheres de risco habitual.<\/p>\n<p><em>Com Jornal da Para\u00edba<\/em><\/p>\n","protected":false},"excerpt":{"rendered":"<p>Lei, sancionada com vetos, \u00e9 de autoria do vereador Marcos Vin\u00edcius e foi publicada no Di\u00e1rio Oficial desta quarta-feira (26). O prefeito de Jo\u00e3o Pessoa, L\u00e9o Bezerra (PSDB), sancionou uma lei que torna obrigat\u00f3ria a realiza\u00e7\u00e3o do exame anual de mamografia em mulheres a partir dos 40 anos na cidade. A medida foi publicada no Di\u00e1rio Oficial do Munic\u00edpio nesta quarta-feira (26). Apesar da san\u00e7\u00e3o, a lei, que \u00e9 de autoria do vereador Marcos Vin\u00edcius (PDT), foi aprovada com vetos. O prefeito vetou os artigos 1\u00ba, 2\u00ba e 5\u00ba do texto original. Os artigos 1\u00ba e 2\u00ba institu\u00edam a obrigatoriedade da realiza\u00e7\u00e3o dos exames na rede de sa\u00fade p\u00fablica do munic\u00edpio. J\u00e1 o artigo 5\u00ba obrigava os servi\u00e7os p\u00fablicos de sa\u00fade a garantir o agendamento e a realiza\u00e7\u00e3o da mamografia para todas as mulheres eleg\u00edveis segundo a lei. A proposta tem como objetivo ampliar a preven\u00e7\u00e3o e o diagn\u00f3stico precoce do c\u00e2ncer de mama. A idade de 40 anos \u00e9 considerada um marco pelas principais entidades m\u00e9dicas, como a Sociedade Brasileira de Mastologia (SBM), que recomenda o in\u00edcio do rastreamento mamogr\u00e1fico anual nessa faixa et\u00e1ria para mulheres de risco habitual. Com Jornal da Para\u00edba<\/p>\n","protected":false},"author":6,"featured_media":320548,"comment_status":"closed","ping_status":"closed","sticky":false,"template":"","format":"standard","meta":{"sfsi_plus_gutenberg_text_before_share":"","sfsi_plus_gutenberg_show_text_before_share":"","sfsi_plus_gutenberg_icon_type":"","sfsi_plus_gutenberg_icon_alignemt":"","sfsi_plus_gutenburg_max_per_row":"","footnotes":""},"categories":[16],"tags":[],"class_list":["post-320547","post","type-post","status-publish","format-standard","has-post-thumbnail","hentry","category-saude"],"_links":{"self":[{"href":"https:\/\/www.caririemacao.com\/1\/wp-json\/wp\/v2\/posts\/320547","targetHints":{"allow":["GET"]}}],"collection":[{"href":"https:\/\/www.caririemacao.com\/1\/wp-json\/wp\/v2\/posts"}],"about":[{"href":"https:\/\/www.caririemacao.com\/1\/wp-json\/wp\/v2\/types\/post"}],"author":[{"embeddable":true,"href":"https:\/\/www.caririemacao.com\/1\/wp-json\/wp\/v2\/users\/6"}],"replies":[{"embeddable":true,"href":"https:\/\/www.caririemacao.com\/1\/wp-json\/wp\/v2\/comments?post=320547"}],"version-history":[{"count":1,"href":"https:\/\/www.caririemacao.com\/1\/wp-json\/wp\/v2\/posts\/320547\/revisions"}],"predecessor-version":[{"id":320549,"href":"https:\/\/www.caririemacao.com\/1\/wp-json\/wp\/v2\/posts\/320547\/revisions\/320549"}],"wp:featuredmedia":[{"embeddable":true,"href":"https:\/\/www.caririemacao.com\/1\/wp-json\/wp\/v2\/media\/320548"}],"wp:attachment":[{"href":"https:\/\/www.caririemacao.com\/1\/wp-json\/wp\/v2\/media?parent=320547"}],"wp:term":[{"taxonomy":"category","embeddable":true,"href":"https:\/\/www.caririemacao.com\/1\/wp-json\/wp\/v2\/categories?post=320547"},{"taxonomy":"post_tag","embeddable":true,"href":"https:\/\/www.caririemacao.com\/1\/wp-json\/wp\/v2\/tags?post=320547"}],"curies":[{"name":"wp","href":"https:\/\/api.w.org\/{rel}","templated":true}]}}