{"id":320553,"date":"2026-08-26T15:41:09","date_gmt":"2026-08-26T18:41:09","guid":{"rendered":"https:\/\/www.caririemacao.com\/1\/?p=320553"},"modified":"2026-08-26T15:41:09","modified_gmt":"2026-08-26T18:41:09","slug":"bruno-admite-esperar-pos-eleicao-para-encontrar-lucas-a-politica-e-especulativa","status":"publish","type":"post","link":"https:\/\/www.caririemacao.com\/1\/2026\/08\/26\/bruno-admite-esperar-pos-eleicao-para-encontrar-lucas-a-politica-e-especulativa\/","title":{"rendered":"Bruno admite esperar p\u00f3s-elei\u00e7\u00e3o para encontrar Lucas: \u201cA pol\u00edtica \u00e9 especulativa\u201d"},"content":{"rendered":"<p class=\"wp-block-paragraph\">O prefeito de Campina Grande, Bruno Cunha Lima (Uni\u00e3o Brasil), admitiu nessa ter\u00e7a-feira (25) que uma poss\u00edvel reuni\u00e3o com o governador Lucas Ribeiro (PP), articulada h\u00e1 meses para tratar de demandas administrativas do munic\u00edpio, pode ficar para depois das elei\u00e7\u00f5es de outubro.<\/p>\n<p class=\"wp-block-paragraph\">Segundo Bruno, n\u00e3o h\u00e1 resist\u00eancia ao di\u00e1logo institucional com o governador, mas o atual cen\u00e1rio pol\u00edtico exige cautela para evitar que um encontro entre os dois gestores seja interpretado sob a \u00f3tica eleitoral.<\/p>\n<p class=\"wp-block-paragraph\">A reuni\u00e3o chegou a ser prevista para o per\u00edodo do S\u00e3o Jo\u00e3o, mas n\u00e3o aconteceu devido a conflitos nas agendas dos dois gestores. Uma nova tentativa tamb\u00e9m n\u00e3o avan\u00e7ou em raz\u00e3o de compromissos do prefeito fora da Para\u00edba.<\/p>\n<p class=\"wp-block-paragraph\">Bruno afirmou que a possibilidade de adiar o encontro n\u00e3o representa falta de disposi\u00e7\u00e3o para conversar com Lucas. Segundo ele, existem temas administrativos relevantes a serem tratados, mas \u00e9 preciso avaliar se o momento \u00e9 adequado para uma reuni\u00e3o desse tipo.<\/p>\n<p class=\"wp-block-paragraph\">\u201cVamos fazer uma an\u00e1lise se \u00e9 oportuno fazer essa agenda agora. Tem temas que s\u00e3o importantes, mas eu n\u00e3o sei necessariamente se s\u00e3o urgentes ao ponto de, no meio da campanha, fazer um encontro como esse\u201d, afirmou.<\/p>\n<p class=\"wp-block-paragraph\">O prefeito destacou que a preocupa\u00e7\u00e3o est\u00e1 relacionada \u00e0 possibilidade de o encontro ganhar uma interpreta\u00e7\u00e3o pol\u00edtica diferente de sua finalidade original.<\/p>\n<p class=\"wp-block-paragraph\">\u201c\u00c9 poss\u00edvel que haja algum tipo de explora\u00e7\u00e3o. \u00c9 prov\u00e1vel\u201d, declarou.<\/p>\n<p class=\"wp-block-paragraph\">Bruno por\u00e9m fez quest\u00e3o de ressaltar que a cautela n\u00e3o representa qualquer problema pessoal ou institucional com Lucas Ribeiro, que j\u00e1 foi seu vice na prefeitura da Rainha da Borborema.<\/p>\n<p class=\"wp-block-paragraph\">\u201cEu n\u00e3o estou dizendo que \u00e9 Lucas, eu n\u00e3o estou dizendo que sou eu, mas a pol\u00edtica \u00e9 especulativa. \u00c9 poss\u00edvel que queiram dar algum tipo de especula\u00e7\u00e3o, algum tipo de conota\u00e7\u00e3o\u201d, afirmou.<\/p>\n<p class=\"wp-block-paragraph\">Na avalia\u00e7\u00e3o do prefeito, o di\u00e1logo permanece poss\u00edvel, mas precisa ocorrer no momento adequado.<\/p>\n<p class=\"wp-block-paragraph\">\u201cDe minha parte, n\u00e3o teria problema. Eu n\u00e3o vejo maiores problemas. S\u00f3 precisa ter cuidado com essa parte da explora\u00e7\u00e3o pol\u00edtica\u201d, completou.<\/p>\n<p class=\"wp-block-paragraph\">Bruno apoia o senador Efraim Filho na disputa pelo governo do estado nas elei\u00e7\u00f5es dete ano.<\/p>\n<p class=\"wp-block-paragraph\">\n<p><em>Com PB Agora<\/em><\/p>\n","protected":false},"excerpt":{"rendered":"<p>O prefeito de Campina Grande, Bruno Cunha Lima (Uni\u00e3o Brasil), admitiu nessa ter\u00e7a-feira (25) que uma poss\u00edvel reuni\u00e3o com o governador Lucas Ribeiro (PP), articulada h\u00e1 meses para tratar de demandas administrativas do munic\u00edpio, pode ficar para depois das elei\u00e7\u00f5es de outubro. Segundo Bruno, n\u00e3o h\u00e1 resist\u00eancia ao di\u00e1logo institucional com o governador, mas o atual cen\u00e1rio pol\u00edtico exige cautela para evitar que um encontro entre os dois gestores seja interpretado sob a \u00f3tica eleitoral. A reuni\u00e3o chegou a ser prevista para o per\u00edodo do S\u00e3o Jo\u00e3o, mas n\u00e3o aconteceu devido a conflitos nas agendas dos dois gestores. Uma nova tentativa tamb\u00e9m n\u00e3o avan\u00e7ou em raz\u00e3o de compromissos do prefeito fora da Para\u00edba. Bruno afirmou que a possibilidade de adiar o encontro n\u00e3o representa falta de disposi\u00e7\u00e3o para conversar com Lucas. Segundo ele, existem temas administrativos relevantes a serem tratados, mas \u00e9 preciso avaliar se o momento \u00e9 adequado para uma reuni\u00e3o desse tipo. \u201cVamos fazer uma an\u00e1lise se \u00e9 oportuno fazer essa agenda agora. Tem temas que s\u00e3o importantes, mas eu n\u00e3o sei necessariamente se s\u00e3o urgentes ao ponto de, no meio da campanha, fazer um encontro como esse\u201d, afirmou. O prefeito destacou que a preocupa\u00e7\u00e3o est\u00e1 relacionada \u00e0 possibilidade de o encontro ganhar uma interpreta\u00e7\u00e3o pol\u00edtica diferente de sua finalidade original. \u201c\u00c9 poss\u00edvel que haja algum tipo de explora\u00e7\u00e3o. \u00c9 prov\u00e1vel\u201d, declarou. Bruno por\u00e9m fez quest\u00e3o de ressaltar que a cautela n\u00e3o representa qualquer problema pessoal ou institucional com Lucas Ribeiro, que j\u00e1 foi seu vice na prefeitura da Rainha da Borborema. \u201cEu n\u00e3o estou dizendo que \u00e9 Lucas, eu n\u00e3o estou dizendo que sou eu, mas a pol\u00edtica \u00e9 especulativa. \u00c9 poss\u00edvel que queiram dar algum tipo de especula\u00e7\u00e3o, algum tipo de conota\u00e7\u00e3o\u201d, afirmou. Na avalia\u00e7\u00e3o do prefeito, o di\u00e1logo permanece poss\u00edvel, mas precisa ocorrer no momento adequado. \u201cDe minha parte, n\u00e3o teria problema. Eu n\u00e3o vejo maiores problemas. S\u00f3 precisa ter cuidado com essa parte da explora\u00e7\u00e3o pol\u00edtica\u201d, completou. Bruno apoia o senador Efraim Filho na disputa pelo governo do estado nas elei\u00e7\u00f5es dete ano. Com PB Agora<\/p>\n","protected":false},"author":6,"featured_media":320554,"comment_status":"closed","ping_status":"closed","sticky":false,"template":"","format":"standard","meta":{"sfsi_plus_gutenberg_text_before_share":"","sfsi_plus_gutenberg_show_text_before_share":"","sfsi_plus_gutenberg_icon_type":"","sfsi_plus_gutenberg_icon_alignemt":"","sfsi_plus_gutenburg_max_per_row":"","footnotes":""},"categories":[11],"tags":[],"class_list":["post-320553","post","type-post","status-publish","format-standard","has-post-thumbnail","hentry","category-politica"],"_links":{"self":[{"href":"https:\/\/www.caririemacao.com\/1\/wp-json\/wp\/v2\/posts\/320553","targetHints":{"allow":["GET"]}}],"collection":[{"href":"https:\/\/www.caririemacao.com\/1\/wp-json\/wp\/v2\/posts"}],"about":[{"href":"https:\/\/www.caririemacao.com\/1\/wp-json\/wp\/v2\/types\/post"}],"author":[{"embeddable":true,"href":"https:\/\/www.caririemacao.com\/1\/wp-json\/wp\/v2\/users\/6"}],"replies":[{"embeddable":true,"href":"https:\/\/www.caririemacao.com\/1\/wp-json\/wp\/v2\/comments?post=320553"}],"version-history":[{"count":1,"href":"https:\/\/www.caririemacao.com\/1\/wp-json\/wp\/v2\/posts\/320553\/revisions"}],"predecessor-version":[{"id":320555,"href":"https:\/\/www.caririemacao.com\/1\/wp-json\/wp\/v2\/posts\/320553\/revisions\/320555"}],"wp:featuredmedia":[{"embeddable":true,"href":"https:\/\/www.caririemacao.com\/1\/wp-json\/wp\/v2\/media\/320554"}],"wp:attachment":[{"href":"https:\/\/www.caririemacao.com\/1\/wp-json\/wp\/v2\/media?parent=320553"}],"wp:term":[{"taxonomy":"category","embeddable":true,"href":"https:\/\/www.caririemacao.com\/1\/wp-json\/wp\/v2\/categories?post=320553"},{"taxonomy":"post_tag","embeddable":true,"href":"https:\/\/www.caririemacao.com\/1\/wp-json\/wp\/v2\/tags?post=320553"}],"curies":[{"name":"wp","href":"https:\/\/api.w.org\/{rel}","templated":true}]}}