{"id":320556,"date":"2026-08-26T15:42:29","date_gmt":"2026-08-26T18:42:29","guid":{"rendered":"https:\/\/www.caririemacao.com\/1\/?p=320556"},"modified":"2026-08-26T15:42:45","modified_gmt":"2026-08-26T18:42:45","slug":"quaest-terceiro-em-pesquisa-nabor-lembra-eleicao-que-comecou-atras","status":"publish","type":"post","link":"https:\/\/www.caririemacao.com\/1\/2026\/08\/26\/quaest-terceiro-em-pesquisa-nabor-lembra-eleicao-que-comecou-atras\/","title":{"rendered":"Quaest: terceiro em pesquisa, Nabor lembra elei\u00e7\u00e3o que come\u00e7ou atr\u00e1s"},"content":{"rendered":"<p>O candidato ao Senado, Nabor Wanderley (Republicanos), disse que est\u00e1 \u201ctranquilo\u201d com resultado da 1\u00aa pesquisa Quaest que o coloca em 3\u00ba lugar na disputa eleitoral na Para\u00edba.<\/p>\n<p>Em sabatina na TV Norte Para\u00edba, Nabor lembrou que em elei\u00e7\u00e3o em Patos, onde foi prefeito, ele aparecia bem abaixo nas pesquisas realizadas na \u00e9poca e, mesmo assim, venceu o pleito municipal.<\/p>\n<p>\u201cPesquisa \u00e9 momento. J\u00e1 passei por isso como candidato a prefeito de Patos quando comecei com 3% a 4% e ganhamos a elei\u00e7\u00e3o porque agente soube construir\u201d, enfatizou.<\/p>\n<p>Na pesquisa, o ex-prefeito aparece com 9% das inten\u00e7\u00f5es de voto dos paraibanos. A frente dele, o ex-governador Jo\u00e3o Azev\u00eado (PSB) tem 27% e Veneziano (19%). Marcelo Queiroga (PL) \u00e9 o 4\u00b0 com 6% e Major F\u00e1bio (Novo) tem 5%.<\/p>\n<p>A Quaest, contratada pela TVs Cabo Branco e Para\u00edba, realizou 804 entrevistas com eleitores de 16 anos ou mais entre os dias 21 e 24 de agosto. A margem de erro m\u00e1xima para o total da amostra \u00e9 de 3 pontos percentuais, para mais ou para menos, dentro do n\u00edvel de confian\u00e7a de 95%. O levantamento foi registrado no Tribunal Superior Eleitoral (TSE).<\/p>\n<p>&nbsp;<\/p>\n<p><em>Com PB Agora<\/em><\/p>\n","protected":false},"excerpt":{"rendered":"<p>O candidato ao Senado, Nabor Wanderley (Republicanos), disse que est\u00e1 \u201ctranquilo\u201d com resultado da 1\u00aa pesquisa Quaest que o coloca em 3\u00ba lugar na disputa eleitoral na Para\u00edba. Em sabatina na TV Norte Para\u00edba, Nabor lembrou que em elei\u00e7\u00e3o em Patos, onde foi prefeito, ele aparecia bem abaixo nas pesquisas realizadas na \u00e9poca e, mesmo assim, venceu o pleito municipal. \u201cPesquisa \u00e9 momento. J\u00e1 passei por isso como candidato a prefeito de Patos quando comecei com 3% a 4% e ganhamos a elei\u00e7\u00e3o porque agente soube construir\u201d, enfatizou. Na pesquisa, o ex-prefeito aparece com 9% das inten\u00e7\u00f5es de voto dos paraibanos. A frente dele, o ex-governador Jo\u00e3o Azev\u00eado (PSB) tem 27% e Veneziano (19%). Marcelo Queiroga (PL) \u00e9 o 4\u00b0 com 6% e Major F\u00e1bio (Novo) tem 5%. A Quaest, contratada pela TVs Cabo Branco e Para\u00edba, realizou 804 entrevistas com eleitores de 16 anos ou mais entre os dias 21 e 24 de agosto. A margem de erro m\u00e1xima para o total da amostra \u00e9 de 3 pontos percentuais, para mais ou para menos, dentro do n\u00edvel de confian\u00e7a de 95%. O levantamento foi registrado no Tribunal Superior Eleitoral (TSE). &nbsp; Com PB Agora<\/p>\n","protected":false},"author":6,"featured_media":320557,"comment_status":"closed","ping_status":"closed","sticky":false,"template":"","format":"standard","meta":{"sfsi_plus_gutenberg_text_before_share":"","sfsi_plus_gutenberg_show_text_before_share":"","sfsi_plus_gutenberg_icon_type":"","sfsi_plus_gutenberg_icon_alignemt":"","sfsi_plus_gutenburg_max_per_row":"","footnotes":""},"categories":[11],"tags":[],"class_list":["post-320556","post","type-post","status-publish","format-standard","has-post-thumbnail","hentry","category-politica"],"_links":{"self":[{"href":"https:\/\/www.caririemacao.com\/1\/wp-json\/wp\/v2\/posts\/320556","targetHints":{"allow":["GET"]}}],"collection":[{"href":"https:\/\/www.caririemacao.com\/1\/wp-json\/wp\/v2\/posts"}],"about":[{"href":"https:\/\/www.caririemacao.com\/1\/wp-json\/wp\/v2\/types\/post"}],"author":[{"embeddable":true,"href":"https:\/\/www.caririemacao.com\/1\/wp-json\/wp\/v2\/users\/6"}],"replies":[{"embeddable":true,"href":"https:\/\/www.caririemacao.com\/1\/wp-json\/wp\/v2\/comments?post=320556"}],"version-history":[{"count":1,"href":"https:\/\/www.caririemacao.com\/1\/wp-json\/wp\/v2\/posts\/320556\/revisions"}],"predecessor-version":[{"id":320558,"href":"https:\/\/www.caririemacao.com\/1\/wp-json\/wp\/v2\/posts\/320556\/revisions\/320558"}],"wp:featuredmedia":[{"embeddable":true,"href":"https:\/\/www.caririemacao.com\/1\/wp-json\/wp\/v2\/media\/320557"}],"wp:attachment":[{"href":"https:\/\/www.caririemacao.com\/1\/wp-json\/wp\/v2\/media?parent=320556"}],"wp:term":[{"taxonomy":"category","embeddable":true,"href":"https:\/\/www.caririemacao.com\/1\/wp-json\/wp\/v2\/categories?post=320556"},{"taxonomy":"post_tag","embeddable":true,"href":"https:\/\/www.caririemacao.com\/1\/wp-json\/wp\/v2\/tags?post=320556"}],"curies":[{"name":"wp","href":"https:\/\/api.w.org\/{rel}","templated":true}]}}