{"id":320562,"date":"2026-08-26T16:27:43","date_gmt":"2026-08-26T19:27:43","guid":{"rendered":"https:\/\/www.caririemacao.com\/1\/?p=320562"},"modified":"2026-08-26T16:27:43","modified_gmt":"2026-08-26T19:27:43","slug":"ataque-a-tiros-com-motocicleta-deixa-dois-homens-feridos-na-grande-joao-pessoa","status":"publish","type":"post","link":"https:\/\/www.caririemacao.com\/1\/2026\/08\/26\/ataque-a-tiros-com-motocicleta-deixa-dois-homens-feridos-na-grande-joao-pessoa\/","title":{"rendered":"Ataque a tiros com motocicleta deixa dois homens feridos na Grande Jo\u00e3o Pessoa"},"content":{"rendered":"<p>Dois indiv\u00edduos foram baleados por suspeitos utilizando motocicletas, na regi\u00e3o da Grande Jo\u00e3o Pessoa.<\/p>\n<p>A ocorr\u00eancia aconteceu no bairro do A\u00e7ude, em Santa Rita, na tarde de quarta-feira (26), conforme confirmado pela Pol\u00edcia Militar. A institui\u00e7\u00e3o de seguran\u00e7a indicou que dois suspeitos em uma moto dispararam contra os homens.<\/p>\n<p>At\u00e9 o momento mais recente dessa reportagem, nenhuma pessoa envolvida no crime foi presa. Um dos feridos foi identificado como um homem de 43 anos, que foi encaminhado para o Hospital de Trauma de Jo\u00e3o Pessoa por meio do Servi\u00e7o de Atendimento M\u00f3vel de Urg\u00eancia (Samu). Segundo a unidade de sa\u00fade, o paciente encontra-se com quadro cl\u00ednico grave, por\u00e9m est\u00e1vel.<\/p>\n<p>O segundo homem atingido n\u00e3o teve sua identidade revelada, mas tamb\u00e9m foi transportado para o Hospital Metropolitano, localizado em Santa Rita. O seu estado de sa\u00fade permanece desconhecido, conforme a \u00faltima atualiza\u00e7\u00e3o fornecida pela fonte m\u00e9dica.<\/p>\n<p><em>Fonte: G1 Para\u00edba<\/em><\/p>\n","protected":false},"excerpt":{"rendered":"<p>Dois homens s\u00e3o baleados por suspeitos em moto, na Grande Jo\u00e3o Pessoa Redes sociais Dois homens foram baleados no bairro do A\u00e7ude, em Santa Rita, cidade na Regi\u00e3o Metropolitana de Jo\u00e3o Pessoa, na tarde desta quarta-feira (26). As informa\u00e7\u00f5es foram confirmadas pela Pol\u00edcia Militar. &#x2705; Clique aqui para seguir o canal do g1 PB no WhatsApp De acordo com a PM, dois suspeitos em uma moto dispararam contra os homens. Ningu\u00e9m envolvido no crime foi preso at\u00e9 a \u00faltima atualiza\u00e7\u00e3o desta reportagem. Um dos feridos foi identificado como sendo um homem de 43 anos de idade, que foi socorrido para o Hospital de Trauma de Jo\u00e3o Pessoa por meio do Servi\u00e7o de Atendimento M\u00f3vel de Urg\u00eancia (Samu). De acordo com a unidade de sa\u00fade ao g1, o homem est\u00e1 com quadro cl\u00ednico grave, mas est\u00e1vel. J\u00e1 o segundo baleado n\u00e3o teve a identidade divulgada, mas foi socorrido para o Hospital Metropolitano por meios pr\u00f3prios, que fica localizado em Santa Rita. N\u00e3o se sabe o estado de sa\u00fade dele at\u00e9 a \u00faltima atualiza\u00e7\u00e3o desta reportagem. Agora no g1 V\u00eddeos mais assistidos do g1 Para\u00edba<\/p>\n","protected":false},"author":0,"featured_media":320563,"comment_status":"closed","ping_status":"closed","sticky":false,"template":"","format":"standard","meta":{"sfsi_plus_gutenberg_text_before_share":"","sfsi_plus_gutenberg_show_text_before_share":"","sfsi_plus_gutenberg_icon_type":"","sfsi_plus_gutenberg_icon_alignemt":"","sfsi_plus_gutenburg_max_per_row":"","footnotes":""},"categories":[12],"tags":[],"class_list":["post-320562","post","type-post","status-publish","format-standard","has-post-thumbnail","hentry","category-policia"],"_links":{"self":[{"href":"https:\/\/www.caririemacao.com\/1\/wp-json\/wp\/v2\/posts\/320562","targetHints":{"allow":["GET"]}}],"collection":[{"href":"https:\/\/www.caririemacao.com\/1\/wp-json\/wp\/v2\/posts"}],"about":[{"href":"https:\/\/www.caririemacao.com\/1\/wp-json\/wp\/v2\/types\/post"}],"replies":[{"embeddable":true,"href":"https:\/\/www.caririemacao.com\/1\/wp-json\/wp\/v2\/comments?post=320562"}],"version-history":[{"count":1,"href":"https:\/\/www.caririemacao.com\/1\/wp-json\/wp\/v2\/posts\/320562\/revisions"}],"predecessor-version":[{"id":320564,"href":"https:\/\/www.caririemacao.com\/1\/wp-json\/wp\/v2\/posts\/320562\/revisions\/320564"}],"wp:featuredmedia":[{"embeddable":true,"href":"https:\/\/www.caririemacao.com\/1\/wp-json\/wp\/v2\/media\/320563"}],"wp:attachment":[{"href":"https:\/\/www.caririemacao.com\/1\/wp-json\/wp\/v2\/media?parent=320562"}],"wp:term":[{"taxonomy":"category","embeddable":true,"href":"https:\/\/www.caririemacao.com\/1\/wp-json\/wp\/v2\/categories?post=320562"},{"taxonomy":"post_tag","embeddable":true,"href":"https:\/\/www.caririemacao.com\/1\/wp-json\/wp\/v2\/tags?post=320562"}],"curies":[{"name":"wp","href":"https:\/\/api.w.org\/{rel}","templated":true}]}}