{"id":320565,"date":"2026-08-26T16:28:01","date_gmt":"2026-08-26T19:28:01","guid":{"rendered":"https:\/\/www.caririemacao.com\/1\/?p=320565"},"modified":"2026-08-26T16:28:01","modified_gmt":"2026-08-26T19:28:01","slug":"suspeito-de-assassinato-colombiano-preso-cinco-meses-apos-o-crime-na-grande-joao-pessoa","status":"publish","type":"post","link":"https:\/\/www.caririemacao.com\/1\/2026\/08\/26\/suspeito-de-assassinato-colombiano-preso-cinco-meses-apos-o-crime-na-grande-joao-pessoa\/","title":{"rendered":"Suspeito de assassinato colombiano preso cinco meses ap\u00f3s o crime na Grande Jo\u00e3o Pessoa"},"content":{"rendered":"<p>Uma pessoa investigada por um homic\u00eddio de cidad\u00e3o colombiano foi detida nesta quarta-feira (26). Segundo a Pol\u00edcia Civil, a pris\u00e3o ocorreu no posto da Pol\u00edcia Rodovi\u00e1ria Federal em Mata Redonda, na Grande Jo\u00e3o Pessoa, no momento em que o alvo retornava do estado de S\u00e3o Paulo, onde estava escondido.<\/p>\n<p>As investiga\u00e7\u00f5es apontam que o homem faz parte dos envolvidos no homic\u00eddio ocorrido em mar\u00e7o de 2026. A v\u00edtima, que utilizava drogas, teria sido morta ap\u00f3s obter entorpecentes de um fornecedor vinculado a uma fac\u00e7\u00e3o criminosa rival dos autores do crime.<\/p>\n<p>O crime envolveu a participa\u00e7\u00e3o de dois adultos e um adolescente. Um dos investigados j\u00e1 estava recolhido no Pres\u00eddio Padr\u00e3o de Santa Rita, enquanto o suspeito permanecia foragido at\u00e9 ser localizado e preso nesta madrugada.<\/p>\n<p>Ap\u00f3s a captura, o indiv\u00edduo foi conduzido \u00e0 Delegacia de Plant\u00e3o de Alhandra, onde ficou sob a tutela da Justi\u00e7a.<\/p>\n<p><a href=\"https:\/\/whatsapp.com\/channel\/0029VaM11seEFeXpuU94Sz2i\" target=\"_blank\" rel=\"noopener\"><\/a><\/p>\n<p><em>Fonte: Portal Correio<\/em><\/p>\n","protected":false},"excerpt":{"rendered":"<p>Um homem investigado por um homic\u00eddio de um cidad\u00e3o colombiano foi preso, nesta quarta-feira (26). De acordo com a Pol\u00edcia Civil, a pris\u00e3o aconteceu no posto da Pol\u00edcia Rodovi\u00e1ria Federal em Mata Redonda, na Grande Jo\u00e3o Pessoa, no momento em que o alvo retornava do estado de S\u00e3o Paulo, onde estava escondido. Segundo as investiga\u00e7\u00f5es, [\u2026]<\/p>\n","protected":false},"author":0,"featured_media":320566,"comment_status":"closed","ping_status":"closed","sticky":false,"template":"","format":"standard","meta":{"sfsi_plus_gutenberg_text_before_share":"","sfsi_plus_gutenberg_show_text_before_share":"","sfsi_plus_gutenberg_icon_type":"","sfsi_plus_gutenberg_icon_alignemt":"","sfsi_plus_gutenburg_max_per_row":"","footnotes":""},"categories":[12],"tags":[],"class_list":["post-320565","post","type-post","status-publish","format-standard","has-post-thumbnail","hentry","category-policia"],"_links":{"self":[{"href":"https:\/\/www.caririemacao.com\/1\/wp-json\/wp\/v2\/posts\/320565","targetHints":{"allow":["GET"]}}],"collection":[{"href":"https:\/\/www.caririemacao.com\/1\/wp-json\/wp\/v2\/posts"}],"about":[{"href":"https:\/\/www.caririemacao.com\/1\/wp-json\/wp\/v2\/types\/post"}],"replies":[{"embeddable":true,"href":"https:\/\/www.caririemacao.com\/1\/wp-json\/wp\/v2\/comments?post=320565"}],"version-history":[{"count":1,"href":"https:\/\/www.caririemacao.com\/1\/wp-json\/wp\/v2\/posts\/320565\/revisions"}],"predecessor-version":[{"id":320567,"href":"https:\/\/www.caririemacao.com\/1\/wp-json\/wp\/v2\/posts\/320565\/revisions\/320567"}],"wp:featuredmedia":[{"embeddable":true,"href":"https:\/\/www.caririemacao.com\/1\/wp-json\/wp\/v2\/media\/320566"}],"wp:attachment":[{"href":"https:\/\/www.caririemacao.com\/1\/wp-json\/wp\/v2\/media?parent=320565"}],"wp:term":[{"taxonomy":"category","embeddable":true,"href":"https:\/\/www.caririemacao.com\/1\/wp-json\/wp\/v2\/categories?post=320565"},{"taxonomy":"post_tag","embeddable":true,"href":"https:\/\/www.caririemacao.com\/1\/wp-json\/wp\/v2\/tags?post=320565"}],"curies":[{"name":"wp","href":"https:\/\/api.w.org\/{rel}","templated":true}]}}