{"id":320571,"date":"2026-08-26T17:28:16","date_gmt":"2026-08-26T20:28:16","guid":{"rendered":"https:\/\/www.caririemacao.com\/1\/?p=320571"},"modified":"2026-08-27T00:26:56","modified_gmt":"2026-08-27T03:26:56","slug":"araruna-fecha-a-edicao-2026-do-festival-de-inverno-das-serras","status":"publish","type":"post","link":"https:\/\/www.caririemacao.com\/1\/2026\/08\/26\/araruna-fecha-a-edicao-2026-do-festival-de-inverno-das-serras\/","title":{"rendered":"Araruna fecha a edi\u00e7\u00e3o 2026 do Festival de Inverno das Serras"},"content":{"rendered":"<p>O Festival de Inverno das Serras \u2013 FIS 2026, organizado pelo F\u00f3rum do Curimata\u00fa Paraibano, concluiu sua edi\u00e7\u00e3o em Araruna, reconhecida como a capital da aventura na Para\u00edba. O munic\u00edpio, situado a 115 quil\u00f4metros de Jo\u00e3o Pessoa, dedicou-se \u00e0 homenagem de Ant\u00f4nio Joaquim Pereira da Silva, escritor e jornalista origin\u00e1rio de Araruna, que alcan\u00e7ou a conquista hist\u00f3rica de ser o primeiro paraibano admitido na Academia Brasileira de Letras.<\/p>\n<p>A trajet\u00f3ria do evento passou por diversas localidades da regi\u00e3o, incluindo Dona In\u00eas, Barra de Santa Rosa, Cuit\u00e9 e Cacimba de Dentro, todas situadas entre os confins da Serra da Borborema e banhadas por paisagens impressionantes e numerosas cachoeiras.<\/p>\n<p>O festival de 2025 j\u00e1 registrou p\u00fablico recorde nos munic\u00edpios participantes, e o prop\u00f3sito central do evento \u00e9 ampliar a difus\u00e3o tur\u00edstica ao apresentar as cinco cidades do FIS 2026 e suas capacidades atrativas, oferecendo oficinas e forma\u00e7\u00e3o para o setor de turismo comunit\u00e1rio e sustent\u00e1vel, complementado por apresenta\u00e7\u00f5es musicais.<\/p>\n<p>Ricardo C\u00e2mara, presidente do F\u00f3rum de Turismo do Curimata\u00fa, elogia o sucesso do FIS2026 e destaca o crescente interesse de outras cidades em integrar a rota. &#8220;Em 2027 faremos uma avalia\u00e7\u00e3o. O que o Festival representa vai al\u00e9m dos shows; ele gera movimento econ\u00f4mico, oferece capacita\u00e7\u00e3o por meio de institui\u00e7\u00f5es parceiras, e proporciona oficinas para empreendedores locais.&#8221;<\/p>\n<p>C\u00e2mara ressalta ainda o desenvolvimento acelerado do munic\u00edpio. &#8220;O Festival impulsiona fortemente, assim como outros eventos que ocorrem em nossa cidade. Por exemplo, empreendedores locais t\u00eam crescido, aumentado seus neg\u00f3cios e desejam participar.&#8221;<\/p>\n<p>O setor imobili\u00e1rio tamb\u00e9m vive um forte aquecimento. &#8220;Somos um dos munic\u00edpios com maior quantidade de hospedagens, contando com cerca de 700 leitos em hot\u00e9is e pousadas para atender diferentes p\u00fablicos. Criamos diversos pacotes durante o ano para dinamicar a economia.&#8221;<\/p>\n<p>Entre as atra\u00e7\u00f5es do Festival de Inverno das Serras 2026 em Araruna, que se encerra nesta quinta-feira, 27, at\u00e9 domingo, 30, estar\u00e3o programadas oficinas de teatro, dan\u00e7a, fotografia, pintura, artesanato, a\u00e7\u00f5es ambientais como plantio de \u00e1rvores e reflorestamento, exposi\u00e7\u00f5es florais, cinema ao ar livre, feiras de gastronomia e artesanato, al\u00e9m de uma vasta programa\u00e7\u00e3o musical. Na quinta-feira, 27, as atra\u00e7\u00f5es incluem o Pastoril Felicidade, o grupo folcl\u00f3rico Arara\u00fanas, Pastoril, o m\u00fasico Anderson Aguiar e O Infinito Astral, Filarm\u00f4nica 12 de agosto. Na sexta-feira, 28, a partir das 20h, h\u00e1 apresenta\u00e7\u00e3o de Helinho Medeiros (acordeon), banda Selvagens \u00e0 Procura de Lei, Grupo Prima, Grupo Macambiras e Caronas do Opala com Val Donato. No s\u00e1bado, 29, Alan Persa, Parahyba Ska Jazz e Banda Tuaregs completam a agenda.<\/p>\n<p>A programa\u00e7\u00e3o completa pode ser acompanhada nas redes sociais via Instagram @curimataupb @prefeituradeararuna.<\/p>\n<p><em>Fonte: Portal Correio<\/em><\/p>\n","protected":false},"excerpt":{"rendered":"<p>O Festival de Inverno das Serras \u2013 FIS 2026, promovido pelo F\u00f3rum do Curimata\u00fa Paraibano encerra e edi\u00e7\u00e3o deste ano em Araruna, a capital da aventura na Para\u00edba. O munic\u00edpio fica a 115 quil\u00f4metros de Jo\u00e3o Pessoa e faz homenagem a Ant\u00f4nio Joaquim Pereira da Silva, escritor e jornalista nascido em Araruna, que se tornou [\u2026]<\/p>\n","protected":false},"author":6,"featured_media":320572,"comment_status":"closed","ping_status":"closed","sticky":false,"template":"","format":"standard","meta":{"sfsi_plus_gutenberg_text_before_share":"","sfsi_plus_gutenberg_show_text_before_share":"","sfsi_plus_gutenberg_icon_type":"","sfsi_plus_gutenberg_icon_alignemt":"","sfsi_plus_gutenburg_max_per_row":"","footnotes":""},"categories":[15],"tags":[],"class_list":["post-320571","post","type-post","status-publish","format-standard","has-post-thumbnail","hentry","category-cultura"],"_links":{"self":[{"href":"https:\/\/www.caririemacao.com\/1\/wp-json\/wp\/v2\/posts\/320571","targetHints":{"allow":["GET"]}}],"collection":[{"href":"https:\/\/www.caririemacao.com\/1\/wp-json\/wp\/v2\/posts"}],"about":[{"href":"https:\/\/www.caririemacao.com\/1\/wp-json\/wp\/v2\/types\/post"}],"author":[{"embeddable":true,"href":"https:\/\/www.caririemacao.com\/1\/wp-json\/wp\/v2\/users\/6"}],"replies":[{"embeddable":true,"href":"https:\/\/www.caririemacao.com\/1\/wp-json\/wp\/v2\/comments?post=320571"}],"version-history":[{"count":1,"href":"https:\/\/www.caririemacao.com\/1\/wp-json\/wp\/v2\/posts\/320571\/revisions"}],"predecessor-version":[{"id":320573,"href":"https:\/\/www.caririemacao.com\/1\/wp-json\/wp\/v2\/posts\/320571\/revisions\/320573"}],"wp:featuredmedia":[{"embeddable":true,"href":"https:\/\/www.caririemacao.com\/1\/wp-json\/wp\/v2\/media\/320572"}],"wp:attachment":[{"href":"https:\/\/www.caririemacao.com\/1\/wp-json\/wp\/v2\/media?parent=320571"}],"wp:term":[{"taxonomy":"category","embeddable":true,"href":"https:\/\/www.caririemacao.com\/1\/wp-json\/wp\/v2\/categories?post=320571"},{"taxonomy":"post_tag","embeddable":true,"href":"https:\/\/www.caririemacao.com\/1\/wp-json\/wp\/v2\/tags?post=320571"}],"curies":[{"name":"wp","href":"https:\/\/api.w.org\/{rel}","templated":true}]}}