{"id":320574,"date":"2026-08-26T18:28:11","date_gmt":"2026-08-26T21:28:11","guid":{"rendered":"https:\/\/www.caririemacao.com\/1\/?p=320574"},"modified":"2026-08-26T18:28:11","modified_gmt":"2026-08-26T21:28:11","slug":"cicero-lucena-visita-centro-de-acolhimento-para-pessoas-com-transtorno-do-espectro-autista-e-propoe-interiorizacao-de-servicos-na-paraiba","status":"publish","type":"post","link":"https:\/\/www.caririemacao.com\/1\/2026\/08\/26\/cicero-lucena-visita-centro-de-acolhimento-para-pessoas-com-transtorno-do-espectro-autista-e-propoe-interiorizacao-de-servicos-na-paraiba\/","title":{"rendered":"C\u00edcero Lucena visita centro de acolhimento para pessoas com Transtorno do Espectro Autista e prop\u00f5e interioriza\u00e7\u00e3o de servi\u00e7os na Para\u00edba"},"content":{"rendered":"<p>No estado da Para\u00edba, o candidato ao governador, C\u00edcero Lucena (MDB), fez visita a um instituto de acolhimento de pessoas com Transtorno do Espectro Autista (TEA) localizado em Campina Grande, no Agreste, nesta quarta-feira (26). Durante o encontro, o pol\u00edtico destacou a import\u00e2ncia de interiorizar os servi\u00e7os de acolhimento.<\/p>\n<p>Em entrevista para a TV Para\u00edba, Lucena afirmou que a expans\u00e3o desses servi\u00e7os pode ocorrer por meio de apoio ao terceiro setor, que ele descreve como &#8220;cuidar de quem cuida&#8221;.<\/p>\n<p>&#8220;Eu vejo como fundamental o Governo do Estado ter a consci\u00eancia do seu papel em rela\u00e7\u00e3o \u00e0 sociedade. Tem os clientes que s\u00e3o de obriga\u00e7\u00e3o do Governo do Estado estar junto, mas ele precisa ter a compreens\u00e3o que a forma dele aprimorar esse servi\u00e7o \u00e9 apoiando o terceiro setor, \u00e9 cuidando de quem cuida, porque dessa forma n\u00f3s vamos acolher pessoas com forma\u00e7\u00e3o, com amor \u00e0s causas e com a inten\u00e7\u00e3o de colaborar. O nosso projeto e a nossa vontade \u00e9 que exemplos como esse possam ser multiplicados pelo estado.&#8221;, comentou o candidato.<\/p>\n<p>Al\u00e9m disso, o candidato recordou que, durante seu per\u00edodo como prefeito de Jo\u00e3o Pessoa, laudos voltados para pessoas com TEA eram realizados de maneira \u00e1gil. Lucena manifestou o desejo de levar essa pr\u00e1tica para todo o estado, caso seja eleito.<\/p>\n<p>Na mesma quarta-feira (26), a agenda de C\u00edcero Lucena inclui um debate realizado em uma emissora de televis\u00e3o em Campina Grande.<\/p>\n<p><em>Fonte: G1 Para\u00edba<\/em><\/p>\n","protected":false},"excerpt":{"rendered":"<p>C\u00edcero Lucena visita instituto de acolhimento de pessoas com TEA e fala em interiorizar servi\u00e7os na PB TV Para\u00edba Candidato ao governo da Para\u00edba, C\u00edcero Lucena (MDB), participou de agenda de campanha em um instituto de acolhimento de pessoas com Transtorno do Espectro Autista (TEA), em Campina Grande, no Agreste, nesta quarta-feira (26). No encontro, ele falou em interiozar os servi\u00e7os de acolhimento. &#x2705; Clique aqui para seguir o canal do g1 PB no WhatsApp Em entrevista para a TV Para\u00edba, o candidato disse que essa expans\u00e3o de servi\u00e7os de acolhimento pode acontecer por meio de apoio ao terceiro setor, no que ele diz ser um &#8220;cuidar de quem cuida&#8221;. &#8220;Eu vejo como fundamental o Governo do Estado ter a consci\u00eancia do seu papel em rela\u00e7\u00e3o \u00e0 sociedade. Tem os clientes que s\u00e3o de obriga\u00e7\u00e3o do Governo do Estado estar junto, mas ele precisa ter a compreens\u00e3o que a forma dele aprimorar esse servi\u00e7o \u00e9 apoiando o terceiro setor, \u00e9 cuidando de quem cuida, porque dessa forma n\u00f3s vamos acolher pessoas com forma\u00e7\u00e3o, com amor \u00e0s causas e com a inten\u00e7\u00e3o de colaborar. O nosso projeto e a nossa vontade \u00e9 que exemplos como esse possam ser multiplicados pelo estado. N\u00f3s temos propostas para interiorizar essas a\u00e7\u00f5es&#8221;, ressaltou. O candidato disse tamb\u00e9m que na Prefeitura de Jo\u00e3o Pessoa, quando era prefeito, laudos voltados para pessoas com TEA eram feitos de forma \u00e1gil. Ele diz querer tamb\u00e9m expandir essa pr\u00e1tica para o estado, caso seja eleito. Ainda nesta quarta-feira (26), a agenda de C\u00edcero Lucena nclui um debate em uma emissora de televis\u00e3o em Campina Grande. Agora no g1 V\u00eddeos mais assistidos do g1 Para\u00edba<\/p>\n","protected":false},"author":0,"featured_media":320575,"comment_status":"closed","ping_status":"closed","sticky":false,"template":"","format":"standard","meta":{"sfsi_plus_gutenberg_text_before_share":"","sfsi_plus_gutenberg_show_text_before_share":"","sfsi_plus_gutenberg_icon_type":"","sfsi_plus_gutenberg_icon_alignemt":"","sfsi_plus_gutenburg_max_per_row":"","footnotes":""},"categories":[104],"tags":[],"class_list":["post-320574","post","type-post","status-publish","format-standard","has-post-thumbnail","hentry","category-paraiba"],"_links":{"self":[{"href":"https:\/\/www.caririemacao.com\/1\/wp-json\/wp\/v2\/posts\/320574","targetHints":{"allow":["GET"]}}],"collection":[{"href":"https:\/\/www.caririemacao.com\/1\/wp-json\/wp\/v2\/posts"}],"about":[{"href":"https:\/\/www.caririemacao.com\/1\/wp-json\/wp\/v2\/types\/post"}],"replies":[{"embeddable":true,"href":"https:\/\/www.caririemacao.com\/1\/wp-json\/wp\/v2\/comments?post=320574"}],"version-history":[{"count":1,"href":"https:\/\/www.caririemacao.com\/1\/wp-json\/wp\/v2\/posts\/320574\/revisions"}],"predecessor-version":[{"id":320576,"href":"https:\/\/www.caririemacao.com\/1\/wp-json\/wp\/v2\/posts\/320574\/revisions\/320576"}],"wp:featuredmedia":[{"embeddable":true,"href":"https:\/\/www.caririemacao.com\/1\/wp-json\/wp\/v2\/media\/320575"}],"wp:attachment":[{"href":"https:\/\/www.caririemacao.com\/1\/wp-json\/wp\/v2\/media?parent=320574"}],"wp:term":[{"taxonomy":"category","embeddable":true,"href":"https:\/\/www.caririemacao.com\/1\/wp-json\/wp\/v2\/categories?post=320574"},{"taxonomy":"post_tag","embeddable":true,"href":"https:\/\/www.caririemacao.com\/1\/wp-json\/wp\/v2\/tags?post=320574"}],"curies":[{"name":"wp","href":"https:\/\/api.w.org\/{rel}","templated":true}]}}