{"id":320583,"date":"2026-08-27T06:00:59","date_gmt":"2026-08-27T09:00:59","guid":{"rendered":"https:\/\/www.caririemacao.com\/1\/?p=320583"},"modified":"2026-08-27T10:14:12","modified_gmt":"2026-08-27T13:14:12","slug":"prefeito-genivaldo-temborio-abre-xii-expoprata-e-destaca-avancos-do-evento","status":"publish","type":"post","link":"https:\/\/www.caririemacao.com\/1\/2026\/08\/27\/prefeito-genivaldo-temborio-abre-xii-expoprata-e-destaca-avancos-do-evento\/","title":{"rendered":"Prefeito Genivaldo Temb\u00f3rio abre XII ExpoPrata e destaca avan\u00e7os do evento"},"content":{"rendered":"<p>O prefeito Genivaldo Temb\u00f3rio abriu oficialmente a XII ExpoPrata, durante cerim\u00f4nia realizada no munic\u00edpio de Prata. Em seu discurso, o gestor destacou os avan\u00e7os alcan\u00e7ados pelo evento nos \u00faltimos anos, o crescimento da estrutura e os investimentos destinados ao fortalecimento da agropecu\u00e1ria e dos produtores.<\/p>\n<p>Genivaldo lembrou que, em 2022, a ExpoPrata enfrentou o desafio da retomada ap\u00f3s a pandemia, inicialmente com recursos pr\u00f3prios e posteriormente com o fortalecimento de parcerias, entre elas o Sebrae. Desde ent\u00e3o, segundo o prefeito, o evento vem crescendo a cada edi\u00e7\u00e3o.<\/p>\n<p>Os n\u00fameros demonstram essa evolu\u00e7\u00e3o. A XII ExpoPrata re\u00fane mais de 20 estandes, mais de 300 currais e cerca de 2 mil animais, al\u00e9m de uma premia\u00e7\u00e3o superior a R$ 220 mil. A procura de expositores tamb\u00e9m aumentou, chegando ao limite dos espa\u00e7os disponibilizados nesta edi\u00e7\u00e3o.<\/p>\n<p><img fetchpriority=\"high\" decoding=\"async\" class=\" wp-image-320585 aligncenter\" src=\"https:\/\/www.caririemacao.com\/1\/wp-content\/uploads\/2026\/08\/WhatsApp-Image-2026-08-26-at-23.00.10-1-300x140.jpeg\" alt=\"\" width=\"394\" height=\"184\" srcset=\"https:\/\/www.caririemacao.com\/1\/wp-content\/uploads\/2026\/08\/WhatsApp-Image-2026-08-26-at-23.00.10-1-300x140.jpeg 300w, https:\/\/www.caririemacao.com\/1\/wp-content\/uploads\/2026\/08\/WhatsApp-Image-2026-08-26-at-23.00.10-1-768x358.jpeg 768w, https:\/\/www.caririemacao.com\/1\/wp-content\/uploads\/2026\/08\/WhatsApp-Image-2026-08-26-at-23.00.10-1.jpeg 1280w\" sizes=\"(max-width: 394px) 100vw, 394px\" \/><\/p>\n<p>Outro destaque \u00e9 a realiza\u00e7\u00e3o da primeira Nacional da ra\u00e7a Murciana Granadina, com a presen\u00e7a de um juiz vindo da Espanha para participar dos julgamentos. Durante a abertura, o prefeito ressaltou a qualidade gen\u00e9tica dos animais e a import\u00e2ncia dos investimentos para estimular criadores e fortalecer a atividade produtiva.<\/p>\n<p>Genivaldo Temb\u00f3rio tamb\u00e9m refor\u00e7ou que a gest\u00e3o tem priorizado recursos para a caprinocultura, pecu\u00e1ria e valoriza\u00e7\u00e3o dos produtores, buscando fazer a ExpoPrata crescer sem deixar de investir diretamente no setor.<\/p>\n<p>Al\u00e9m das atividades agropecu\u00e1rias, o evento conta com programa\u00e7\u00e3o cultural e musical, incluindo forr\u00f3 p\u00e9 de serra, programa\u00e7\u00e3o gospel, artistas regionais e show de Mano Walter no s\u00e1bado.<\/p>\n<p>Realizada pela Prefeitura Municipal de Prata, a XII ExpoPrata segue at\u00e9 domingo, reunindo produtores, criadores, expositores e visitantes e movimentando a economia do munic\u00edpio e de toda a regi\u00e3o.<\/p>\n<p><strong>Cariri em A\u00e7\u00e3o<\/strong><\/p>\n","protected":false},"excerpt":{"rendered":"<p>O prefeito Genivaldo Temb\u00f3rio abriu oficialmente a XII ExpoPrata, durante cerim\u00f4nia realizada no munic\u00edpio de Prata. Em seu discurso, o gestor destacou os avan\u00e7os alcan\u00e7ados pelo evento nos \u00faltimos anos, o crescimento da estrutura e os investimentos destinados ao fortalecimento da agropecu\u00e1ria e dos produtores. Genivaldo lembrou que, em 2022, a ExpoPrata enfrentou o desafio da retomada ap\u00f3s a pandemia, inicialmente com recursos pr\u00f3prios e posteriormente com o fortalecimento de parcerias, entre elas o Sebrae. Desde ent\u00e3o, segundo o prefeito, o evento vem crescendo a cada edi\u00e7\u00e3o. Os n\u00fameros demonstram essa evolu\u00e7\u00e3o. A XII ExpoPrata re\u00fane mais de 20 estandes, mais de 300 currais e cerca de 2 mil animais, al\u00e9m de uma premia\u00e7\u00e3o superior a R$ 220 mil. A procura de expositores tamb\u00e9m aumentou, chegando ao limite dos espa\u00e7os disponibilizados nesta edi\u00e7\u00e3o. Outro destaque \u00e9 a realiza\u00e7\u00e3o da primeira Nacional da ra\u00e7a Murciana Granadina, com a presen\u00e7a de um juiz vindo da Espanha para participar dos julgamentos. Durante a abertura, o prefeito ressaltou a qualidade gen\u00e9tica dos animais e a import\u00e2ncia dos investimentos para estimular criadores e fortalecer a atividade produtiva. Genivaldo Temb\u00f3rio tamb\u00e9m refor\u00e7ou que a gest\u00e3o tem priorizado recursos para a caprinocultura, pecu\u00e1ria e valoriza\u00e7\u00e3o dos produtores, buscando fazer a ExpoPrata crescer sem deixar de investir diretamente no setor. Al\u00e9m das atividades agropecu\u00e1rias, o evento conta com programa\u00e7\u00e3o cultural e musical, incluindo forr\u00f3 p\u00e9 de serra, programa\u00e7\u00e3o gospel, artistas regionais e show de Mano Walter no s\u00e1bado. Realizada pela Prefeitura Municipal de Prata, a XII ExpoPrata segue at\u00e9 domingo, reunindo produtores, criadores, expositores e visitantes e movimentando a economia do munic\u00edpio e de toda a regi\u00e3o. Cariri em A\u00e7\u00e3o<\/p>\n","protected":false},"author":6,"featured_media":320584,"comment_status":"closed","ping_status":"closed","sticky":false,"template":"","format":"standard","meta":{"sfsi_plus_gutenberg_text_before_share":"","sfsi_plus_gutenberg_show_text_before_share":"","sfsi_plus_gutenberg_icon_type":"","sfsi_plus_gutenberg_icon_alignemt":"","sfsi_plus_gutenburg_max_per_row":"","footnotes":""},"categories":[6],"tags":[],"class_list":["post-320583","post","type-post","status-publish","format-standard","has-post-thumbnail","hentry","category-cidades"],"_links":{"self":[{"href":"https:\/\/www.caririemacao.com\/1\/wp-json\/wp\/v2\/posts\/320583","targetHints":{"allow":["GET"]}}],"collection":[{"href":"https:\/\/www.caririemacao.com\/1\/wp-json\/wp\/v2\/posts"}],"about":[{"href":"https:\/\/www.caririemacao.com\/1\/wp-json\/wp\/v2\/types\/post"}],"author":[{"embeddable":true,"href":"https:\/\/www.caririemacao.com\/1\/wp-json\/wp\/v2\/users\/6"}],"replies":[{"embeddable":true,"href":"https:\/\/www.caririemacao.com\/1\/wp-json\/wp\/v2\/comments?post=320583"}],"version-history":[{"count":1,"href":"https:\/\/www.caririemacao.com\/1\/wp-json\/wp\/v2\/posts\/320583\/revisions"}],"predecessor-version":[{"id":320586,"href":"https:\/\/www.caririemacao.com\/1\/wp-json\/wp\/v2\/posts\/320583\/revisions\/320586"}],"wp:featuredmedia":[{"embeddable":true,"href":"https:\/\/www.caririemacao.com\/1\/wp-json\/wp\/v2\/media\/320584"}],"wp:attachment":[{"href":"https:\/\/www.caririemacao.com\/1\/wp-json\/wp\/v2\/media?parent=320583"}],"wp:term":[{"taxonomy":"category","embeddable":true,"href":"https:\/\/www.caririemacao.com\/1\/wp-json\/wp\/v2\/categories?post=320583"},{"taxonomy":"post_tag","embeddable":true,"href":"https:\/\/www.caririemacao.com\/1\/wp-json\/wp\/v2\/tags?post=320583"}],"curies":[{"name":"wp","href":"https:\/\/api.w.org\/{rel}","templated":true}]}}