{"id":320590,"date":"2026-08-27T09:12:37","date_gmt":"2026-08-27T12:12:37","guid":{"rendered":"https:\/\/www.caririemacao.com\/1\/?p=320590"},"modified":"2026-08-27T10:15:05","modified_gmt":"2026-08-27T13:15:05","slug":"ufpb-lanca-programa-gratuito-de-oficinas-literarias-voltado-a-jovens-escritoras-de-areas-perifericas","status":"publish","type":"post","link":"https:\/\/www.caririemacao.com\/1\/2026\/08\/27\/ufpb-lanca-programa-gratuito-de-oficinas-literarias-voltado-a-jovens-escritoras-de-areas-perifericas\/","title":{"rendered":"UFPB lan\u00e7a programa gratuito de oficinas liter\u00e1rias voltado a jovens escritoras de \u00e1reas perif\u00e9ricas"},"content":{"rendered":"<p>Parte da Universidade Federal da Para\u00edba (UFPB) est\u00e1 preparando oficinas liter\u00e1rias gratuitas destinadas a mulheres perif\u00e9ricas com idade entre 17 e 30 anos.<\/p>\n<p>A inscri\u00e7\u00e3o para o programa pode ser realizada at\u00e9 31 de agosto, exclusivamente por meio de internet.<\/p>\n<p>O objetivo principal da iniciativa \u00e9 fomentar a escrita liter\u00e1ria de jovens escritoras que habitam territ\u00f3rios perif\u00e9ricos.<\/p>\n<p>Ser\u00e3o realizados 12 encontros remotos, ocorridos entre setembro e dezembro, sempre nas quartas-feiras, das 19h \u00e0s 21h30.<\/p>\n<p>A ministrante respons\u00e1vel ser\u00e1 Ana Carolina Lemos, professora de Ci\u00eancias da Linguagem e autora de livros infantojuvenis lan\u00e7ados pelas editoras Ciranda Cultural, Paulus e Suinara.<\/p>\n<p>Esta iniciativa pertence ao Grupo Agreste-PB: Literaturas e Pesquisas Sociais Perif\u00e9ricas, localizado no Departamento de Ci\u00eancias Sociais (DCS) da UFPB.<\/p>\n<p>&lt;\/===<\/p>\n<p><em>Fonte: G1 Para\u00edba<\/em><\/p>\n","protected":false},"excerpt":{"rendered":"<p>Parte da Universidade Federal da Para\u00edba (UFPB) Divulga\u00e7\u00e3o\/UFPB Um projeto de extens\u00e3o da Universidade Federal da Para\u00edba (UFPB) vai oferecer oficinas liter\u00e1rias gratuitas para mulheres perif\u00e9ricas de 17 a 30 anos. As inscri\u00e7\u00f5es podem ser feitas at\u00e9 o dia 31 de agosto, pela internet. &#x2705; Clique aqui para seguir o canal do g1 PB no WhatsApp A oficina tem como objetivo promover a escrita liter\u00e1ria de jovens escritoras que vivem em territ\u00f3rios perif\u00e9ricos. Ser\u00e3o 12 encontros remotos, realizados entre setembro e dezembro, sempre \u00e0s quartas-feiras, das 19h \u00e0s 21h30. A ministrante ser\u00e1 Ana Carolina Lemos, mestre em Ci\u00eancias da Linguagem e autora de livros infantojuvenis publicados por editoras como Ciranda Cultural, Paulus e Suinara. A iniciativa \u00e9 do Grupo Agreste-PB: Literaturas e Pesquisas Sociais Perif\u00e9ricas, sediado no Departamento de Ci\u00eancias Sociais (DCS) da UFPB. Agora no g1 V\u00eddeos mais assistidos do g1 Para\u00edba<\/p>\n","protected":false},"author":6,"featured_media":320591,"comment_status":"closed","ping_status":"closed","sticky":false,"template":"","format":"standard","meta":{"sfsi_plus_gutenberg_text_before_share":"","sfsi_plus_gutenberg_show_text_before_share":"","sfsi_plus_gutenberg_icon_type":"","sfsi_plus_gutenberg_icon_alignemt":"","sfsi_plus_gutenburg_max_per_row":"","footnotes":""},"categories":[14],"tags":[],"class_list":["post-320590","post","type-post","status-publish","format-standard","has-post-thumbnail","hentry","category-educacao"],"_links":{"self":[{"href":"https:\/\/www.caririemacao.com\/1\/wp-json\/wp\/v2\/posts\/320590","targetHints":{"allow":["GET"]}}],"collection":[{"href":"https:\/\/www.caririemacao.com\/1\/wp-json\/wp\/v2\/posts"}],"about":[{"href":"https:\/\/www.caririemacao.com\/1\/wp-json\/wp\/v2\/types\/post"}],"author":[{"embeddable":true,"href":"https:\/\/www.caririemacao.com\/1\/wp-json\/wp\/v2\/users\/6"}],"replies":[{"embeddable":true,"href":"https:\/\/www.caririemacao.com\/1\/wp-json\/wp\/v2\/comments?post=320590"}],"version-history":[{"count":1,"href":"https:\/\/www.caririemacao.com\/1\/wp-json\/wp\/v2\/posts\/320590\/revisions"}],"predecessor-version":[{"id":320592,"href":"https:\/\/www.caririemacao.com\/1\/wp-json\/wp\/v2\/posts\/320590\/revisions\/320592"}],"wp:featuredmedia":[{"embeddable":true,"href":"https:\/\/www.caririemacao.com\/1\/wp-json\/wp\/v2\/media\/320591"}],"wp:attachment":[{"href":"https:\/\/www.caririemacao.com\/1\/wp-json\/wp\/v2\/media?parent=320590"}],"wp:term":[{"taxonomy":"category","embeddable":true,"href":"https:\/\/www.caririemacao.com\/1\/wp-json\/wp\/v2\/categories?post=320590"},{"taxonomy":"post_tag","embeddable":true,"href":"https:\/\/www.caririemacao.com\/1\/wp-json\/wp\/v2\/tags?post=320590"}],"curies":[{"name":"wp","href":"https:\/\/api.w.org\/{rel}","templated":true}]}}