{"id":320593,"date":"2026-08-27T09:13:03","date_gmt":"2026-08-27T12:13:03","guid":{"rendered":"https:\/\/www.caririemacao.com\/1\/?p=320593"},"modified":"2026-08-27T09:13:03","modified_gmt":"2026-08-27T12:13:03","slug":"homem-preso-por-violencia-domestica-morde-policial-militar-durante-detencao-em-cajazeiras","status":"publish","type":"post","link":"https:\/\/www.caririemacao.com\/1\/2026\/08\/27\/homem-preso-por-violencia-domestica-morde-policial-militar-durante-detencao-em-cajazeiras\/","title":{"rendered":"Homem preso por viol\u00eancia dom\u00e9stica morde policial militar durante deten\u00e7\u00e3o em Cajazeiras"},"content":{"rendered":"<p>Imagem divulgada pela Pol\u00edcia Militar de Cajazeiras<\/p>\n<p>Uma opera\u00e7\u00e3o policial resultou na pris\u00e3o de um homem por viol\u00eancia dom\u00e9stica cometida contra sua companheira, ocorrida no in\u00edcio da semana. No momento da captura, o indiv\u00edduo resistiu e sofreu les\u00f5es nas m\u00e3os ao tentar fugir. <\/p>\n<p>O servi\u00e7o de pol\u00edcia foi acionado via Ciop na segunda-feira (24), ap\u00f3s ser reportada a agress\u00e3o que levou a mulher a ser arrastada para a rua pelo pr\u00f3prio companheiro. Ela foi socorrida por vizinhos no bairro Rem\u00e9dios. <a href=\"https:\/\/www.youtube.com\/@TVCorreioOficial\"><\/a><\/p>\n<p>Durante a pris\u00e3o, o r\u00e9u apresentou ferimentos nas palmas devido \u00e0 confus\u00e3o gerada pela tentativa de evas\u00e3o. Na delegacia, as algemas foram ajustadas e o servi\u00e7o de bombeiros e SAMU foram acionados por sintomas respirat\u00f3rios. De acordo com a pol\u00edcia, um dos agentes tamb\u00e9m ficou ferido quando mordido pelo suspeito. <\/p>\n<p>A v\u00edtima afirmou que seu parceiro \u00e9 usu\u00e1rio de subst\u00e2ncias e que as agress\u00f5es s\u00e3o recorrentes. <\/p>\n<p><strong><a href=\"https:\/\/whatsapp.com\/channel\/0029VaM11seEFeXpuU94Sz2i\" target=\"_blank\" rel=\"noopener\"><\/a><\/strong><\/p>\n<p><em>Fonte: Portal Correio<\/em><\/p>\n","protected":false},"excerpt":{"rendered":"<p>Uma a\u00e7\u00e3o da Pol\u00edcia Militar de Cajazeiras prendeu um homem por viol\u00eancia dom\u00e9stica contra a companheira no in\u00edcio da semana e, durante a pris\u00e3o, tentou reagir e acabou mordento um dos policiais. A PM foi acionada via Ciop, na segunda-feira (24), ap\u00f3s receber informa\u00e7\u00f5es de que uma mulher havia sido agredida dentro de casa e [\u2026]<\/p>\n","protected":false},"author":0,"featured_media":320594,"comment_status":"closed","ping_status":"closed","sticky":false,"template":"","format":"standard","meta":{"sfsi_plus_gutenberg_text_before_share":"","sfsi_plus_gutenberg_show_text_before_share":"","sfsi_plus_gutenberg_icon_type":"","sfsi_plus_gutenberg_icon_alignemt":"","sfsi_plus_gutenburg_max_per_row":"","footnotes":""},"categories":[12],"tags":[],"class_list":["post-320593","post","type-post","status-publish","format-standard","has-post-thumbnail","hentry","category-policia"],"_links":{"self":[{"href":"https:\/\/www.caririemacao.com\/1\/wp-json\/wp\/v2\/posts\/320593","targetHints":{"allow":["GET"]}}],"collection":[{"href":"https:\/\/www.caririemacao.com\/1\/wp-json\/wp\/v2\/posts"}],"about":[{"href":"https:\/\/www.caririemacao.com\/1\/wp-json\/wp\/v2\/types\/post"}],"replies":[{"embeddable":true,"href":"https:\/\/www.caririemacao.com\/1\/wp-json\/wp\/v2\/comments?post=320593"}],"version-history":[{"count":1,"href":"https:\/\/www.caririemacao.com\/1\/wp-json\/wp\/v2\/posts\/320593\/revisions"}],"predecessor-version":[{"id":320595,"href":"https:\/\/www.caririemacao.com\/1\/wp-json\/wp\/v2\/posts\/320593\/revisions\/320595"}],"wp:featuredmedia":[{"embeddable":true,"href":"https:\/\/www.caririemacao.com\/1\/wp-json\/wp\/v2\/media\/320594"}],"wp:attachment":[{"href":"https:\/\/www.caririemacao.com\/1\/wp-json\/wp\/v2\/media?parent=320593"}],"wp:term":[{"taxonomy":"category","embeddable":true,"href":"https:\/\/www.caririemacao.com\/1\/wp-json\/wp\/v2\/categories?post=320593"},{"taxonomy":"post_tag","embeddable":true,"href":"https:\/\/www.caririemacao.com\/1\/wp-json\/wp\/v2\/tags?post=320593"}],"curies":[{"name":"wp","href":"https:\/\/api.w.org\/{rel}","templated":true}]}}