{"id":320599,"date":"2026-08-27T10:12:40","date_gmt":"2026-08-27T13:12:40","guid":{"rendered":"https:\/\/www.caririemacao.com\/1\/?p=320599"},"modified":"2026-08-27T10:14:41","modified_gmt":"2026-08-27T13:14:41","slug":"passeio-noturno-imersivo-reveja-historias-do-centro-cultural-sao-francisco-inicio-em-4-de-setembro","status":"publish","type":"post","link":"https:\/\/www.caririemacao.com\/1\/2026\/08\/27\/passeio-noturno-imersivo-reveja-historias-do-centro-cultural-sao-francisco-inicio-em-4-de-setembro\/","title":{"rendered":"Passeio Noturno Imersivo Reveja Hist\u00f3rias do Centro Cultural S\u00e3o Francisco &#8211; In\u00edcio em 4 de Setembro"},"content":{"rendered":"<p>O Centro Cultural S\u00e3o Francisco, situado no Centro Hist\u00f3rico de Jo\u00e3o Pessoa, est\u00e1 preparado para oferecer uma experi\u00eancia \u00fanica para entusiastas de hist\u00f3ria, teatro e mist\u00e9rio. A partir de 4 de setembro, o p\u00fablico poder\u00e1 assistir ao Mist\u00e9rios do S\u00e3o Francisco, um passeio teatral noturno e imersivo que visa transformar o hist\u00f3rico complexo em cen\u00e1rio para uma jornada pelo imagin\u00e1rio e pelas mem\u00f3rias do antigo convento.<\/p>\n<p>Durante a visita, o p\u00fablico ser\u00e1 guiado por atores do grupo Baob\u00e1 Criativo, que assumir\u00e3o pap\u00e9is e contar\u00e1n hist\u00f3rias baseadas nas lendas e relatos que envolvem o espa\u00e7o.<\/p>\n<p>A proposta busca revelar o patrim\u00f4nio sob uma nova \u00f3tica, combinando interpreta\u00e7\u00e3o c\u00eanica, elementos hist\u00f3ricos e tradi\u00e7\u00f5es orais.<\/p>\n<p>No decorrer do percurso, que ocorre \u00e0 noite, os participantes navegar\u00e3o por diversos ambientes, enquanto as cenas e narrativas aproximam-os das hist\u00f3rias inerentes ao local.<\/p>\n<p>O projeto tamb\u00e9m incorpora relatos associados \u00e0 mem\u00f3ria do pr\u00f3prio Centro Cultural S\u00e3o Francisco, incluindo narrativas geradas a partir de vivencias de profissionais que trabalharam ou j\u00e1 utilizaram o espa\u00e7o.<\/p>\n<p>As visitas ser\u00e3o organizadas em grupos restritos, com aproximadamente 30 pessoas por sess\u00e3o, garantindo uma experi\u00eancia mais \u00edntima e imersiva.<\/p>\n<p>Os canais de inscri\u00e7\u00e3o e compras est\u00e3o dispon\u00edveis no perfil oficial do Centro Cultural S\u00e3o Francisco.<\/p>\n<p><div class=\"ose-wrapper ose-uid-f8fabec9f26ee499867b6913816aeb85 ose-embedpress-responsive\" style=\"width:600px; height:550px; max-height:550px; max-width:100%; display:inline-block;\" data-embed-type=\"SelfHosted\"><iframe allowFullScreen=\"true\" width=\"600\" height=\"550\" src=\"https:\/\/whatsapp.com\/channel\/0029VaM11seEFeXpuU94Sz2i\" > <\/iframe><\/div><\/p>\n<p><em>Fonte: Portal Correio<\/em><\/p>\n","protected":false},"excerpt":{"rendered":"<p>O Centro Cultural S\u00e3o Francisco, no Centro Hist\u00f3rico de Jo\u00e3o Pessoa, j\u00e1 tem data para receber uma experi\u00eancia diferente para quem gosta de hist\u00f3ria, teatro e mist\u00e9rio. A partir de 4 de setembro, o p\u00fablico poder\u00e1 participar do Mist\u00e9rios do S\u00e3o Francisco, um passeio teatral noturno e imersivo que promete transformar o hist\u00f3rico complexo em [\u2026]<\/p>\n","protected":false},"author":6,"featured_media":320600,"comment_status":"closed","ping_status":"closed","sticky":false,"template":"","format":"standard","meta":{"sfsi_plus_gutenberg_text_before_share":"","sfsi_plus_gutenberg_show_text_before_share":"","sfsi_plus_gutenberg_icon_type":"","sfsi_plus_gutenberg_icon_alignemt":"","sfsi_plus_gutenburg_max_per_row":"","footnotes":""},"categories":[15],"tags":[],"class_list":["post-320599","post","type-post","status-publish","format-standard","has-post-thumbnail","hentry","category-cultura"],"_links":{"self":[{"href":"https:\/\/www.caririemacao.com\/1\/wp-json\/wp\/v2\/posts\/320599","targetHints":{"allow":["GET"]}}],"collection":[{"href":"https:\/\/www.caririemacao.com\/1\/wp-json\/wp\/v2\/posts"}],"about":[{"href":"https:\/\/www.caririemacao.com\/1\/wp-json\/wp\/v2\/types\/post"}],"author":[{"embeddable":true,"href":"https:\/\/www.caririemacao.com\/1\/wp-json\/wp\/v2\/users\/6"}],"replies":[{"embeddable":true,"href":"https:\/\/www.caririemacao.com\/1\/wp-json\/wp\/v2\/comments?post=320599"}],"version-history":[{"count":1,"href":"https:\/\/www.caririemacao.com\/1\/wp-json\/wp\/v2\/posts\/320599\/revisions"}],"predecessor-version":[{"id":320601,"href":"https:\/\/www.caririemacao.com\/1\/wp-json\/wp\/v2\/posts\/320599\/revisions\/320601"}],"wp:featuredmedia":[{"embeddable":true,"href":"https:\/\/www.caririemacao.com\/1\/wp-json\/wp\/v2\/media\/320600"}],"wp:attachment":[{"href":"https:\/\/www.caririemacao.com\/1\/wp-json\/wp\/v2\/media?parent=320599"}],"wp:term":[{"taxonomy":"category","embeddable":true,"href":"https:\/\/www.caririemacao.com\/1\/wp-json\/wp\/v2\/categories?post=320599"},{"taxonomy":"post_tag","embeddable":true,"href":"https:\/\/www.caririemacao.com\/1\/wp-json\/wp\/v2\/tags?post=320599"}],"curies":[{"name":"wp","href":"https:\/\/api.w.org\/{rel}","templated":true}]}}