{"id":320602,"date":"2026-08-27T10:15:57","date_gmt":"2026-08-27T13:15:57","guid":{"rendered":"https:\/\/www.caririemacao.com\/1\/?p=320602"},"modified":"2026-08-27T10:33:31","modified_gmt":"2026-08-27T13:33:31","slug":"morte-precoce-de-crianca-causa-comocao-em-sume-e-regiao","status":"publish","type":"post","link":"https:\/\/www.caririemacao.com\/1\/2026\/08\/27\/morte-precoce-de-crianca-causa-comocao-em-sume-e-regiao\/","title":{"rendered":"Morte precoce de crian\u00e7a causa como\u00e7\u00e3o em Sum\u00e9 e regi\u00e3o"},"content":{"rendered":"<p>Uma onda de tristeza e como\u00e7\u00e3o tomou conta do munic\u00edpio de Sum\u00e9 e da zona rural da regi\u00e3o ap\u00f3s a morte precoce do pequeno Marcos Vinicius da Silva Alves. A partida repentina da crian\u00e7a provocou grande abalo entre familiares, amigos e moradores da comunidade.<\/p>\n<p>Segundo informa\u00e7\u00f5es preliminares, Marcos Vinicius vinha enfrentando um quadro de gripe. Apesar dos cuidados, o estado de sa\u00fade da crian\u00e7a evoluiu para o \u00f3bito. As circunst\u00e2ncias da morte n\u00e3o foram detalhadas.<\/p>\n<p>A not\u00edcia causou forte repercuss\u00e3o entre moradores de Sum\u00e9 e comunidades rurais, que manifestaram solidariedade \u00e0 fam\u00edlia neste momento de dor.<\/p>\n<h2>Vel\u00f3rio e sepultamento<\/h2>\n<p>De acordo com nota de falecimento divulgada pela empresa de servi\u00e7os funer\u00e1rios L\u00e1zaro, o corpo da crian\u00e7a est\u00e1 sendo velado na resid\u00eancia da fam\u00edlia, localizada no S\u00edtio Concei\u00e7\u00e3o, na zona rural de Sum\u00e9.<\/p>\n<p>O cortejo f\u00fanebre e o sepultamento est\u00e3o previstos para esta quinta-feira, \u00e0s 17h, no Cemit\u00e9rio de Sum\u00e9.<\/p>\n<p>Nas redes sociais, amigos e moradores prestaram homenagens e manifestaram solidariedade aos pais e demais familiares, lamentando a perda precoce da crian\u00e7a.<\/p>\n<p>A comunidade se une \u00e0 fam\u00edlia de Marcos Vinicius neste momento de profunda dor e luto.<\/p>\n<p>&nbsp;<\/p>\n<p><strong>CARIRI EM A\u00c7\u00c3O<\/strong><\/p>\n<p><em>Com Di\u00e1rio da Para\u00edba<\/em><\/p>\n","protected":false},"excerpt":{"rendered":"<p>Uma onda de tristeza e como\u00e7\u00e3o tomou conta do munic\u00edpio de Sum\u00e9 e da zona rural da regi\u00e3o ap\u00f3s a morte precoce do pequeno Marcos Vinicius da Silva Alves. A partida repentina da crian\u00e7a provocou grande abalo entre familiares, amigos e moradores da comunidade. Segundo informa\u00e7\u00f5es preliminares, Marcos Vinicius vinha enfrentando um quadro de gripe. Apesar dos cuidados, o estado de sa\u00fade da crian\u00e7a evoluiu para o \u00f3bito. As circunst\u00e2ncias da morte n\u00e3o foram detalhadas. A not\u00edcia causou forte repercuss\u00e3o entre moradores de Sum\u00e9 e comunidades rurais, que manifestaram solidariedade \u00e0 fam\u00edlia neste momento de dor. Vel\u00f3rio e sepultamento De acordo com nota de falecimento divulgada pela empresa de servi\u00e7os funer\u00e1rios L\u00e1zaro, o corpo da crian\u00e7a est\u00e1 sendo velado na resid\u00eancia da fam\u00edlia, localizada no S\u00edtio Concei\u00e7\u00e3o, na zona rural de Sum\u00e9. O cortejo f\u00fanebre e o sepultamento est\u00e3o previstos para esta quinta-feira, \u00e0s 17h, no Cemit\u00e9rio de Sum\u00e9. Nas redes sociais, amigos e moradores prestaram homenagens e manifestaram solidariedade aos pais e demais familiares, lamentando a perda precoce da crian\u00e7a. A comunidade se une \u00e0 fam\u00edlia de Marcos Vinicius neste momento de profunda dor e luto. &nbsp; CARIRI EM A\u00c7\u00c3O Com Di\u00e1rio da Para\u00edba<\/p>\n","protected":false},"author":6,"featured_media":295814,"comment_status":"closed","ping_status":"closed","sticky":false,"template":"","format":"standard","meta":{"sfsi_plus_gutenberg_text_before_share":"","sfsi_plus_gutenberg_show_text_before_share":"","sfsi_plus_gutenberg_icon_type":"","sfsi_plus_gutenberg_icon_alignemt":"","sfsi_plus_gutenburg_max_per_row":"","footnotes":""},"categories":[106],"tags":[],"class_list":["post-320602","post","type-post","status-publish","format-standard","has-post-thumbnail","hentry","category-cariri"],"_links":{"self":[{"href":"https:\/\/www.caririemacao.com\/1\/wp-json\/wp\/v2\/posts\/320602","targetHints":{"allow":["GET"]}}],"collection":[{"href":"https:\/\/www.caririemacao.com\/1\/wp-json\/wp\/v2\/posts"}],"about":[{"href":"https:\/\/www.caririemacao.com\/1\/wp-json\/wp\/v2\/types\/post"}],"author":[{"embeddable":true,"href":"https:\/\/www.caririemacao.com\/1\/wp-json\/wp\/v2\/users\/6"}],"replies":[{"embeddable":true,"href":"https:\/\/www.caririemacao.com\/1\/wp-json\/wp\/v2\/comments?post=320602"}],"version-history":[{"count":1,"href":"https:\/\/www.caririemacao.com\/1\/wp-json\/wp\/v2\/posts\/320602\/revisions"}],"predecessor-version":[{"id":320603,"href":"https:\/\/www.caririemacao.com\/1\/wp-json\/wp\/v2\/posts\/320602\/revisions\/320603"}],"wp:featuredmedia":[{"embeddable":true,"href":"https:\/\/www.caririemacao.com\/1\/wp-json\/wp\/v2\/media\/295814"}],"wp:attachment":[{"href":"https:\/\/www.caririemacao.com\/1\/wp-json\/wp\/v2\/media?parent=320602"}],"wp:term":[{"taxonomy":"category","embeddable":true,"href":"https:\/\/www.caririemacao.com\/1\/wp-json\/wp\/v2\/categories?post=320602"},{"taxonomy":"post_tag","embeddable":true,"href":"https:\/\/www.caririemacao.com\/1\/wp-json\/wp\/v2\/tags?post=320602"}],"curies":[{"name":"wp","href":"https:\/\/api.w.org\/{rel}","templated":true}]}}