{"id":320610,"date":"2026-08-27T10:24:21","date_gmt":"2026-08-27T13:24:21","guid":{"rendered":"https:\/\/www.caririemacao.com\/1\/?p=320610"},"modified":"2026-08-27T10:24:21","modified_gmt":"2026-08-27T13:24:21","slug":"corrida-do-mel-chega-a-10a-edicao-com-inscricoes-abertas-em-sao-jose-dos-cordeiros","status":"publish","type":"post","link":"https:\/\/www.caririemacao.com\/1\/2026\/08\/27\/corrida-do-mel-chega-a-10a-edicao-com-inscricoes-abertas-em-sao-jose-dos-cordeiros\/","title":{"rendered":"Corrida do Mel chega \u00e0 10\u00aa edi\u00e7\u00e3o com inscri\u00e7\u00f5es abertas em S\u00e3o Jos\u00e9 dos Cordeiros"},"content":{"rendered":"<p class=\"wp-block-paragraph\">A cidade de S\u00e3o Jos\u00e9 dos Cordeiros, no Cariri paraibano, se prepara para receber a 10\u00aa edi\u00e7\u00e3o da Corrida do Mel, tradicional evento esportivo que j\u00e1 faz parte do calend\u00e1rio do munic\u00edpio. A competi\u00e7\u00e3o ser\u00e1 realizada no dia 27 de setembro, com largada prevista para as 7h, reunindo atletas, corredores, praticantes de atividades f\u00edsicas, fam\u00edlias e participantes de diferentes faixas et\u00e1rias.<\/p>\n<p class=\"wp-block-paragraph\">Celebrando uma d\u00e9cada de realiza\u00e7\u00e3o, a Corrida do Mel chega \u00e0 sua 10\u00aa edi\u00e7\u00e3o com a proposta de incentivar h\u00e1bitos saud\u00e1veis, promover a pr\u00e1tica esportiva e proporcionar um momento de lazer e integra\u00e7\u00e3o para toda a comunidade.<\/p>\n<p class=\"wp-block-paragraph\">Nesta edi\u00e7\u00e3o, os participantes poder\u00e3o escolher entre duas modalidades: corrida de rua de 5 quil\u00f4metros e caminhada de 3 quil\u00f4metros, permitindo que pessoas com diferentes n\u00edveis de condicionamento f\u00edsico participem do evento.<\/p>\n<p class=\"wp-block-paragraph\">A prova de 5 km \u00e9 destinada aos corredores que buscam desafiar seus limites e colocar \u00e0 prova o condicionamento f\u00edsico. J\u00e1 a caminhada de 3 km \u00e9 uma op\u00e7\u00e3o para quem deseja participar de forma mais tranquila, priorizando a sa\u00fade, o bem-estar e a conviv\u00eancia.<\/p>\n<p class=\"wp-block-paragraph\">As inscri\u00e7\u00f5es j\u00e1 est\u00e3o abertas e podem ser realizadas pela internet. Para mais informa\u00e7\u00f5es, os interessados podem entrar em contato pelo telefone (83) 9 9676-3861.<\/p>\n<p class=\"wp-block-paragraph\"><a href=\"https:\/\/www.smcrono.com.br\/evento\/2026\/corrida-de-rua\/corrida-do-mel\" target=\"_blank\" rel=\"noopener\"><strong>FA\u00c7A AQUI A SUA INSCRI\u00c7\u00c3O<\/strong><\/a><\/p>\n<p class=\"wp-block-paragraph\">\n<p class=\"wp-block-paragraph\">Com Cariri Esporte<\/p>\n","protected":false},"excerpt":{"rendered":"<p>A cidade de S\u00e3o Jos\u00e9 dos Cordeiros, no Cariri paraibano, se prepara para receber a 10\u00aa edi\u00e7\u00e3o da Corrida do Mel, tradicional evento esportivo que j\u00e1 faz parte do calend\u00e1rio do munic\u00edpio. A competi\u00e7\u00e3o ser\u00e1 realizada no dia 27 de setembro, com largada prevista para as 7h, reunindo atletas, corredores, praticantes de atividades f\u00edsicas, fam\u00edlias e participantes de diferentes faixas et\u00e1rias. Celebrando uma d\u00e9cada de realiza\u00e7\u00e3o, a Corrida do Mel chega \u00e0 sua 10\u00aa edi\u00e7\u00e3o com a proposta de incentivar h\u00e1bitos saud\u00e1veis, promover a pr\u00e1tica esportiva e proporcionar um momento de lazer e integra\u00e7\u00e3o para toda a comunidade. Nesta edi\u00e7\u00e3o, os participantes poder\u00e3o escolher entre duas modalidades: corrida de rua de 5 quil\u00f4metros e caminhada de 3 quil\u00f4metros, permitindo que pessoas com diferentes n\u00edveis de condicionamento f\u00edsico participem do evento. A prova de 5 km \u00e9 destinada aos corredores que buscam desafiar seus limites e colocar \u00e0 prova o condicionamento f\u00edsico. J\u00e1 a caminhada de 3 km \u00e9 uma op\u00e7\u00e3o para quem deseja participar de forma mais tranquila, priorizando a sa\u00fade, o bem-estar e a conviv\u00eancia. As inscri\u00e7\u00f5es j\u00e1 est\u00e3o abertas e podem ser realizadas pela internet. Para mais informa\u00e7\u00f5es, os interessados podem entrar em contato pelo telefone (83) 9 9676-3861. FA\u00c7A AQUI A SUA INSCRI\u00c7\u00c3O Com Cariri Esporte<\/p>\n","protected":false},"author":6,"featured_media":320611,"comment_status":"closed","ping_status":"closed","sticky":false,"template":"","format":"standard","meta":{"sfsi_plus_gutenberg_text_before_share":"","sfsi_plus_gutenberg_show_text_before_share":"","sfsi_plus_gutenberg_icon_type":"","sfsi_plus_gutenberg_icon_alignemt":"","sfsi_plus_gutenburg_max_per_row":"","footnotes":""},"categories":[106],"tags":[],"class_list":["post-320610","post","type-post","status-publish","format-standard","has-post-thumbnail","hentry","category-cariri"],"_links":{"self":[{"href":"https:\/\/www.caririemacao.com\/1\/wp-json\/wp\/v2\/posts\/320610","targetHints":{"allow":["GET"]}}],"collection":[{"href":"https:\/\/www.caririemacao.com\/1\/wp-json\/wp\/v2\/posts"}],"about":[{"href":"https:\/\/www.caririemacao.com\/1\/wp-json\/wp\/v2\/types\/post"}],"author":[{"embeddable":true,"href":"https:\/\/www.caririemacao.com\/1\/wp-json\/wp\/v2\/users\/6"}],"replies":[{"embeddable":true,"href":"https:\/\/www.caririemacao.com\/1\/wp-json\/wp\/v2\/comments?post=320610"}],"version-history":[{"count":1,"href":"https:\/\/www.caririemacao.com\/1\/wp-json\/wp\/v2\/posts\/320610\/revisions"}],"predecessor-version":[{"id":320612,"href":"https:\/\/www.caririemacao.com\/1\/wp-json\/wp\/v2\/posts\/320610\/revisions\/320612"}],"wp:featuredmedia":[{"embeddable":true,"href":"https:\/\/www.caririemacao.com\/1\/wp-json\/wp\/v2\/media\/320611"}],"wp:attachment":[{"href":"https:\/\/www.caririemacao.com\/1\/wp-json\/wp\/v2\/media?parent=320610"}],"wp:term":[{"taxonomy":"category","embeddable":true,"href":"https:\/\/www.caririemacao.com\/1\/wp-json\/wp\/v2\/categories?post=320610"},{"taxonomy":"post_tag","embeddable":true,"href":"https:\/\/www.caririemacao.com\/1\/wp-json\/wp\/v2\/tags?post=320610"}],"curies":[{"name":"wp","href":"https:\/\/api.w.org\/{rel}","templated":true}]}}