{"id":320613,"date":"2026-08-27T10:28:15","date_gmt":"2026-08-27T13:28:15","guid":{"rendered":"https:\/\/www.caririemacao.com\/1\/?p=320613"},"modified":"2026-08-27T10:28:15","modified_gmt":"2026-08-27T13:28:15","slug":"camalau-leva-saude-em-todo-lugar-as-comunidades-de-novo-mundo-e-beira-rio","status":"publish","type":"post","link":"https:\/\/www.caririemacao.com\/1\/2026\/08\/27\/camalau-leva-saude-em-todo-lugar-as-comunidades-de-novo-mundo-e-beira-rio\/","title":{"rendered":"Camala\u00fa leva Sa\u00fade em Todo Lugar \u00e0s comunidades de Novo Mundo e Beira Rio"},"content":{"rendered":"<p class=\"wp-block-paragraph\">O programa Sa\u00fade em Todo Lugar, promovido pelo Governo de Camala\u00fa, por meio da Secretaria Municipal de Sa\u00fade, chega nesta semana \u00e0s comunidades de Novo Mundo e Beira Rio, ampliando a oferta de servi\u00e7os gratuitos e aproximando o atendimento da popula\u00e7\u00e3o da zona rural.<\/p>\n<p class=\"wp-block-paragraph\">A programa\u00e7\u00e3o ter\u00e1 in\u00edcio nesta sexta-feira (28), a partir das 14h, no Assentamento Novo Mundo. No\u00a0<strong>s\u00e1bado (29)<\/strong>, a a\u00e7\u00e3o ser\u00e1 realizada no Assentamento Beira Rio, com atendimentos a partir das 9h. Os servi\u00e7os estar\u00e3o dispon\u00edveis para moradores das duas localidades, comunidades circunvizinhas e para a popula\u00e7\u00e3o em geral.<\/p>\n<p class=\"wp-block-paragraph\">Durante a a\u00e7\u00e3o, ser\u00e3o oferecidos atendimentos odontol\u00f3gicos, consultas de enfermagem, exames citol\u00f3gicos, aferi\u00e7\u00e3o de sinais vitais, avalia\u00e7\u00e3o de glicemia capilar e do p\u00e9 diab\u00e9tico, al\u00e9m de coleta laboratorial para avalia\u00e7\u00e3o de hemoglobina glicada e realiza\u00e7\u00e3o de eletrocardiograma.<\/p>\n<p class=\"wp-block-paragraph\">A programa\u00e7\u00e3o tamb\u00e9m contar\u00e1 com atendimento m\u00e9dico de cl\u00ednica geral e servi\u00e7os de cuidados pessoais, incluindo cabeleireira, manicure e depila\u00e7\u00e3o.<\/p>\n<p class=\"wp-block-paragraph\">De acordo com o prefeito de Camala\u00fa, Bira Mariano, a iniciativa busca facilitar o acesso da popula\u00e7\u00e3o aos servi\u00e7os p\u00fablicos de sa\u00fade, especialmente para quem reside nas comunidades mais afastadas da \u00e1rea urbana.<\/p>\n<p class=\"wp-block-paragraph\">\u201cO Sa\u00fade em Todo Lugar tem justamente esse prop\u00f3sito de aproximar cada vez mais os servi\u00e7os da nossa popula\u00e7\u00e3o. Estamos levando profissionais e diversos atendimentos diretamente \u00e0s comunidades, facilitando o acesso e garantindo mais cuidado e qualidade de vida para o nosso povo. Nosso compromisso \u00e9 fazer com que a sa\u00fade chegue a todos os cantos de Camala\u00fa\u201d, destacou o prefeito Bira Mariano.<\/p>\n<p class=\"wp-block-paragraph\">Com o lema \u201cCuidar de voc\u00ea \u00e9 o que nos move!\u201d, o programa segue percorrendo as comunidades do munic\u00edpio e fortalecendo as a\u00e7\u00f5es de preven\u00e7\u00e3o, acompanhamento e promo\u00e7\u00e3o da sa\u00fade desenvolvidas pela gest\u00e3o municipal.<\/p>\n","protected":false},"excerpt":{"rendered":"<p>O programa Sa\u00fade em Todo Lugar, promovido pelo Governo de Camala\u00fa, por meio da Secretaria Municipal de Sa\u00fade, chega nesta semana \u00e0s comunidades de Novo Mundo e Beira Rio, ampliando a oferta de servi\u00e7os gratuitos e aproximando o atendimento da popula\u00e7\u00e3o da zona rural. A programa\u00e7\u00e3o ter\u00e1 in\u00edcio nesta sexta-feira (28), a partir das 14h, no Assentamento Novo Mundo. No\u00a0s\u00e1bado (29), a a\u00e7\u00e3o ser\u00e1 realizada no Assentamento Beira Rio, com atendimentos a partir das 9h. Os servi\u00e7os estar\u00e3o dispon\u00edveis para moradores das duas localidades, comunidades circunvizinhas e para a popula\u00e7\u00e3o em geral. Durante a a\u00e7\u00e3o, ser\u00e3o oferecidos atendimentos odontol\u00f3gicos, consultas de enfermagem, exames citol\u00f3gicos, aferi\u00e7\u00e3o de sinais vitais, avalia\u00e7\u00e3o de glicemia capilar e do p\u00e9 diab\u00e9tico, al\u00e9m de coleta laboratorial para avalia\u00e7\u00e3o de hemoglobina glicada e realiza\u00e7\u00e3o de eletrocardiograma. A programa\u00e7\u00e3o tamb\u00e9m contar\u00e1 com atendimento m\u00e9dico de cl\u00ednica geral e servi\u00e7os de cuidados pessoais, incluindo cabeleireira, manicure e depila\u00e7\u00e3o. De acordo com o prefeito de Camala\u00fa, Bira Mariano, a iniciativa busca facilitar o acesso da popula\u00e7\u00e3o aos servi\u00e7os p\u00fablicos de sa\u00fade, especialmente para quem reside nas comunidades mais afastadas da \u00e1rea urbana. \u201cO Sa\u00fade em Todo Lugar tem justamente esse prop\u00f3sito de aproximar cada vez mais os servi\u00e7os da nossa popula\u00e7\u00e3o. Estamos levando profissionais e diversos atendimentos diretamente \u00e0s comunidades, facilitando o acesso e garantindo mais cuidado e qualidade de vida para o nosso povo. Nosso compromisso \u00e9 fazer com que a sa\u00fade chegue a todos os cantos de Camala\u00fa\u201d, destacou o prefeito Bira Mariano. Com o lema \u201cCuidar de voc\u00ea \u00e9 o que nos move!\u201d, o programa segue percorrendo as comunidades do munic\u00edpio e fortalecendo as a\u00e7\u00f5es de preven\u00e7\u00e3o, acompanhamento e promo\u00e7\u00e3o da sa\u00fade desenvolvidas pela gest\u00e3o municipal.<\/p>\n","protected":false},"author":6,"featured_media":320614,"comment_status":"closed","ping_status":"closed","sticky":false,"template":"","format":"standard","meta":{"sfsi_plus_gutenberg_text_before_share":"","sfsi_plus_gutenberg_show_text_before_share":"","sfsi_plus_gutenberg_icon_type":"","sfsi_plus_gutenberg_icon_alignemt":"","sfsi_plus_gutenburg_max_per_row":"","footnotes":""},"categories":[6],"tags":[],"class_list":["post-320613","post","type-post","status-publish","format-standard","has-post-thumbnail","hentry","category-cidades"],"_links":{"self":[{"href":"https:\/\/www.caririemacao.com\/1\/wp-json\/wp\/v2\/posts\/320613","targetHints":{"allow":["GET"]}}],"collection":[{"href":"https:\/\/www.caririemacao.com\/1\/wp-json\/wp\/v2\/posts"}],"about":[{"href":"https:\/\/www.caririemacao.com\/1\/wp-json\/wp\/v2\/types\/post"}],"author":[{"embeddable":true,"href":"https:\/\/www.caririemacao.com\/1\/wp-json\/wp\/v2\/users\/6"}],"replies":[{"embeddable":true,"href":"https:\/\/www.caririemacao.com\/1\/wp-json\/wp\/v2\/comments?post=320613"}],"version-history":[{"count":1,"href":"https:\/\/www.caririemacao.com\/1\/wp-json\/wp\/v2\/posts\/320613\/revisions"}],"predecessor-version":[{"id":320615,"href":"https:\/\/www.caririemacao.com\/1\/wp-json\/wp\/v2\/posts\/320613\/revisions\/320615"}],"wp:featuredmedia":[{"embeddable":true,"href":"https:\/\/www.caririemacao.com\/1\/wp-json\/wp\/v2\/media\/320614"}],"wp:attachment":[{"href":"https:\/\/www.caririemacao.com\/1\/wp-json\/wp\/v2\/media?parent=320613"}],"wp:term":[{"taxonomy":"category","embeddable":true,"href":"https:\/\/www.caririemacao.com\/1\/wp-json\/wp\/v2\/categories?post=320613"},{"taxonomy":"post_tag","embeddable":true,"href":"https:\/\/www.caririemacao.com\/1\/wp-json\/wp\/v2\/tags?post=320613"}],"curies":[{"name":"wp","href":"https:\/\/api.w.org\/{rel}","templated":true}]}}