{"id":320622,"date":"2026-08-27T12:12:38","date_gmt":"2026-08-27T15:12:38","guid":{"rendered":"https:\/\/www.caririemacao.com\/1\/?p=320622"},"modified":"2026-08-27T12:12:38","modified_gmt":"2026-08-27T15:12:38","slug":"mais-de-250-candidaturas-ja-foram-deferidas-pela-justica-eleitoral-na-paraiba","status":"publish","type":"post","link":"https:\/\/www.caririemacao.com\/1\/2026\/08\/27\/mais-de-250-candidaturas-ja-foram-deferidas-pela-justica-eleitoral-na-paraiba\/","title":{"rendered":"Mais de 250 candidaturas j\u00e1 foram deferidas pela Justi\u00e7a Eleitoral na Para\u00edba"},"content":{"rendered":"<p>A Justi\u00e7a Eleitoral j\u00e1 deferiu 252 das 443 candidaturas registradas para a disputa das Elei\u00e7\u00f5es 2026 na Para\u00edba. O balan\u00e7o foi conferido nesta quinta-feira (27) pelo Portal Correio no sistema de estat\u00edsticas de candidaturas, disponibilizado pela Justi\u00e7a Eleitoral.<\/p>\n<p>Ainda conforme o sistema, outras 175 candidaturas aguardam julgamento e 12 est\u00e3o listadas como ren\u00fancia. Outras duas candidaturas est\u00e3o como indeferidas em prazo recursal ou com recurso, uma foi cancelada e outra foi indeferida.<\/p>\n<p>Das candidaturas ao governo do Estado, apenas as de Efraim Filho (PL) e Yuri Ezequiel (UP) foram deferidas at\u00e9 \u00e0s 11h desta quinta. Aguardam julgamento as candidaturas de Camilo Duarte (PCO), C\u00edcero Lucena (MDB), Lucas Ribeiro (Progressistas) e Pedro Coutinho (DC).<\/p>\n<p>Sobre senadores, foram deferidas tr\u00eas candidaturas: Major F\u00e1bio (Novo), Marcelo Queiroga (PL) e Rosilene Santana (UP). Aguardam julgamento Andr\u00e9 Gadelha (MDB), Adriano Trajano (PCO), Jo\u00e3o Azev\u00eado (PSB), Jo\u00e3o Batista (UP), Nabor Wanderley (Republicanos), Rinaldo J\u00fanior (DC) e Veneziano Vital do R\u00eago (MDB).<\/p>\n<p>O prazo limite para que o Tribunal Regional Eleitoral da Para\u00edba (TRE-PB) julgue todas as candidaturas \u00e9 14 de setembro.<\/p>\n<p><strong>Confira abaixo dados sobre situa\u00e7\u00e3o das outras candidaturas:<\/strong><\/p>\n<ul>\n<li>Vice-governador: duas deferidas e quatro aguardando julgamento;<\/li>\n<\/ul>\n<ul>\n<li>1\u00ba suplente ao Senado: tr\u00eas deferidas, sete aguardando julgamento e uma ren\u00fancia;<\/li>\n<\/ul>\n<ul>\n<li>2\u00ba suplente ao Senado: tr\u00eas deferidas, seis aguardando julgamento e tr\u00eas ren\u00fancias;<\/li>\n<\/ul>\n<ul>\n<li>Deputado estadual: 115 deferidas, 87 aguardando julgamento, cinco ren\u00fancias, duas indeferidas em prazo recursal ou com recurso, uma cancelada e uma indeferida;<\/li>\n<\/ul>\n<ul>\n<li>Deputado federal: 124 deferidas, 60 aguardando julgamento e tr\u00eas ren\u00fancias.<\/li>\n<\/ul>\n<p><strong><a href=\"https:\/\/whatsapp.com\/channel\/0029VaM11seEFeXpuU94Sz2i\" target=\"_blank\" rel=\"noopener\"><\/a><\/strong><\/p>\n<p><em>Fonte: Portal Correio<\/em><\/p>\n","protected":false},"excerpt":{"rendered":"<p>A Justi\u00e7a Eleitoral j\u00e1 deferiu 252 das 443 candidaturas registradas para a disputa das Elei\u00e7\u00f5es 2026 na Para\u00edba. O balan\u00e7o foi conferido nesta quinta-feira (27) pelo Portal Correio no sistema de estat\u00edsticas de candidaturas, disponibilizado pela Justi\u00e7a Eleitoral. Ainda conforme o sistema, outras 175 candidaturas aguardam julgamento e 12 est\u00e3o listadas como ren\u00fancia. Outras duas [\u2026]<\/p>\n","protected":false},"author":0,"featured_media":320623,"comment_status":"closed","ping_status":"closed","sticky":false,"template":"","format":"standard","meta":{"sfsi_plus_gutenberg_text_before_share":"","sfsi_plus_gutenberg_show_text_before_share":"","sfsi_plus_gutenberg_icon_type":"","sfsi_plus_gutenberg_icon_alignemt":"","sfsi_plus_gutenburg_max_per_row":"","footnotes":""},"categories":[104],"tags":[],"class_list":["post-320622","post","type-post","status-publish","format-standard","has-post-thumbnail","hentry","category-paraiba"],"_links":{"self":[{"href":"https:\/\/www.caririemacao.com\/1\/wp-json\/wp\/v2\/posts\/320622","targetHints":{"allow":["GET"]}}],"collection":[{"href":"https:\/\/www.caririemacao.com\/1\/wp-json\/wp\/v2\/posts"}],"about":[{"href":"https:\/\/www.caririemacao.com\/1\/wp-json\/wp\/v2\/types\/post"}],"replies":[{"embeddable":true,"href":"https:\/\/www.caririemacao.com\/1\/wp-json\/wp\/v2\/comments?post=320622"}],"version-history":[{"count":1,"href":"https:\/\/www.caririemacao.com\/1\/wp-json\/wp\/v2\/posts\/320622\/revisions"}],"predecessor-version":[{"id":320624,"href":"https:\/\/www.caririemacao.com\/1\/wp-json\/wp\/v2\/posts\/320622\/revisions\/320624"}],"wp:featuredmedia":[{"embeddable":true,"href":"https:\/\/www.caririemacao.com\/1\/wp-json\/wp\/v2\/media\/320623"}],"wp:attachment":[{"href":"https:\/\/www.caririemacao.com\/1\/wp-json\/wp\/v2\/media?parent=320622"}],"wp:term":[{"taxonomy":"category","embeddable":true,"href":"https:\/\/www.caririemacao.com\/1\/wp-json\/wp\/v2\/categories?post=320622"},{"taxonomy":"post_tag","embeddable":true,"href":"https:\/\/www.caririemacao.com\/1\/wp-json\/wp\/v2\/tags?post=320622"}],"curies":[{"name":"wp","href":"https:\/\/api.w.org\/{rel}","templated":true}]}}