{"id":320625,"date":"2026-08-27T13:13:00","date_gmt":"2026-08-27T16:13:00","guid":{"rendered":"https:\/\/www.caririemacao.com\/1\/?p=320625"},"modified":"2026-08-27T13:13:00","modified_gmt":"2026-08-27T16:13:00","slug":"tv-correio-implementa-reajustes-na-grade-de-programacao-local-durante-campanha-eleitoral","status":"publish","type":"post","link":"https:\/\/www.caririemacao.com\/1\/2026\/08\/27\/tv-correio-implementa-reajustes-na-grade-de-programacao-local-durante-campanha-eleitoral\/","title":{"rendered":"TV Correio implementa reajustes na grade de programa\u00e7\u00e3o local durante campanha eleitoral"},"content":{"rendered":"<p>A emissora anunciou ajustes tempor\u00e1rios em sua programa\u00e7\u00e3o local a partir de 28 de agosto, visando atender \u00e0s exig\u00eancias do per\u00edodo eleitoral. Entre 13h e 13h25, de segunda a s\u00e1bado, ser\u00e1 exibido um bloco gratuito do hor\u00e1rio eleitoral. No cronograma atualizado, de segunda a sexta, o Correio Verdade termina \u00e0s 13h, seguido pelo Hor\u00e1rio Eleitoral Local, depois Correio Esporte \u00e0s 13h25 e Correio Debate \u00e0s 13h40. O Correio da Tarde retoma \u00e0s 14h10. Nos s\u00e1bados, o Correio Verdade segue normalmente das 12h \u00e0s 13h, com Hor\u00e1rio Eleitoral Local \u00e0s 13h, \u00c9-Neg\u00f3cio com R\u00f4mulo Soares \u00e0s 13h25 e Sabores da Terra com Gl\u00e1ucia Ara\u00fajo \u00e0s 14h30. As mudan\u00e7as s\u00e3o tempor\u00e1rias e visam manter a oferta de informa\u00e7\u00e3o, esporte, debate, entretenimento e presta\u00e7\u00e3o de servi\u00e7o regionais ao p\u00fablico paraibano, alinhadas \u00e0 legisla\u00e7\u00e3o eleitoral vigente.<\/p>\n<p><strong>PROGRAMA\u00c7\u00c3O \u2014 PER\u00cdODO ELEITORAL A PARTIR DESTA SEXTA (28)<\/strong><\/p>\n<p><strong>Segunda a sexta-feira<\/strong><\/p>\n<ul>\n<li>11h30 \u2014 Correio Verdade<\/li>\n<li>13h \u2014 Hor\u00e1rio Eleitoral Local<\/li>\n<li>13h25 \u2014 Correio Esporte<\/li>\n<li>13h40 \u2014 Correio Debate<\/li>\n<li>14h10 \u2014 Correio da Tarde<\/li>\n<\/ul>\n<p><strong>S\u00e1bado<\/strong><\/p>\n<ul>\n<li>12h \u2014 Correio Verdade<\/li>\n<li>13h \u2014 Hor\u00e1rio Eleitoral Local<\/li>\n<li>13h25 \u2014 \u00c9-Neg\u00f3cio<\/li>\n<li>14h30 \u2014 Sabores da Terra<\/li>\n<\/ul>\n<p><a href=\"https:\/\/whatsapp.com\/channel\/0029VaM11seEFeXpuU94Sz2i\" target=\"_blank\" rel=\"noopener\"><\/a><\/p>\n<p><em>Fonte: Portal Correio<\/em><\/p>\n","protected":false},"excerpt":{"rendered":"<p>Com mudan\u00e7as tempor\u00e1rias na grade, emissora mant\u00e9m informa\u00e7\u00e3o, esporte, debate, entretenimento e presta\u00e7\u00e3o de servi\u00e7o na programa\u00e7\u00e3o local durante o per\u00edodo eleitoral. Com a exibi\u00e7\u00e3o de um dos blocos do hor\u00e1rio eleitoral gratuito entre 13h e 13h25, de segunda a s\u00e1bado, a TV Correio promove ajustes tempor\u00e1rios em sua grade de programa\u00e7\u00e3o local durante o [\u2026]<\/p>\n","protected":false},"author":0,"featured_media":320626,"comment_status":"closed","ping_status":"closed","sticky":false,"template":"","format":"standard","meta":{"sfsi_plus_gutenberg_text_before_share":"","sfsi_plus_gutenberg_show_text_before_share":"","sfsi_plus_gutenberg_icon_type":"","sfsi_plus_gutenberg_icon_alignemt":"","sfsi_plus_gutenburg_max_per_row":"","footnotes":""},"categories":[104],"tags":[],"class_list":["post-320625","post","type-post","status-publish","format-standard","has-post-thumbnail","hentry","category-paraiba"],"_links":{"self":[{"href":"https:\/\/www.caririemacao.com\/1\/wp-json\/wp\/v2\/posts\/320625","targetHints":{"allow":["GET"]}}],"collection":[{"href":"https:\/\/www.caririemacao.com\/1\/wp-json\/wp\/v2\/posts"}],"about":[{"href":"https:\/\/www.caririemacao.com\/1\/wp-json\/wp\/v2\/types\/post"}],"replies":[{"embeddable":true,"href":"https:\/\/www.caririemacao.com\/1\/wp-json\/wp\/v2\/comments?post=320625"}],"version-history":[{"count":1,"href":"https:\/\/www.caririemacao.com\/1\/wp-json\/wp\/v2\/posts\/320625\/revisions"}],"predecessor-version":[{"id":320627,"href":"https:\/\/www.caririemacao.com\/1\/wp-json\/wp\/v2\/posts\/320625\/revisions\/320627"}],"wp:featuredmedia":[{"embeddable":true,"href":"https:\/\/www.caririemacao.com\/1\/wp-json\/wp\/v2\/media\/320626"}],"wp:attachment":[{"href":"https:\/\/www.caririemacao.com\/1\/wp-json\/wp\/v2\/media?parent=320625"}],"wp:term":[{"taxonomy":"category","embeddable":true,"href":"https:\/\/www.caririemacao.com\/1\/wp-json\/wp\/v2\/categories?post=320625"},{"taxonomy":"post_tag","embeddable":true,"href":"https:\/\/www.caririemacao.com\/1\/wp-json\/wp\/v2\/tags?post=320625"}],"curies":[{"name":"wp","href":"https:\/\/api.w.org\/{rel}","templated":true}]}}