{"id":320629,"date":"2026-08-27T14:12:52","date_gmt":"2026-08-27T17:12:52","guid":{"rendered":"https:\/\/www.caririemacao.com\/1\/?p=320629"},"modified":"2026-08-27T14:12:52","modified_gmt":"2026-08-27T17:12:52","slug":"superintendente-da-policia-civil-da-pb-diz-que-ha-analises-pendentes-em-investigacao-sobre-desaparecimento-de-cabo-da-pm","status":"publish","type":"post","link":"https:\/\/www.caririemacao.com\/1\/2026\/08\/27\/superintendente-da-policia-civil-da-pb-diz-que-ha-analises-pendentes-em-investigacao-sobre-desaparecimento-de-cabo-da-pm\/","title":{"rendered":"Superintendente da Pol\u00edcia Civil da PB diz que h\u00e1 \u2018an\u00e1lises pendentes\u2019 em investiga\u00e7\u00e3o sobre desaparecimento de cabo da PM"},"content":{"rendered":"<p>C\u00e2meras flagram \u00faltimas imagens de policial militar desaparecido, em Jo\u00e3o Pessoa<br \/>\nO superintendente da Pol\u00edcia Civil da Para\u00edba, delegado Cristiano Santana, afirmou que ainda h\u00e1 quest\u00f5es t\u00e9cnicas pendentes na investiga\u00e7\u00e3o do caso do Cabo Jos C\u00e9sar, que est\u00e1 desaparecido h\u00e1 mais de seis meses. Segundo a Pol\u00edcia Civil, v\u00e1rias pessoas j\u00e1 foram ouvidas e as investiga\u00e7\u00f5es seguem em andamento. \u00c0 TV Cabo Branco, o delegado afirmou que v\u00e1rios depoimentos j\u00e1 foram colhidos e que a investiga\u00e7\u00e3o est\u00e1 em curso, mas \u201ch\u00e1 an\u00e1lises t\u00e9cnicas pendentes fundamentais para que a equipe possa fazer a conclus\u00e3o das investiga\u00e7\u00f5es\u201d.<\/p>\n<p>Ainda de acordo com o delegado, a regi\u00e3o onde o cabo foi visto pela \u00faltima vez possui poucas c\u00e2meras de monitoramento, o que dificulta a investiga\u00e7\u00e3o. Pessoas do conv\u00edvio do PM, como familiares, amigos e colegas de trabalho, j\u00e1 foram ouvidas. \u201cTemos dezenas de depoimentos colhidos, diversas per\u00edcias requisitadas, in\u00fameros pleitos informados ao poder judici\u00e1rio, representa\u00e7\u00f5es, medidas de manejo judicial que s\u00e3o fundamentais nesse tipo de investiga\u00e7\u00e3o dada a complexidade\u201d, afirmou Cristiano Santana.<\/p>\n<p>O superintendente da Pol\u00edcia Civil na Para\u00edba disse ainda que a imprensa ser\u00e1 convocada ao fim das investiga\u00e7\u00f5es para que o inqu\u00e9rito policial seja detalhado e divulgado. Policial militar desaparece ap\u00f3s sair de casa para trabalhar, em Jo\u00e3o Pessoa; Pol\u00edcia Civil investiga<br \/>\nTV Cabo Branco<br \/>\nCabo da PM est\u00e1 desaparecido h\u00e1 seis meses<br \/>\nSeis meses ap\u00f3s o desaparecimento do cabo Jos\u00e9 C\u00e9sar, da Pol\u00edcia Militar da Para\u00edba, o caso continua sem uma resposta sobre o paradeiro do policial. Ele foi visto pela \u00faltima vez ap\u00f3s sair de casa, em Jo\u00e3o Pessoa, durante a madrugada.<\/p>\n<p>Desde ent\u00e3o, familiares, colegas de trabalho e a pol\u00edcia tentam descobrir o que aconteceu. O policial, que trabalhava no Museu da Pol\u00edcia Militar, localizado no Centro da capital, saiu de casa informando \u00e0 esposa que iria trabalhar. Imagens de c\u00e2meras de seguran\u00e7a registraram o momento em que ele deixou a resid\u00eancia.<\/p>\n<p>Depois disso, o cabo n\u00e3o foi mais visto e n\u00e3o manteve contato com familiares. Durante a investiga\u00e7\u00e3o, a pol\u00edcia localizou o celular do Cabo C\u00e9sar. O aparelho estava quebrado e passou a ser considerado uma poss\u00edvel fonte de informa\u00e7\u00f5es para esclarecer o desaparecimento.<\/p>\n<p>A expectativa era de que o telefone pudesse ser periciado e que conversas ou outros dados ajudassem a identificar os \u00faltimos passos do policial. At\u00e9 o momento, por\u00e9m, n\u00e3o foram divulgadas informa\u00e7\u00f5es que apontem de forma conclusiva o que aconteceu com ele. A esposa do policial, familiares e colegas de trabalho j\u00e1 foram ouvidos pela investiga\u00e7\u00e3o.<\/p>\n<p>V\u00eddeos mais assistidos do g1 Para\u00edba<\/p>\n<p><em>Fonte: G1 Para\u00edba<\/em><\/p>\n","protected":false},"excerpt":{"rendered":"<p>C\u00e2meras flagram \u00faltimas imagens de policial militar desaparecido, em Jo\u00e3o Pessoa O superintendente da Pol\u00edcia Civil da Para\u00edba, delegado Cristiano Santana, afirmou que ainda h\u00e1 quest\u00f5es t\u00e9cnicas pendentes na investiga\u00e7\u00e3o do caso do Cabo Jos C\u00e9sar, que est\u00e1 desaparecido h\u00e1 mais de seis meses. Segundo a Pol\u00edcia Civil, v\u00e1rias pessoas j\u00e1 foram ouvidas e as investiga\u00e7\u00f5es seguem em andamento. &#x2705; Clique aqui para seguir o canal do g1 PB no WhatsApp \u00c0 TV Cabo Branco, o delegado afirmou que v\u00e1rios depoimentos j\u00e1 foram colhidos e que a investiga\u00e7\u00e3o est\u00e1 em curso, mas \u201ch\u00e1 an\u00e1lises t\u00e9cnicas pendentes fundamentais para que a equipe possa fazer a conclus\u00e3o das investiga\u00e7\u00f5es\u201d. Ainda de acordo com o delegado, a regi\u00e3o onde o cabo foi visto pela \u00faltima vez possui poucas c\u00e2meras de monitoramento, o que dificulta a investiga\u00e7\u00e3o. Pessoas do conv\u00edvio do PM, como familiares, amigos e colegas de trabalho, j\u00e1 foram ouvidas. \u201cTemos dezenas de depoimentos colhidos, diversas per\u00edcias requisitadas, in\u00fameros pleitos informados ao poder judici\u00e1rio, representa\u00e7\u00f5es, medidas de manejo judicial que s\u00e3o fundamentais nesse tipo de investiga\u00e7\u00e3o dada a complexidade\u201d, afirmou Cristiano Santana. O superintendente da Pol\u00edcia Civil na Para\u00edba disse ainda que a imprensa ser\u00e1 convocada ao fim das investiga\u00e7\u00f5es para que o inqu\u00e9rito policial seja detalhado e divulgado. Policial militar desaparece ap\u00f3s sair de casa para trabalhar, em Jo\u00e3o Pessoa; Pol\u00edcia Civil investiga TV Cabo Branco Cabo da PM est\u00e1 desaparecido h\u00e1 seis meses Seis meses ap\u00f3s o desaparecimento do cabo Jos\u00e9 C\u00e9sar, da Pol\u00edcia Militar da Para\u00edba, o caso continua sem uma resposta sobre o paradeiro do policial. Ele foi visto pela \u00faltima vez ap\u00f3s sair de casa, em Jo\u00e3o Pessoa, durante a madrugada. Desde ent\u00e3o, familiares, colegas de trabalho e a pol\u00edcia tentam descobrir o que aconteceu. O policial, que trabalhava no Museu da Pol\u00edcia Militar, localizado no Centro da capital, saiu de casa informando \u00e0 esposa que iria trabalhar. Imagens de c\u00e2meras de seguran\u00e7a registraram o momento em que ele deixou a resid\u00eancia. Depois disso, o cabo n\u00e3o foi mais visto e n\u00e3o manteve contato com familiares. Durante a investiga\u00e7\u00e3o, a pol\u00edcia localizou o celular do Cabo C\u00e9sar. O aparelho estava quebrado e passou a ser considerado uma poss\u00edvel fonte de informa\u00e7\u00f5es para esclarecer o desaparecimento. A expectativa era de que o telefone pudesse ser periciado e que conversas ou outros dados ajudassem a identificar os \u00faltimos passos do policial. At\u00e9 o momento, por\u00e9m, n\u00e3o foram divulgadas informa\u00e7\u00f5es que apontem de forma conclusiva o que aconteceu com ele. A esposa do policial, familiares e colegas de trabalho j\u00e1 foram ouvidos pela investiga\u00e7\u00e3o. V\u00eddeos mais assistidos do g1 Para\u00edba<\/p>\n","protected":false},"author":0,"featured_media":320630,"comment_status":"closed","ping_status":"closed","sticky":false,"template":"","format":"standard","meta":{"sfsi_plus_gutenberg_text_before_share":"","sfsi_plus_gutenberg_show_text_before_share":"","sfsi_plus_gutenberg_icon_type":"","sfsi_plus_gutenberg_icon_alignemt":"","sfsi_plus_gutenburg_max_per_row":"","footnotes":""},"categories":[12],"tags":[],"class_list":["post-320629","post","type-post","status-publish","format-standard","has-post-thumbnail","hentry","category-policia"],"_links":{"self":[{"href":"https:\/\/www.caririemacao.com\/1\/wp-json\/wp\/v2\/posts\/320629","targetHints":{"allow":["GET"]}}],"collection":[{"href":"https:\/\/www.caririemacao.com\/1\/wp-json\/wp\/v2\/posts"}],"about":[{"href":"https:\/\/www.caririemacao.com\/1\/wp-json\/wp\/v2\/types\/post"}],"replies":[{"embeddable":true,"href":"https:\/\/www.caririemacao.com\/1\/wp-json\/wp\/v2\/comments?post=320629"}],"version-history":[{"count":1,"href":"https:\/\/www.caririemacao.com\/1\/wp-json\/wp\/v2\/posts\/320629\/revisions"}],"predecessor-version":[{"id":320631,"href":"https:\/\/www.caririemacao.com\/1\/wp-json\/wp\/v2\/posts\/320629\/revisions\/320631"}],"wp:featuredmedia":[{"embeddable":true,"href":"https:\/\/www.caririemacao.com\/1\/wp-json\/wp\/v2\/media\/320630"}],"wp:attachment":[{"href":"https:\/\/www.caririemacao.com\/1\/wp-json\/wp\/v2\/media?parent=320629"}],"wp:term":[{"taxonomy":"category","embeddable":true,"href":"https:\/\/www.caririemacao.com\/1\/wp-json\/wp\/v2\/categories?post=320629"},{"taxonomy":"post_tag","embeddable":true,"href":"https:\/\/www.caririemacao.com\/1\/wp-json\/wp\/v2\/tags?post=320629"}],"curies":[{"name":"wp","href":"https:\/\/api.w.org\/{rel}","templated":true}]}}