{"id":320635,"date":"2026-08-27T14:24:30","date_gmt":"2026-08-27T17:24:30","guid":{"rendered":"https:\/\/www.caririemacao.com\/1\/?p=320635"},"modified":"2026-08-27T14:24:30","modified_gmt":"2026-08-27T17:24:30","slug":"camara-de-sao-joao-do-tigre-aprova-dois-requerimentos-durante-sessao-ordinaria","status":"publish","type":"post","link":"https:\/\/www.caririemacao.com\/1\/2026\/08\/27\/camara-de-sao-joao-do-tigre-aprova-dois-requerimentos-durante-sessao-ordinaria\/","title":{"rendered":"C\u00e2mara de S\u00e3o Jo\u00e3o do Tigre aprova dois requerimentos durante sess\u00e3o ordin\u00e1ria"},"content":{"rendered":"<p class=\"isSelectedEnd\">A C\u00e2mara Municipal de S\u00e3o Jo\u00e3o do Tigre realizou, na manh\u00e3 desta quinta-feira (27), mais uma sess\u00e3o ordin\u00e1ria, marcada pela aprecia\u00e7\u00e3o e vota\u00e7\u00e3o de requerimentos e de uma Mo\u00e7\u00e3o de Aplausos. Os dois requerimentos apresentados foram aprovados por unanimidade, enquanto a mo\u00e7\u00e3o foi rejeitada pela maioria dos parlamentares.<\/p>\n<p class=\"isSelectedEnd\">Um dos requerimentos, de autoria do vereador Diego Ferreira, solicita ao Poder Executivo a ado\u00e7\u00e3o das provid\u00eancias necess\u00e1rias para a realiza\u00e7\u00e3o de servi\u00e7os de manuten\u00e7\u00e3o preventiva e corretiva no Cemit\u00e9rio P\u00fablico Municipal, contemplando as \u00e1reas interna e externa.<\/p>\n<p class=\"isSelectedEnd\">Na justificativa, o parlamentar destacou a necessidade de manuten\u00e7\u00e3o da estrutura, especialmente diante do crescimento da vegeta\u00e7\u00e3o e do desgaste de alguns espa\u00e7os. A proposta busca melhorar as condi\u00e7\u00f5es de visita\u00e7\u00e3o, preservar o patrim\u00f4nio p\u00fablico e proporcionar mais seguran\u00e7a, organiza\u00e7\u00e3o e dignidade \u00e0s fam\u00edlias que frequentam o local, principalmente em per\u00edodos de maior movimenta\u00e7\u00e3o, como o Dia de Finados.<\/p>\n<p class=\"isSelectedEnd\">O segundo requerimento, de autoria do vereador Dedy Martins, solicita melhorias nas condi\u00e7\u00f5es de acesso \u00e0s propriedades rurais do munic\u00edpio, por meio da instala\u00e7\u00e3o de mata-burros em pontos estrat\u00e9gicos das estradas vicinais.<\/p>\n<p class=\"isSelectedEnd\">De acordo com a justificativa apresentada, a medida pretende facilitar o tr\u00e2nsito de ve\u00edculos e animais, contribuindo para a mobilidade dos moradores da zona rural e para o escoamento da produ\u00e7\u00e3o agr\u00edcola e pecu\u00e1ria. O parlamentar ressaltou ainda que a instala\u00e7\u00e3o dos equipamentos pode reduzir a necessidade de abertura e fechamento constante de porteiras, proporcionando mais praticidade e seguran\u00e7a aos usu\u00e1rios das estradas.<\/p>\n<p class=\"isSelectedEnd\">Os dois requerimentos foram submetidos ao plen\u00e1rio e aprovados por unanimidade.<\/p>\n<p class=\"isSelectedEnd\">Durante a sess\u00e3o, tamb\u00e9m foi apreciada uma Mo\u00e7\u00e3o de Aplausos de autoria do vereador S\u00e9rgio Freitas, destinada ao senador Efraim Filho, em reconhecimento \u00e0 destina\u00e7\u00e3o de recursos federais para o munic\u00edpio de S\u00e3o Jo\u00e3o do Tigre, por meio de emenda parlamentar, voltados especialmente para a\u00e7\u00f5es e servi\u00e7os p\u00fablicos de sa\u00fade.<\/p>\n<p class=\"isSelectedEnd\">Submetida \u00e0 vota\u00e7\u00e3o, entretanto, a Mo\u00e7\u00e3o de Aplausos foi rejeitada, registrando cinco votos contr\u00e1rios, dois votos favor\u00e1veis e uma absten\u00e7\u00e3o.<\/p>\n<p>Ap\u00f3s a aprecia\u00e7\u00e3o e vota\u00e7\u00e3o da pauta do dia, o presidente da C\u00e2mara Municipal, vereador Arn\u00f3bio Pereira, agradeceu a presen\u00e7a dos demais parlamentares e declarou encerrada a sess\u00e3o.<\/p>\n<p><strong>CARIRI EM A\u00c7\u00c3O<\/strong><\/p>\n","protected":false},"excerpt":{"rendered":"<p>A C\u00e2mara Municipal de S\u00e3o Jo\u00e3o do Tigre realizou, na manh\u00e3 desta quinta-feira (27), mais uma sess\u00e3o ordin\u00e1ria, marcada pela aprecia\u00e7\u00e3o e vota\u00e7\u00e3o de requerimentos e de uma Mo\u00e7\u00e3o de Aplausos. Os dois requerimentos apresentados foram aprovados por unanimidade, enquanto a mo\u00e7\u00e3o foi rejeitada pela maioria dos parlamentares. Um dos requerimentos, de autoria do vereador Diego Ferreira, solicita ao Poder Executivo a ado\u00e7\u00e3o das provid\u00eancias necess\u00e1rias para a realiza\u00e7\u00e3o de servi\u00e7os de manuten\u00e7\u00e3o preventiva e corretiva no Cemit\u00e9rio P\u00fablico Municipal, contemplando as \u00e1reas interna e externa. Na justificativa, o parlamentar destacou a necessidade de manuten\u00e7\u00e3o da estrutura, especialmente diante do crescimento da vegeta\u00e7\u00e3o e do desgaste de alguns espa\u00e7os. A proposta busca melhorar as condi\u00e7\u00f5es de visita\u00e7\u00e3o, preservar o patrim\u00f4nio p\u00fablico e proporcionar mais seguran\u00e7a, organiza\u00e7\u00e3o e dignidade \u00e0s fam\u00edlias que frequentam o local, principalmente em per\u00edodos de maior movimenta\u00e7\u00e3o, como o Dia de Finados. O segundo requerimento, de autoria do vereador Dedy Martins, solicita melhorias nas condi\u00e7\u00f5es de acesso \u00e0s propriedades rurais do munic\u00edpio, por meio da instala\u00e7\u00e3o de mata-burros em pontos estrat\u00e9gicos das estradas vicinais. De acordo com a justificativa apresentada, a medida pretende facilitar o tr\u00e2nsito de ve\u00edculos e animais, contribuindo para a mobilidade dos moradores da zona rural e para o escoamento da produ\u00e7\u00e3o agr\u00edcola e pecu\u00e1ria. O parlamentar ressaltou ainda que a instala\u00e7\u00e3o dos equipamentos pode reduzir a necessidade de abertura e fechamento constante de porteiras, proporcionando mais praticidade e seguran\u00e7a aos usu\u00e1rios das estradas. Os dois requerimentos foram submetidos ao plen\u00e1rio e aprovados por unanimidade. Durante a sess\u00e3o, tamb\u00e9m foi apreciada uma Mo\u00e7\u00e3o de Aplausos de autoria do vereador S\u00e9rgio Freitas, destinada ao senador Efraim Filho, em reconhecimento \u00e0 destina\u00e7\u00e3o de recursos federais para o munic\u00edpio de S\u00e3o Jo\u00e3o do Tigre, por meio de emenda parlamentar, voltados especialmente para a\u00e7\u00f5es e servi\u00e7os p\u00fablicos de sa\u00fade. Submetida \u00e0 vota\u00e7\u00e3o, entretanto, a Mo\u00e7\u00e3o de Aplausos foi rejeitada, registrando cinco votos contr\u00e1rios, dois votos favor\u00e1veis e uma absten\u00e7\u00e3o. Ap\u00f3s a aprecia\u00e7\u00e3o e vota\u00e7\u00e3o da pauta do dia, o presidente da C\u00e2mara Municipal, vereador Arn\u00f3bio Pereira, agradeceu a presen\u00e7a dos demais parlamentares e declarou encerrada a sess\u00e3o. CARIRI EM A\u00c7\u00c3O<\/p>\n","protected":false},"author":6,"featured_media":320636,"comment_status":"closed","ping_status":"closed","sticky":false,"template":"","format":"standard","meta":{"sfsi_plus_gutenberg_text_before_share":"","sfsi_plus_gutenberg_show_text_before_share":"","sfsi_plus_gutenberg_icon_type":"","sfsi_plus_gutenberg_icon_alignemt":"","sfsi_plus_gutenburg_max_per_row":"","footnotes":""},"categories":[6],"tags":[],"class_list":["post-320635","post","type-post","status-publish","format-standard","has-post-thumbnail","hentry","category-cidades"],"_links":{"self":[{"href":"https:\/\/www.caririemacao.com\/1\/wp-json\/wp\/v2\/posts\/320635","targetHints":{"allow":["GET"]}}],"collection":[{"href":"https:\/\/www.caririemacao.com\/1\/wp-json\/wp\/v2\/posts"}],"about":[{"href":"https:\/\/www.caririemacao.com\/1\/wp-json\/wp\/v2\/types\/post"}],"author":[{"embeddable":true,"href":"https:\/\/www.caririemacao.com\/1\/wp-json\/wp\/v2\/users\/6"}],"replies":[{"embeddable":true,"href":"https:\/\/www.caririemacao.com\/1\/wp-json\/wp\/v2\/comments?post=320635"}],"version-history":[{"count":1,"href":"https:\/\/www.caririemacao.com\/1\/wp-json\/wp\/v2\/posts\/320635\/revisions"}],"predecessor-version":[{"id":320637,"href":"https:\/\/www.caririemacao.com\/1\/wp-json\/wp\/v2\/posts\/320635\/revisions\/320637"}],"wp:featuredmedia":[{"embeddable":true,"href":"https:\/\/www.caririemacao.com\/1\/wp-json\/wp\/v2\/media\/320636"}],"wp:attachment":[{"href":"https:\/\/www.caririemacao.com\/1\/wp-json\/wp\/v2\/media?parent=320635"}],"wp:term":[{"taxonomy":"category","embeddable":true,"href":"https:\/\/www.caririemacao.com\/1\/wp-json\/wp\/v2\/categories?post=320635"},{"taxonomy":"post_tag","embeddable":true,"href":"https:\/\/www.caririemacao.com\/1\/wp-json\/wp\/v2\/tags?post=320635"}],"curies":[{"name":"wp","href":"https:\/\/api.w.org\/{rel}","templated":true}]}}