{"id":320638,"date":"2026-08-27T14:33:17","date_gmt":"2026-08-27T17:33:17","guid":{"rendered":"https:\/\/www.caririemacao.com\/1\/?p=320638"},"modified":"2026-08-27T14:33:17","modified_gmt":"2026-08-27T17:33:17","slug":"wellington-dias-destaca-investimentos-e-aposta-no-leite-de-cabra-durante-agenda-no-cariri","status":"publish","type":"post","link":"https:\/\/www.caririemacao.com\/1\/2026\/08\/27\/wellington-dias-destaca-investimentos-e-aposta-no-leite-de-cabra-durante-agenda-no-cariri\/","title":{"rendered":"Wellington Dias destaca investimentos e aposta no leite de cabra durante agenda no Cariri"},"content":{"rendered":"<p class=\"isSelectedEnd\">O ministro do Desenvolvimento e Assist\u00eancia Social, Fam\u00edlia e Combate \u00e0 Fome, Wellington Dias, cumpre agenda nesta quinta-feira (27) no Cariri paraibano. Ao desembarcar no aeroporto de Monteiro, o ministro concedeu entrevista exclusiva ao Cariri em A\u00e7\u00e3o e destacou a\u00e7\u00f5es do Governo Federal voltadas \u00e0 conviv\u00eancia com o semi\u00e1rido, seguran\u00e7a alimentar, agricultura familiar e fortalecimento da cadeia produtiva do leite de cabra.<\/p>\n<p class=\"isSelectedEnd\">Durante a entrevista, Wellington Dias ressaltou o potencial da caprinocultura para o desenvolvimento econ\u00f4mico da regi\u00e3o e defendeu pol\u00edticas que permitam aos produtores conviver com as caracter\u00edsticas clim\u00e1ticas do semi\u00e1rido, especialmente diante dos efeitos das mudan\u00e7as clim\u00e1ticas.<\/p>\n<p class=\"isSelectedEnd\">\u201cN\u00e3o \u00e9 poss\u00edvel ser contra a seca. N\u00f3s temos que aprender a conviver, e agora mais gravemente com as mudan\u00e7as clim\u00e1ticas. Temos plantas e animais que convivem bem com a seca, com essa irregularidade de chuva e com a natureza da regi\u00e3o\u201d, afirmou.<\/p>\n<p class=\"isSelectedEnd\">Para o ministro, a cria\u00e7\u00e3o de caprinos representa uma das principais alternativas para gera\u00e7\u00e3o de renda no semi\u00e1rido. Wellington Dias destacou ainda o protagonismo da Para\u00edba na produ\u00e7\u00e3o de leite de cabra e as possibilidades de expans\u00e3o do setor.<\/p>\n<p class=\"isSelectedEnd\">\u201cEu diria at\u00e9 que o bode \u00e9 o s\u00edmbolo da conviv\u00eancia com a seca. Desde 2023 apoiamos as cooperativas para que a gente pudesse dar um passo adiante. A Para\u00edba \u00e9 o melhor exemplo para o Brasil no programa do leite\u201d, destacou.<\/p>\n<p class=\"isSelectedEnd\">Entre os an\u00fancios citados durante a entrevista, o ministro informou a libera\u00e7\u00e3o de R$ 38 milh\u00f5es para o Programa de Aquisi\u00e7\u00e3o de Alimentos na modalidade leite e destacou uma compra de 37 toneladas de leite de cabra em p\u00f3, que ser\u00e1 distribu\u00eddo na pr\u00f3pria Para\u00edba.<\/p>\n<p class=\"isSelectedEnd\">Wellington Dias afirmou que a inten\u00e7\u00e3o \u00e9 avan\u00e7ar na industrializa\u00e7\u00e3o da produ\u00e7\u00e3o, agregando valor ao leite produzido pelos criadores e ampliando as possibilidades de comercializa\u00e7\u00e3o.<\/p>\n<p class=\"isSelectedEnd\">\u201cQue tal se a gente puder ter leite de cabra longa vida, leite em p\u00f3, al\u00e9m do iogurte, do queijo e de tudo aquilo que se trabalha, permitindo que a gente possa vender da Para\u00edba para o Brasil e, quem sabe, para o mundo?\u201d, afirmou.<\/p>\n<p class=\"isSelectedEnd\">O ministro tamb\u00e9m defendeu o fortalecimento do cooperativismo no Cariri. Segundo ele, a organiza\u00e7\u00e3o dos produtores em estruturas maiores pode garantir escala suficiente para ampliar a produ\u00e7\u00e3o, industrializa\u00e7\u00e3o e comercializa\u00e7\u00e3o.<\/p>\n<p class=\"isSelectedEnd\">\u201cEu tenho defendido, para n\u00e3o pulverizar demais, uma central de cooperativas. Junta v\u00e1rias cooperativas, cria um CNPJ e a\u00ed n\u00f3s vamos ter escala de entrega de leite para garantir escala na produ\u00e7\u00e3o de leite em p\u00f3\u201d, explicou.<\/p>\n<p class=\"isSelectedEnd\">Wellington Dias projetou ainda a possibilidade de o produto paraibano alcan\u00e7ar programas internacionais de combate \u00e0 fome.<\/p>\n<p class=\"isSelectedEnd\">\u201cEu quero ter o privil\u00e9gio, ainda neste mandato do presidente Lula, de poder voltar aqui para a gente entregar leite em p\u00f3 de cabra para o Programa Mundial de Alimentos. Est\u00e1 passando fome? A Para\u00edba agora vai ajudar a matar a fome\u201d, declarou.<\/p>\n<p class=\"isSelectedEnd\">A passagem pelo Cariri tamb\u00e9m abre espa\u00e7o para discuss\u00f5es sobre demandas dos munic\u00edpios e pol\u00edticas do Governo Federal direcionadas \u00e0 agricultura familiar, seguran\u00e7a alimentar, cooperativismo e desenvolvimento regional.<\/p>\n<p class=\"isSelectedEnd\">Durante a entrevista exclusiva ao Cariri em A\u00e7\u00e3o, Wellington Dias tamb\u00e9m destacou programas sociais e a\u00e7\u00f5es de gera\u00e7\u00e3o de oportunidades. Para o ministro, o caminho para superar a pobreza passa pela integra\u00e7\u00e3o de tr\u00eas frentes: emprego, empreendedorismo e cooperativismo.<\/p>\n<p>\u201cDe um lado, tirar da fome e ajudar a superar a pobreza. Para superar a pobreza, \u00e9 emprego e empreendedorismo. Estamos trabalhando emprego, empreendedorismo e cooperativismo como tr\u00eas \u00e2ncoras\u201d, concluiu.<\/p>\n<p><strong>CARIRI EM A\u00c7\u00c3O<\/strong><\/p>\n","protected":false},"excerpt":{"rendered":"<p>O ministro do Desenvolvimento e Assist\u00eancia Social, Fam\u00edlia e Combate \u00e0 Fome, Wellington Dias, cumpre agenda nesta quinta-feira (27) no Cariri paraibano. Ao desembarcar no aeroporto de Monteiro, o ministro concedeu entrevista exclusiva ao Cariri em A\u00e7\u00e3o e destacou a\u00e7\u00f5es do Governo Federal voltadas \u00e0 conviv\u00eancia com o semi\u00e1rido, seguran\u00e7a alimentar, agricultura familiar e fortalecimento da cadeia produtiva do leite de cabra. Durante a entrevista, Wellington Dias ressaltou o potencial da caprinocultura para o desenvolvimento econ\u00f4mico da regi\u00e3o e defendeu pol\u00edticas que permitam aos produtores conviver com as caracter\u00edsticas clim\u00e1ticas do semi\u00e1rido, especialmente diante dos efeitos das mudan\u00e7as clim\u00e1ticas. \u201cN\u00e3o \u00e9 poss\u00edvel ser contra a seca. N\u00f3s temos que aprender a conviver, e agora mais gravemente com as mudan\u00e7as clim\u00e1ticas. Temos plantas e animais que convivem bem com a seca, com essa irregularidade de chuva e com a natureza da regi\u00e3o\u201d, afirmou. Para o ministro, a cria\u00e7\u00e3o de caprinos representa uma das principais alternativas para gera\u00e7\u00e3o de renda no semi\u00e1rido. Wellington Dias destacou ainda o protagonismo da Para\u00edba na produ\u00e7\u00e3o de leite de cabra e as possibilidades de expans\u00e3o do setor. \u201cEu diria at\u00e9 que o bode \u00e9 o s\u00edmbolo da conviv\u00eancia com a seca. Desde 2023 apoiamos as cooperativas para que a gente pudesse dar um passo adiante. A Para\u00edba \u00e9 o melhor exemplo para o Brasil no programa do leite\u201d, destacou. Entre os an\u00fancios citados durante a entrevista, o ministro informou a libera\u00e7\u00e3o de R$ 38 milh\u00f5es para o Programa de Aquisi\u00e7\u00e3o de Alimentos na modalidade leite e destacou uma compra de 37 toneladas de leite de cabra em p\u00f3, que ser\u00e1 distribu\u00eddo na pr\u00f3pria Para\u00edba. Wellington Dias afirmou que a inten\u00e7\u00e3o \u00e9 avan\u00e7ar na industrializa\u00e7\u00e3o da produ\u00e7\u00e3o, agregando valor ao leite produzido pelos criadores e ampliando as possibilidades de comercializa\u00e7\u00e3o. \u201cQue tal se a gente puder ter leite de cabra longa vida, leite em p\u00f3, al\u00e9m do iogurte, do queijo e de tudo aquilo que se trabalha, permitindo que a gente possa vender da Para\u00edba para o Brasil e, quem sabe, para o mundo?\u201d, afirmou. O ministro tamb\u00e9m defendeu o fortalecimento do cooperativismo no Cariri. Segundo ele, a organiza\u00e7\u00e3o dos produtores em estruturas maiores pode garantir escala suficiente para ampliar a produ\u00e7\u00e3o, industrializa\u00e7\u00e3o e comercializa\u00e7\u00e3o. \u201cEu tenho defendido, para n\u00e3o pulverizar demais, uma central de cooperativas. Junta v\u00e1rias cooperativas, cria um CNPJ e a\u00ed n\u00f3s vamos ter escala de entrega de leite para garantir escala na produ\u00e7\u00e3o de leite em p\u00f3\u201d, explicou. Wellington Dias projetou ainda a possibilidade de o produto paraibano alcan\u00e7ar programas internacionais de combate \u00e0 fome. \u201cEu quero ter o privil\u00e9gio, ainda neste mandato do presidente Lula, de poder voltar aqui para a gente entregar leite em p\u00f3 de cabra para o Programa Mundial de Alimentos. Est\u00e1 passando fome? A Para\u00edba agora vai ajudar a matar a fome\u201d, declarou. A passagem pelo Cariri tamb\u00e9m abre espa\u00e7o para discuss\u00f5es sobre demandas dos munic\u00edpios e pol\u00edticas do Governo Federal direcionadas \u00e0 agricultura familiar, seguran\u00e7a alimentar, cooperativismo e desenvolvimento regional. Durante a entrevista exclusiva ao Cariri em A\u00e7\u00e3o, Wellington Dias tamb\u00e9m destacou programas sociais e a\u00e7\u00f5es de gera\u00e7\u00e3o de oportunidades. Para o ministro, o caminho para superar a pobreza passa pela integra\u00e7\u00e3o de tr\u00eas frentes: emprego, empreendedorismo e cooperativismo. \u201cDe um lado, tirar da fome e ajudar a superar a pobreza. Para superar a pobreza, \u00e9 emprego e empreendedorismo. Estamos trabalhando emprego, empreendedorismo e cooperativismo como tr\u00eas \u00e2ncoras\u201d, concluiu. CARIRI EM A\u00c7\u00c3O<\/p>\n","protected":false},"author":6,"featured_media":320639,"comment_status":"closed","ping_status":"closed","sticky":false,"template":"","format":"standard","meta":{"sfsi_plus_gutenberg_text_before_share":"","sfsi_plus_gutenberg_show_text_before_share":"","sfsi_plus_gutenberg_icon_type":"","sfsi_plus_gutenberg_icon_alignemt":"","sfsi_plus_gutenburg_max_per_row":"","footnotes":""},"categories":[106],"tags":[],"class_list":["post-320638","post","type-post","status-publish","format-standard","has-post-thumbnail","hentry","category-cariri"],"_links":{"self":[{"href":"https:\/\/www.caririemacao.com\/1\/wp-json\/wp\/v2\/posts\/320638","targetHints":{"allow":["GET"]}}],"collection":[{"href":"https:\/\/www.caririemacao.com\/1\/wp-json\/wp\/v2\/posts"}],"about":[{"href":"https:\/\/www.caririemacao.com\/1\/wp-json\/wp\/v2\/types\/post"}],"author":[{"embeddable":true,"href":"https:\/\/www.caririemacao.com\/1\/wp-json\/wp\/v2\/users\/6"}],"replies":[{"embeddable":true,"href":"https:\/\/www.caririemacao.com\/1\/wp-json\/wp\/v2\/comments?post=320638"}],"version-history":[{"count":1,"href":"https:\/\/www.caririemacao.com\/1\/wp-json\/wp\/v2\/posts\/320638\/revisions"}],"predecessor-version":[{"id":320640,"href":"https:\/\/www.caririemacao.com\/1\/wp-json\/wp\/v2\/posts\/320638\/revisions\/320640"}],"wp:featuredmedia":[{"embeddable":true,"href":"https:\/\/www.caririemacao.com\/1\/wp-json\/wp\/v2\/media\/320639"}],"wp:attachment":[{"href":"https:\/\/www.caririemacao.com\/1\/wp-json\/wp\/v2\/media?parent=320638"}],"wp:term":[{"taxonomy":"category","embeddable":true,"href":"https:\/\/www.caririemacao.com\/1\/wp-json\/wp\/v2\/categories?post=320638"},{"taxonomy":"post_tag","embeddable":true,"href":"https:\/\/www.caririemacao.com\/1\/wp-json\/wp\/v2\/tags?post=320638"}],"curies":[{"name":"wp","href":"https:\/\/api.w.org\/{rel}","templated":true}]}}