{"id":320658,"date":"2026-08-27T15:13:20","date_gmt":"2026-08-27T18:13:20","guid":{"rendered":"https:\/\/www.caririemacao.com\/1\/?p=320658"},"modified":"2026-08-27T15:13:20","modified_gmt":"2026-08-27T18:13:20","slug":"candidatos-com-identidades-inusitadas-concorrem-nas-eleicoes-de-2026","status":"publish","type":"post","link":"https:\/\/www.caririemacao.com\/1\/2026\/08\/27\/candidatos-com-identidades-inusitadas-concorrem-nas-eleicoes-de-2026\/","title":{"rendered":"Candidatos com Identidades Inusitadas Concorrem nas Elei\u00e7\u00f5es de 2026"},"content":{"rendered":"<p>A campanha eleitoral de 2026 iniciou-se oficialmente no \u00faltimo domingo (16), abrindo espa\u00e7o para milhares de candidatos a se registrar na Justi\u00e7a Eleitoral. Entre esses inscritos, destacam-se nomes que se destacam pela criatividade, humor e refer\u00eancias \u00e0 cultura popular.<\/p>\n<p>A legisla\u00e7\u00e3o brasileira permite que candidatos utilizem apelidos, sobrenomes, cognomes ou nomes pelos quais s\u00e3o conhecidos publicamente. Contudo, existem algumas restri\u00e7\u00f5es: o nome de urna n\u00e3o pode ultrapassar 30 caracteres nem conter express\u00f5es consideradas ofensivas, atentat\u00f3rias ao pudor ou propensas a gerar confus\u00e3o entre os eleitores.<\/p>\n<p>Dentro desse contexto regulamentar, diversos candidatos optaram por identidades inusitadas para se destacar nas urnas. Abaixo, apresentamos alguns exemplos.<\/p>\n<h3>Apelidos s\u00e3o totalmente permitidos<\/h3>\n<p><strong>Macarr\u00e3o<\/strong><br \/>\nEmerson de Abreu Santana, de 52 anos, disputar\u00e1 uma vaga de deputado federal por S\u00e3o Paulo pelo Partido dos Trabalhadores. Trata-se de sua quarta participa\u00e7\u00e3o nas elei\u00e7\u00f5es, sendo a segunda tentativa de chegar \u00e0 C\u00e2mara dos Deputados. Nas competi\u00e7\u00f5es anteriores, ele sempre terminou como suplente.<\/p>\n<p><strong>Japon\u00eas das Ca\u00e7ambas<\/strong><br \/>\nSergio da Silva Tobace, candidato a deputado federal por S\u00e3o Paulo pelo Partido Progressista, busca sua quarta vit\u00f3ria. Ex-vereador de Barretos, ele j\u00e1 participou de concursos anteriores ao Legislativo federal, mas sempre foi eleito como suplente.<\/p>\n<p><strong>Preto de Direita<\/strong><br \/>\nClaudio Dias Antoni Ferreira disputar\u00e1 uma vaga de deputado federal pelo Partido Liberal por S\u00e3o Paulo. Esta \u00e9 sua segunda candidatura ao cargo, utilizando um nome de urna que faz alus\u00e3o aos debates constantes nas redes sociais sobre posicionamentos pol\u00edticos e identidade racial.<\/p>\n<p><strong>A Hespanhol do Posto<\/strong><br \/>\nGizelia Rosa Hespanhol concorre \u00e0 deputada estadual pelo Esp\u00edrito Santo, filiada ao Podemos. Trata-se de sua primeira disputa eleitoral.<\/p>\n<p><strong>Dercinho, o Neg\u00e3o do Caminh\u00e3o<\/strong><br \/>\nAnderson de Jesus Laureano, candidato a deputado federal por S\u00e3o Paulo pelo Uni\u00e3o, tem 52 anos e j\u00e1 n\u00e3o \u00e9 novato nas elei\u00e7\u00f5es. Esta ser\u00e1 sua quinta disputa eleitoral, embora seja a primeira vez que tenta ser deputado federal. Anteriormente, ele j\u00e1 se candidatou quatro vezes como vereador de S\u00e3o Vicente e conquistou dois cargos.<\/p>\n<p><strong>Gringo Motoka<\/strong><br \/>\nEdgar Francisco da Silva, apelidado de &#8220;Gringo Motoka&#8221;, \u00e9 brasileiro apesar do nome. Candidato a deputado federal em S\u00e3o Paulo pelo PSB, essa ser\u00e1 sua segunda disputa eleitoral. Retomou o mesmo nome em 2024, quando tentou uma vaga de vereador na cidade de S\u00e3o Paulo.<\/p>\n<p><strong>C.J GTA<\/strong><br \/>\nMateus Sena Costa, candidato a deputado federal no Distrito Federal pelo Democrata, tem 33 anos e disputa sua primeira elei\u00e7\u00e3o. Seu nome \u00e9 uma refer\u00eancia ao personagem do famoso videogame Grand Theft Auto: San Andreas. O candidato possui um canal no YouTube onde realiza imita\u00e7\u00f5es do personagem e de sua postura caracter\u00edstica. Alguns de seus v\u00eddeos j\u00e1 ganharam grande audi\u00eancia.<\/p>\n<p><strong>Celebridades inesperadas<\/strong><br \/>\nAl\u00e9m dos apelidos criativos, alguns candidatos escolheram incorporar nomes associados a personalidades famosas da m\u00fasica, do esporte e da cultura popular.<\/p>\n<p><strong>Mick Jagger<\/strong><br \/>\nWalcy Calixto Vieira concorre a deputado estadual em Goi\u00e1s pelo PT. Com 66 anos, disputa sua s\u00e9tima elei\u00e7\u00e3o e utiliza o nome &#8220;Mick Jagger&#8221; pela terceira vez consecutiva. Em todas as candidaturas anteriores, terminou como suplente.<\/p>\n<p><strong>Capit\u00e3o Maradona<\/strong><br \/>\nEures Pessoa e Silva \u00e9 candidato a deputado estadual na Para\u00edba pelo Republicanos. Trata-se de sua quarta participa\u00e7\u00e3o nas elei\u00e7\u00f5es. Antes de tentar uma vaga na Assembleia Legislativa, ele disputou duas vezes a C\u00e2mara Municipal de Jo\u00e3o Pessoa.<\/p>\n<p><strong>Biro Biro<\/strong><br \/>\nAntoni Marques de Oliveira concorre a deputado federal pelo PSDB em Mato Grosso. Em sua quinta elei\u00e7\u00e3o, utiliza pela terceira vez o apelido &#8220;Biro Biro&#8221;. Na primeira candidatura, havia optado por &#8220;Biro Biro do Futebol&#8221;, mas simplificou o nome nas disputas subsequentes.<\/p>\n<p><strong>Thor da Direita<\/strong><br \/>\nHugo Fernando Ponce Ribeiro \u00e9 candidato a deputado federal em S\u00e3o Paulo pelo AVANTE. Natural de Campinas, ele tentou como vereador na \u00faltima elei\u00e7\u00e3o municipal, mas n\u00e3o foi eleito. Seu nome remete \u00e0 semelhan\u00e7a com o personagem de filmes da Marvel, &#8220;Thor&#8221;, interpretado por Chris Hemsworth.<\/p>\n<p><strong>Pol\u00edticos com Identidades Surpreendentes<\/strong><br \/>\nEntre os registros mais curiosos, encontram-se casos que misturam refer\u00eancias a figuras pol\u00edticas nacionais e internacionais.<\/p>\n<p><strong>Lula da Tapioca<\/strong><br \/>\nLuiz Gonzaga Rodrigues Filho, de 51 anos, disputa uma vaga de deputado federal pelo Movimento Brasil Independentemente. Trata-se de sua segunda candidatura com o mesmo nome de urna. Em 2024, tentou se eleger vereador em Jo\u00e3o Pessoa, mas ficou como suplente.<\/p>\n<p><strong>Lula do Bem<\/strong><br \/>\nFiliado ao PL e candidato a deputado federal por S\u00e3o Paulo, C\u00e9lio Jos\u00e9 de Morais, de 71 anos, adotou um novo nome de urna nesta elei\u00e7\u00e3o. Em 2024, quando foi eleito vereador em Jaboticabal, concorreu usando &#8220;Dr. C\u00e9lio Jos\u00e9 de Morais&#8221;. Agora, passa a se apresentar como &#8220;Lula do Bem&#8221;, devido \u00e0 sua semelhan\u00e7a com o presidente Luiz In\u00e1cio Lula da Silva (PT) e \u00e0 sua diverg\u00eancia com as ideias dele.<\/p>\n<p><strong>Pl\u00ednio Trump<\/strong><br \/>\nCandidato a deputado federal por Minas Gerais pelo Novo, Pl\u00ednio Vicentin Junior afirma que o apelido surgiu devido \u00e0 semelhan\u00e7a f\u00edsica com o presidente dos Estados Unidos, Donald Trump. Nas redes sociais, ele tamb\u00e9m costuma usar slogans inspirados no pol\u00edtico norte-americano, como &#8220;Make Minas Great Again&#8221;.<\/p>\n<p><strong>Bolsonaro da Shopee<\/strong><br \/>\nVilmar Rigo disputa sua primeira elei\u00e7\u00e3o como candidato a deputado estadual em Mato Grosso pelo Novo. O nome de urna faz refer\u00eancia \u00e0 semelhan\u00e7a f\u00edsica com o ex-presidente Jair Bolsonaro e ao uso popular da express\u00e3o &#8220;da Shopee&#8221;, frequentemente associada a vers\u00f5es alternativas ou imitadas de figuras conhecidas.<\/p>\n<p><strong>Link de Canal<\/strong><\/p>\n<p><em>Fonte: Portal Correio<\/em><\/p>\n","protected":false},"excerpt":{"rendered":"<p>A campanha eleitoral de 2026 come\u00e7ou oficialmente no \u00faltimo domingo (16), liberando candidatos de todo o pa\u00eds para pedir votos e fazer propaganda nas ruas e na internet. Entre milhares de registros apresentados \u00e0 Justi\u00e7a Eleitoral, alguns nomes de urna chamam a aten\u00e7\u00e3o pela criatividade, pelo humor e pelas refer\u00eancias \u00e0 cultura popular. (Essa mat\u00e9ria foi publicada antes [\u2026]<\/p>\n","protected":false},"author":0,"featured_media":320659,"comment_status":"closed","ping_status":"closed","sticky":false,"template":"","format":"standard","meta":{"sfsi_plus_gutenberg_text_before_share":"","sfsi_plus_gutenberg_show_text_before_share":"","sfsi_plus_gutenberg_icon_type":"","sfsi_plus_gutenberg_icon_alignemt":"","sfsi_plus_gutenburg_max_per_row":"","footnotes":""},"categories":[104],"tags":[],"class_list":["post-320658","post","type-post","status-publish","format-standard","has-post-thumbnail","hentry","category-paraiba"],"_links":{"self":[{"href":"https:\/\/www.caririemacao.com\/1\/wp-json\/wp\/v2\/posts\/320658","targetHints":{"allow":["GET"]}}],"collection":[{"href":"https:\/\/www.caririemacao.com\/1\/wp-json\/wp\/v2\/posts"}],"about":[{"href":"https:\/\/www.caririemacao.com\/1\/wp-json\/wp\/v2\/types\/post"}],"replies":[{"embeddable":true,"href":"https:\/\/www.caririemacao.com\/1\/wp-json\/wp\/v2\/comments?post=320658"}],"version-history":[{"count":1,"href":"https:\/\/www.caririemacao.com\/1\/wp-json\/wp\/v2\/posts\/320658\/revisions"}],"predecessor-version":[{"id":320660,"href":"https:\/\/www.caririemacao.com\/1\/wp-json\/wp\/v2\/posts\/320658\/revisions\/320660"}],"wp:featuredmedia":[{"embeddable":true,"href":"https:\/\/www.caririemacao.com\/1\/wp-json\/wp\/v2\/media\/320659"}],"wp:attachment":[{"href":"https:\/\/www.caririemacao.com\/1\/wp-json\/wp\/v2\/media?parent=320658"}],"wp:term":[{"taxonomy":"category","embeddable":true,"href":"https:\/\/www.caririemacao.com\/1\/wp-json\/wp\/v2\/categories?post=320658"},{"taxonomy":"post_tag","embeddable":true,"href":"https:\/\/www.caririemacao.com\/1\/wp-json\/wp\/v2\/tags?post=320658"}],"curies":[{"name":"wp","href":"https:\/\/api.w.org\/{rel}","templated":true}]}}