{"id":320669,"date":"2026-08-27T15:23:21","date_gmt":"2026-08-27T18:23:21","guid":{"rendered":"https:\/\/www.caririemacao.com\/1\/?p=320669"},"modified":"2026-08-27T15:23:21","modified_gmt":"2026-08-27T18:23:21","slug":"uepb-convoca-professores-aprovados-em-concurso-de-2024","status":"publish","type":"post","link":"https:\/\/www.caririemacao.com\/1\/2026\/08\/27\/uepb-convoca-professores-aprovados-em-concurso-de-2024\/","title":{"rendered":"UEPB convoca professores aprovados em concurso de 2024"},"content":{"rendered":"<p class=\"wp-block-paragraph\">A Universidade Estadual da Para\u00edba (UEPB) convocou 9 candidatos aprovados no concurso p\u00fablico para professores efetivos, realizado em 2024. A convoca\u00e7\u00e3o foi publicada no Di\u00e1rio Oficial do Estado desta quinta-feira (27).<\/p>\n<ul class=\"wp-block-list\">\n<li><strong><a href=\"https:\/\/auniao.pb.gov.br\/servicos\/doe\/2026\/agosto\/diario-oficial-27-08-2026-portal.pdf\" target=\"_blank\" rel=\"noreferrer noopener\">Clique aqui para conferir as convoca\u00e7\u00f5es<\/a><\/strong><\/li>\n<\/ul>\n<p class=\"wp-block-paragraph\">Os convocados devem enviar a documenta\u00e7\u00e3o exigida no<strong>\u00a0<a href=\"https:\/\/auniao.pb.gov.br\/servicos\/doe\/2026\/agosto\/diario-oficial-27-08-2026-portal.pdf\" target=\"_blank\" rel=\"noreferrer noopener\">edital<\/a><\/strong>\u00a0para dar continuidade aos procedimentos de cadastro e posse. O prazo \u00e9 de 30 dias corridos, contados a partir da publica\u00e7\u00e3o da nomea\u00e7\u00e3o, para cadastro e demais procedimentos relacionados \u00e0 posse.<\/p>\n<p class=\"wp-block-paragraph\">O concurso teve o resultado final homologado em 2024 e permanece v\u00e1lido at\u00e9 2 de outubro de 2026.<\/p>\n<p class=\"wp-block-paragraph\">O concurso da UEPB para professor ofertou, em 2024, 47 vagas para professores efetivos, com remunera\u00e7\u00f5es entre R$ 6.353,38 e R$ 8.338,82. As inscri\u00e7\u00f5es aconteceram no in\u00edcio de 2024, e o processo seletivo contou com provas escritas, orais e de t\u00edtulos.<\/p>\n<p class=\"wp-block-paragraph\">CARIRI EM A\u00c7\u00c3O<\/p>\n<p class=\"wp-block-paragraph\">Com Jornal da Para\u00edba<\/p>\n","protected":false},"excerpt":{"rendered":"<p>A Universidade Estadual da Para\u00edba (UEPB) convocou 9 candidatos aprovados no concurso p\u00fablico para professores efetivos, realizado em 2024. A convoca\u00e7\u00e3o foi publicada no Di\u00e1rio Oficial do Estado desta quinta-feira (27). Clique aqui para conferir as convoca\u00e7\u00f5es Os convocados devem enviar a documenta\u00e7\u00e3o exigida no\u00a0edital\u00a0para dar continuidade aos procedimentos de cadastro e posse. O prazo \u00e9 de 30 dias corridos, contados a partir da publica\u00e7\u00e3o da nomea\u00e7\u00e3o, para cadastro e demais procedimentos relacionados \u00e0 posse. O concurso teve o resultado final homologado em 2024 e permanece v\u00e1lido at\u00e9 2 de outubro de 2026. O concurso da UEPB para professor ofertou, em 2024, 47 vagas para professores efetivos, com remunera\u00e7\u00f5es entre R$ 6.353,38 e R$ 8.338,82. As inscri\u00e7\u00f5es aconteceram no in\u00edcio de 2024, e o processo seletivo contou com provas escritas, orais e de t\u00edtulos. CARIRI EM A\u00c7\u00c3O Com Jornal da Para\u00edba<\/p>\n","protected":false},"author":6,"featured_media":320670,"comment_status":"closed","ping_status":"closed","sticky":false,"template":"","format":"standard","meta":{"sfsi_plus_gutenberg_text_before_share":"","sfsi_plus_gutenberg_show_text_before_share":"","sfsi_plus_gutenberg_icon_type":"","sfsi_plus_gutenberg_icon_alignemt":"","sfsi_plus_gutenburg_max_per_row":"","footnotes":""},"categories":[6,50],"tags":[],"class_list":["post-320669","post","type-post","status-publish","format-standard","has-post-thumbnail","hentry","category-cidades","category-destaque"],"_links":{"self":[{"href":"https:\/\/www.caririemacao.com\/1\/wp-json\/wp\/v2\/posts\/320669","targetHints":{"allow":["GET"]}}],"collection":[{"href":"https:\/\/www.caririemacao.com\/1\/wp-json\/wp\/v2\/posts"}],"about":[{"href":"https:\/\/www.caririemacao.com\/1\/wp-json\/wp\/v2\/types\/post"}],"author":[{"embeddable":true,"href":"https:\/\/www.caririemacao.com\/1\/wp-json\/wp\/v2\/users\/6"}],"replies":[{"embeddable":true,"href":"https:\/\/www.caririemacao.com\/1\/wp-json\/wp\/v2\/comments?post=320669"}],"version-history":[{"count":1,"href":"https:\/\/www.caririemacao.com\/1\/wp-json\/wp\/v2\/posts\/320669\/revisions"}],"predecessor-version":[{"id":320671,"href":"https:\/\/www.caririemacao.com\/1\/wp-json\/wp\/v2\/posts\/320669\/revisions\/320671"}],"wp:featuredmedia":[{"embeddable":true,"href":"https:\/\/www.caririemacao.com\/1\/wp-json\/wp\/v2\/media\/320670"}],"wp:attachment":[{"href":"https:\/\/www.caririemacao.com\/1\/wp-json\/wp\/v2\/media?parent=320669"}],"wp:term":[{"taxonomy":"category","embeddable":true,"href":"https:\/\/www.caririemacao.com\/1\/wp-json\/wp\/v2\/categories?post=320669"},{"taxonomy":"post_tag","embeddable":true,"href":"https:\/\/www.caririemacao.com\/1\/wp-json\/wp\/v2\/tags?post=320669"}],"curies":[{"name":"wp","href":"https:\/\/api.w.org\/{rel}","templated":true}]}}