{"id":320684,"date":"2026-08-27T18:13:14","date_gmt":"2026-08-27T21:13:14","guid":{"rendered":"https:\/\/www.caririemacao.com\/1\/?p=320684"},"modified":"2026-08-27T18:13:14","modified_gmt":"2026-08-27T21:13:14","slug":"incendio-atinge-area-interna-do-centro-comercial-de-passagem-em-joao-pessoa","status":"publish","type":"post","link":"https:\/\/www.caririemacao.com\/1\/2026\/08\/27\/incendio-atinge-area-interna-do-centro-comercial-de-passagem-em-joao-pessoa\/","title":{"rendered":"Inc\u00eandio atinge \u00e1rea interna do Centro Comercial de Passagem, em Jo\u00e3o Pessoa"},"content":{"rendered":"<p>Imagens capturadas dentro do Centro Comercial de Passagem revelam um inc\u00eandio que atingiu a \u00e1rea interna do local, situado no Parque Solon de Lucena, no centro de Jo\u00e3o Pessoa, na tarde de quinta-feira (27). As chamas foram subsequentemente apagadas. Veja o v\u00eddeo abaixo.<\/p>\n<p>De acordo com informa\u00e7\u00f5es obtidas pela TV Cabo Branco, as chamas estenderam-se \u00e0 parte interna do centro comercial. Testemunhas e imagens mostram comerciantes removendo mercadorias, principalmente pe\u00e7as de vestu\u00e1rio, enquanto os bombeiros lutavam contra o fogo. As fotos tamb\u00e9m evidenciam a extens\u00e3o do inc\u00eandio na regi\u00e3o afetada.<\/p>\n<p>A Secretaria Municipal de Desenvolvimento Urbano (Sedurb), respons\u00e1vel pelo gerenciamento dos mercados p\u00fablicos da cidade, informou que ainda n\u00e3o havia detalhes espec\u00edficos sobre a ocorr\u00eancia. O Corpo de Bombeiros foi acionado para intervir e deslocou sete viaturas ao local. At\u00e9 o momento, nenhuma v\u00edtima foi registrada e a causa do inc\u00eandio permanece desconhecida.<\/p>\n<p>Em 2020, o mesmo local j\u00e1 sofreu outra ocorr\u00eancia de inc\u00eandio, quando as chamas surgiram em um estabelecimento comercial que vendia tapiocas.<\/p>\n<p><em>Fonte: G1 Para\u00edba<\/em><\/p>\n","protected":false},"excerpt":{"rendered":"<p>Imagens de dentro do Centro de Passagem em Jo\u00e3o Pessoa mostram inc\u00eandio Imagens mostra o inc\u00eandio que atingiu o Centro Comercial de Passagem, localizado no Parque Solon de Lucena, no Centro de Jo\u00e3o Pessoa, na tarde desta quinta-feira (27). As chamas foram apagadas posteriormente. Veja o v\u00eddeo acima. &#x2705; Clique aqui para seguir o canal do g1 PB no WhatsApp Segundo informa\u00e7\u00f5es apuradas pela TV Cabo Branco, as chamas atingiram a \u00e1rea interna do local. Imagens obtidas pela reportagem mostram comerciantes retirando produtos do centro comercial, principalmente pe\u00e7as de vestu\u00e1rio, enquanto o fogo era combatido. Tamb\u00e9m pelas imagens, \u00e9 poss\u00edvel ver o tamanho que o fogo atingiu na \u00e1rea interna do local. Ao g1, o Corpo de Bombeiros informou que foi acionado para atender a ocorr\u00eancia e deslocou sete viaturas. At\u00e9 o momento, n\u00e3o h\u00e1 informa\u00e7\u00f5es sobre feridos nem sobre as causas do inc\u00eandio. A Secretaria Municipal de Desenvolvimento Urbano (Sedurb), respons\u00e1vel pelo gerenciamento dos mercados p\u00fablicos da capital, informou que ainda n\u00e3o tinha detalhes sobre a ocorr\u00eancia. Em 2020, o local tamb\u00e9m j\u00e1 teve o registro de outro inc\u00eandio. Naquela oportunidade, as chamas come\u00e7aram em um estabelecimento comercial que vendia tapiocas. Inc\u00eandio no Centro Comercial de Passagem, em Jo\u00e3o Pessoa D\u00e9bora Luz\/TV Cabo Branco V\u00eddeos mais assistidos do g1 Para\u00edba<\/p>\n","protected":false},"author":0,"featured_media":320685,"comment_status":"closed","ping_status":"closed","sticky":false,"template":"","format":"standard","meta":{"sfsi_plus_gutenberg_text_before_share":"","sfsi_plus_gutenberg_show_text_before_share":"","sfsi_plus_gutenberg_icon_type":"","sfsi_plus_gutenberg_icon_alignemt":"","sfsi_plus_gutenburg_max_per_row":"","footnotes":""},"categories":[104],"tags":[],"class_list":["post-320684","post","type-post","status-publish","format-standard","has-post-thumbnail","hentry","category-paraiba"],"_links":{"self":[{"href":"https:\/\/www.caririemacao.com\/1\/wp-json\/wp\/v2\/posts\/320684","targetHints":{"allow":["GET"]}}],"collection":[{"href":"https:\/\/www.caririemacao.com\/1\/wp-json\/wp\/v2\/posts"}],"about":[{"href":"https:\/\/www.caririemacao.com\/1\/wp-json\/wp\/v2\/types\/post"}],"replies":[{"embeddable":true,"href":"https:\/\/www.caririemacao.com\/1\/wp-json\/wp\/v2\/comments?post=320684"}],"version-history":[{"count":1,"href":"https:\/\/www.caririemacao.com\/1\/wp-json\/wp\/v2\/posts\/320684\/revisions"}],"predecessor-version":[{"id":320686,"href":"https:\/\/www.caririemacao.com\/1\/wp-json\/wp\/v2\/posts\/320684\/revisions\/320686"}],"wp:featuredmedia":[{"embeddable":true,"href":"https:\/\/www.caririemacao.com\/1\/wp-json\/wp\/v2\/media\/320685"}],"wp:attachment":[{"href":"https:\/\/www.caririemacao.com\/1\/wp-json\/wp\/v2\/media?parent=320684"}],"wp:term":[{"taxonomy":"category","embeddable":true,"href":"https:\/\/www.caririemacao.com\/1\/wp-json\/wp\/v2\/categories?post=320684"},{"taxonomy":"post_tag","embeddable":true,"href":"https:\/\/www.caririemacao.com\/1\/wp-json\/wp\/v2\/tags?post=320684"}],"curies":[{"name":"wp","href":"https:\/\/api.w.org\/{rel}","templated":true}]}}