{"id":320690,"date":"2026-08-27T20:13:36","date_gmt":"2026-08-27T23:13:36","guid":{"rendered":"https:\/\/www.caririemacao.com\/1\/?p=320690"},"modified":"2026-08-27T20:13:36","modified_gmt":"2026-08-27T23:13:36","slug":"corrida-desesperada-em-frente-ao-fogo-testemunhas-descrevem-incendio-no-centro-comercial-de-passagem","status":"publish","type":"post","link":"https:\/\/www.caririemacao.com\/1\/2026\/08\/27\/corrida-desesperada-em-frente-ao-fogo-testemunhas-descrevem-incendio-no-centro-comercial-de-passagem\/","title":{"rendered":"Corrida desesperada em frente ao fogo: testemunhas descrevem inc\u00eandio no Centro Comercial de Passagem"},"content":{"rendered":"<p>Inc\u00eandio ocorreu no Centro Comercial de Passagem, situado no Parque Solon de Lucena, em Jo\u00e3o Pessoa, onde testemunhas relataram uma cena ca\u00f3tica marcada por p\u00e2nico e dificuldades de evacua\u00e7\u00e3o.<\/p>\n<p>A situa\u00e7\u00e3o se agravou quando o fogo, inicialmente controlado por volta das 18h15, apresentou um novo ponto de inc\u00eandio posteriormente \u00e0 noite. Para a TV Cabo Branco, a aposentada Maria da Concei\u00e7\u00e3o, que havia deixado seu celular para fazer um conserto em uma loja dentro do centro comercial, descreveu o momento como extremamente confuso: &#8220;E quando eu tava aguardando uma pessoa veio correndo e disse &#8216;t\u00e1 pegando fogo na tua loja&#8217;, em quest\u00e3o de segundos o fogo alcan\u00e7ou o teto, come\u00e7ou a ficar alto, uma fuma\u00e7a preta come\u00e7ou a se espalhar, as pessoas come\u00e7aram a gritar, sair correndo, os donos de loja fechando as portas, outros tentando salvar alguma coisa. At\u00e9 uma senhora l\u00e1, que podia ser lojista, tava passando mal (&#8230;) A cena era muito triste, o fogo estava muito alto e as pessoas estavam desesperadas, porque um inc\u00eandio daquela propor\u00e7\u00e3o \u00e9 pra perder tudo&#8221;.<\/p>\n<p>Outra testemunha, que preferiu manter o anonimato, tamb\u00e9m foi entrevistada pela TV Cabo Branco e relatou que tentou auxiliar na extin\u00e7\u00e3o das chamas, sofrendo ferimentos e inalando a fuma\u00e7a expelida durante o incidente.<\/p>\n<p>De acordo com o Corpo de Bombeiros, sete pessoas foram atendidas devido a inala\u00e7\u00e3o de fuma\u00e7a, embora nenhuma tenha sido atingida diretamente pelas chamas. O Corpo deslocou sete viaturas para o local e aguarda o laudo t\u00e9cnico para determinar as causas do inc\u00eandio.<\/p>\n<p>A Secretaria de Desenvolvimento Urbano (Sedurb) informou que ningu\u00e9m ficou ferido pelo inc\u00eandio e que tr\u00eas boxes foram danificados, sendo eles isolados temporariamente. A secretaria tamb\u00e9m anunciou que se reunir\u00e1 com os comerciantes para avaliar os danos causados e verificar as condi\u00e7\u00f5es de funcionamento do local.<\/p>\n<p>Imagens obtidas pela TV Cabo Branco mostram comerciantes removendo produtos do centro comercial, especialmente pe\u00e7as de vestu\u00e1rio, enquanto as chamas continuavam a consumir o edif\u00edcio. As imagens capturam a tens\u00e3o presente entre os comerciantes e os clientes que tentavam escapar do local em seguran\u00e7a.<\/p>\n<p><em>Fonte: G1 Para\u00edba<\/em><\/p>\n","protected":false},"excerpt":{"rendered":"<p>Inc\u00eandio \u00e9 registrado em centro comercial de Jo\u00e3o Pessoa Testemunhas do inc\u00eandio que atingiu o Centro Comercial de Passagem, localizado no Parque Solon de Lucena, em Jo\u00e3o Pessoa, relataram a apreens\u00e3o que o momento gerou em quem estava no pr\u00e9dio, na tarde desta quinta-feira (27). O fogo havia sido controlado por volta das 18h15, mas um novo foco foi registrado posteriormente. &#x2705; Clique aqui para seguir o canal do g1 PB no WhatsApp Para a TV Cabo Branco, a aposentada Maria da Concei\u00e7\u00e3o, que havia deixado o celular dela para conserto em uma loja no centro comercial, contou que houve muita correria e que, com isso, v\u00e1rias pessoas ficaram &#8220;desesperadas&#8221;. &#8220;E quando eu tava aguardando uma pessoa veio correndo e disse &#8216;t\u00e1 pegando fogo na tua loja&#8217;, em quest\u00e3o de segundos o fogo alcan\u00e7ou o teto, come\u00e7ou a ficar alto, uma fuma\u00e7a preta come\u00e7ou a se espalhar, as pessoas come\u00e7aram a gritar, sair correndo, os donos de loja fechando as portas, outros tentando salvar alguma coisa. At\u00e9 uma senhora l\u00e1, que podia ser lojista, tava passando mal (&#8230;) A cena era muito triste, o fogo estava muito alto e as pessoas estavam desesperadas, porque um inc\u00eandio daquela propor\u00e7\u00e3o \u00e9 pra perder tudo&#8221;, disse. Uma outra testemunha, que n\u00e3o se identificou, tamb\u00e9m em entrevista para a TV Cabo Branco, relatou que tentou ajudar a apagar as chamas e relatou que ficou ferida, al\u00e9m de ter inalado a fuma\u00e7a expelida durante o inc\u00eandio. &#8220;Todo mundo inalando fuma\u00e7a, o que demos pra recuperar, a gente recuperou. Tem muita gente ferida, eu t\u00f4 ferida, tem muita gente ferida&#8221;, disse. De acordo com o Corpo de Bombeiros, sete pessoas foram atendidas por conta do inc\u00eandio, mas somente por inala\u00e7\u00e3o de fuma\u00e7a e n\u00e3o foram atingidas diretamente pelas chamas. Testemunha relata momento do inc\u00eandio em Jo\u00e3o Pessoa TV Cabo Branco LEIA TAMB\u00c9M: H\u00e1 seis anos, inc\u00eandio destr\u00f3i box no mesmo centro comercial Imagens obtidas pela TV Cabo Branco mostram comerciantes retirando produtos do centro comercial, principalmente pe\u00e7as de vestu\u00e1rio, enquanto o fogo era combatido. Conforme alguns relatos dos comerciantes, as chamas teria come\u00e7ado em uma loja de celulares. Veja mais abaixo. Ao g1, o Corpo de Bombeiros informou que foi acionado para atender a ocorr\u00eancia e deslocou sete viaturas para o local.At\u00e9 o momento, n\u00e3o h\u00e1 informa\u00e7\u00f5es sobre as causas do inc\u00eandio. A Secretaria de Desenvolvimento Urbano (Sedurb) informou, por meio de nota, que o inc\u00eandio n\u00e3o deixou feridos, e, ao todo, tr\u00eas boxes foram danificados e ser\u00e3o isolados. A pasta disse aguardar o laudo do Corpo de Bombeiros com as causas do inc\u00eandio, e se reunir\u00e1 em breve com os comerciantes para avaliar os danos no local e as condi\u00e7\u00f5es de funcionamento. Veja imagens do inc\u00eandio no centro comercial em Jo\u00e3o Pessoa Inc\u00eandio no Centro Comercial de Passagem, em Jo\u00e3o Pessoa Agora no g1 V\u00eddeos mais assistidos do g1 Para\u00edba<\/p>\n","protected":false},"author":0,"featured_media":320691,"comment_status":"closed","ping_status":"closed","sticky":false,"template":"","format":"standard","meta":{"sfsi_plus_gutenberg_text_before_share":"","sfsi_plus_gutenberg_show_text_before_share":"","sfsi_plus_gutenberg_icon_type":"","sfsi_plus_gutenberg_icon_alignemt":"","sfsi_plus_gutenburg_max_per_row":"","footnotes":""},"categories":[104],"tags":[],"class_list":["post-320690","post","type-post","status-publish","format-standard","has-post-thumbnail","hentry","category-paraiba"],"_links":{"self":[{"href":"https:\/\/www.caririemacao.com\/1\/wp-json\/wp\/v2\/posts\/320690","targetHints":{"allow":["GET"]}}],"collection":[{"href":"https:\/\/www.caririemacao.com\/1\/wp-json\/wp\/v2\/posts"}],"about":[{"href":"https:\/\/www.caririemacao.com\/1\/wp-json\/wp\/v2\/types\/post"}],"replies":[{"embeddable":true,"href":"https:\/\/www.caririemacao.com\/1\/wp-json\/wp\/v2\/comments?post=320690"}],"version-history":[{"count":1,"href":"https:\/\/www.caririemacao.com\/1\/wp-json\/wp\/v2\/posts\/320690\/revisions"}],"predecessor-version":[{"id":320692,"href":"https:\/\/www.caririemacao.com\/1\/wp-json\/wp\/v2\/posts\/320690\/revisions\/320692"}],"wp:featuredmedia":[{"embeddable":true,"href":"https:\/\/www.caririemacao.com\/1\/wp-json\/wp\/v2\/media\/320691"}],"wp:attachment":[{"href":"https:\/\/www.caririemacao.com\/1\/wp-json\/wp\/v2\/media?parent=320690"}],"wp:term":[{"taxonomy":"category","embeddable":true,"href":"https:\/\/www.caririemacao.com\/1\/wp-json\/wp\/v2\/categories?post=320690"},{"taxonomy":"post_tag","embeddable":true,"href":"https:\/\/www.caririemacao.com\/1\/wp-json\/wp\/v2\/tags?post=320690"}],"curies":[{"name":"wp","href":"https:\/\/api.w.org\/{rel}","templated":true}]}}