{"id":320694,"date":"2026-08-27T20:43:29","date_gmt":"2026-08-27T23:43:29","guid":{"rendered":"https:\/\/www.caririemacao.com\/1\/?p=320694"},"modified":"2026-08-27T20:43:29","modified_gmt":"2026-08-27T23:43:29","slug":"ministro-wellington-dias-visita-prata-participa-da-12a-expoprata-e-destaca-forca-da-caprinocultura","status":"publish","type":"post","link":"https:\/\/www.caririemacao.com\/1\/2026\/08\/27\/ministro-wellington-dias-visita-prata-participa-da-12a-expoprata-e-destaca-forca-da-caprinocultura\/","title":{"rendered":"Ministro Wellington Dias visita Prata, participa da 12\u00aa ExpoPrata e destaca for\u00e7a da caprinocultura"},"content":{"rendered":"<div class=\"relative basis-auto flex-col -mb-(--composer-overlap-px) pb-(--composer-overlap-px) [--composer-overlap-px:28px] grow flex\">\n<div class=\"flex min-h-0 grow flex-col text-sm\">\n<div class=\"qMYqUG_convSearchResultHighlightRoot\">\n<div class=\"\" data-turn-id-container=\"request-WEB:da414d3f-3c32-44e3-adbc-e99c3498dbe1-20\" data-is-intersecting=\"true\">\n<section class=\"text-token-text-primary w-full focus:outline-none has-data-writing-block:pointer-events-none [&amp;:has([data-writing-block])&gt;*]:pointer-events-auto R6Vx5W_threadScrollVars scroll-mb-[calc(var(--scroll-root-safe-area-inset-bottom,0px)+var(--thread-response-height))] scroll-mt-[calc(var(--header-height)+min(200px,max(70px,20svh)))]\" dir=\"auto\" data-turn-id=\"request-WEB:da414d3f-3c32-44e3-adbc-e99c3498dbe1-20\" data-turn-id-container=\"request-WEB:da414d3f-3c32-44e3-adbc-e99c3498dbe1-20\" data-testid=\"conversation-turn-42\" data-turn=\"assistant\">\n<div class=\"text-base my-auto mx-auto [--thread-content-margin:var(--thread-content-margin-xs,calc(var(--spacing)*4))] @w-sm\/main:[--thread-content-margin:var(--thread-content-margin-sm,calc(var(--spacing)*6))] @w-lg\/main:[--thread-content-margin:var(--thread-content-margin-lg,calc(var(--spacing)*16))] px-(--thread-content-margin)\">\n<div class=\"[--thread-content-max-width:40rem] @w-lg\/main:[--thread-content-max-width:48rem] mx-auto max-w-(--thread-content-max-width) flex-1 group\/turn-messages focus-visible:outline-hidden relative flex w-full min-w-0 flex-col agent-turn\" data-conversation-screenshot-content=\"\">\n<div class=\"flex max-w-full flex-col gap-4 grow\">\n<div class=\"min-h-8 text-message relative flex w-full flex-col items-end gap-2 text-start break-words whitespace-normal outline-none keyboard-focused:focus-ring [.text-message+&amp;]:mt-1\" dir=\"auto\" data-message-author-role=\"assistant\" data-message-id=\"5dbc2b20-8c20-44af-a0e4-0d68c23715f5\" data-message-model-slug=\"gpt-5-6\">\n<div class=\"flex w-full flex-col gap-1 empty:hidden\">\n<div class=\"markdown prose dark:prose-invert wrap-break-word w-full light markdown-new-styling\">\n<p class=\"PDq2pG_selectionAnchorContainer\" data-start=\"114\" data-end=\"438\">O munic\u00edpio da Prata, no Cariri paraibano, recebeu nesta quinta-feira (27) a visita do ministro do Desenvolvimento e Assist\u00eancia Social, Fam\u00edlia e Combate \u00e0 Fome, Wellington Dias, que cumpriu agenda voltada ao fortalecimento da agricultura familiar, da caprinovinocultura e das pol\u00edticas de desenvolvimento regional.<\/p>\n<p data-start=\"440\" data-end=\"710\">Recepcionado pelo prefeito Genivaldo Temb\u00f3rio, al\u00e9m de autoridades, produtores e lideran\u00e7as da regi\u00e3o, o ministro conheceu de perto a realidade da cadeia produtiva do leite de cabra, uma das principais atividades econ\u00f4micas da Prata e de outros munic\u00edpios do Cariri.<\/p>\n<p data-start=\"712\" data-end=\"990\">A programa\u00e7\u00e3o contou com visita t\u00e9cnica \u00e0 Associa\u00e7\u00e3o de Caprinos e Ovinos da Prata (ACCOP), no S\u00edtio Tanquinho. No local, Wellington Dias conheceu a estrutura da entidade, conversou com produtores e acompanhou atividades desenvolvidas no fortalecimento da produ\u00e7\u00e3o regional.<\/p>\n<p class=\"\" data-start=\"992\" data-end=\"1190\">Durante a passagem pelo munic\u00edpio, o ministro ressaltou que a caprinocultura possui papel estrat\u00e9gico para a conviv\u00eancia com o semi\u00e1rido e defendeu investimentos capazes de agregar valor \u00e0 produ\u00e7\u00e3o.<\/p>\n<p data-start=\"1192\" data-end=\"1423\">\u201cTem plantas e animais que convivem bem com a seca, com essa irregularidade de chuva e com a natureza da regi\u00e3o. E nada mais do que o caprino, o nosso bode e a nossa cabra, como s\u00edmbolo dessa conviv\u00eancia\u201d, destacou Wellington Dias.<\/p>\n<p data-start=\"1425\" data-end=\"1683\">Outro ponto defendido pelo ministro foi o fortalecimento do cooperativismo. Wellington Dias apontou a necessidade de ampliar a organiza\u00e7\u00e3o dos produtores para alcan\u00e7ar maior escala de produ\u00e7\u00e3o e abrir novos mercados para produtos derivados do leite de cabra.<\/p>\n<p class=\"\" data-start=\"1685\" data-end=\"1973\">Na oportunidade, ele tamb\u00e9m destacou investimentos destinados ao Programa de Aquisi\u00e7\u00e3o de Alimentos na modalidade leite e falou sobre a aquisi\u00e7\u00e3o de 37 toneladas de leite de cabra em p\u00f3, ressaltando o potencial da Para\u00edba para avan\u00e7ar na industrializa\u00e7\u00e3o e comercializa\u00e7\u00e3o do produto.<\/p>\n<p class=\"\" data-start=\"1975\" data-end=\"2168\">Ap\u00f3s a visita t\u00e9cnica, Wellington Dias participou da programa\u00e7\u00e3o da 12\u00aa Expo Prata, evento que re\u00fane criadores, produtores, empreendedores, institui\u00e7\u00f5es e representantes do setor produtivo.<\/p>\n<p data-start=\"2170\" data-end=\"2307\">O prefeito Genivaldo Temb\u00f3rio destacou a import\u00e2ncia de receber o ministro e apresentar pessoalmente as potencialidades do munic\u00edpio.<\/p>\n<p class=\"\" data-start=\"2309\" data-end=\"2675\">\u201cReceber o ministro Wellington Dias na Prata \u00e9 muito importante para o nosso munic\u00edpio. Tivemos a oportunidade de mostrar a for\u00e7a dos nossos produtores, da nossa caprinocultura e apresentar aquilo que estamos construindo. Essa aproxima\u00e7\u00e3o com o Governo Federal abre caminhos para buscarmos novos investimentos e oportunidades para o nosso povo\u201d, destacou o prefeito.<\/p>\n<p data-start=\"2677\" data-end=\"2903\">A visita tamb\u00e9m refor\u00e7ou a proje\u00e7\u00e3o da Prata como um dos importantes polos da caprinovinocultura no Cariri paraibano, setor que movimenta a economia local, gera renda e mant\u00e9m centenas de fam\u00edlias ligadas \u00e0 produ\u00e7\u00e3o rural.<\/p>\n<p class=\"\" data-start=\"2905\" data-end=\"3128\" data-is-last-node=\"\" data-is-only-node=\"\">Para a gest\u00e3o municipal, a presen\u00e7a do ministro durante a 12\u00aa Expo Prata representa ainda uma oportunidade de ampliar o di\u00e1logo institucional e buscar novas a\u00e7\u00f5es voltadas ao desenvolvimento econ\u00f4mico e social do munic\u00edpio.<\/p>\n<\/div>\n<\/div>\n<\/div>\n<\/div>\n<\/div>\n<\/div>\n<\/section>\n<\/div>\n<\/div>\n<\/div>\n<\/div>\n<div class=\"z-0 flex min-h-[46px] justify-start\"><\/div>\n<div><\/div>\n<div><strong>CARIRI EM A\u00c7\u00c3O<\/strong><\/div>\n","protected":false},"excerpt":{"rendered":"<p>O munic\u00edpio da Prata, no Cariri paraibano, recebeu nesta quinta-feira (27) a visita do ministro do Desenvolvimento e Assist\u00eancia Social, Fam\u00edlia e Combate \u00e0 Fome, Wellington Dias, que cumpriu agenda voltada ao fortalecimento da agricultura familiar, da caprinovinocultura e das pol\u00edticas de desenvolvimento regional. Recepcionado pelo prefeito Genivaldo Temb\u00f3rio, al\u00e9m de autoridades, produtores e lideran\u00e7as da regi\u00e3o, o ministro conheceu de perto a realidade da cadeia produtiva do leite de cabra, uma das principais atividades econ\u00f4micas da Prata e de outros munic\u00edpios do Cariri. A programa\u00e7\u00e3o contou com visita t\u00e9cnica \u00e0 Associa\u00e7\u00e3o de Caprinos e Ovinos da Prata (ACCOP), no S\u00edtio Tanquinho. No local, Wellington Dias conheceu a estrutura da entidade, conversou com produtores e acompanhou atividades desenvolvidas no fortalecimento da produ\u00e7\u00e3o regional. Durante a passagem pelo munic\u00edpio, o ministro ressaltou que a caprinocultura possui papel estrat\u00e9gico para a conviv\u00eancia com o semi\u00e1rido e defendeu investimentos capazes de agregar valor \u00e0 produ\u00e7\u00e3o. \u201cTem plantas e animais que convivem bem com a seca, com essa irregularidade de chuva e com a natureza da regi\u00e3o. E nada mais do que o caprino, o nosso bode e a nossa cabra, como s\u00edmbolo dessa conviv\u00eancia\u201d, destacou Wellington Dias. Outro ponto defendido pelo ministro foi o fortalecimento do cooperativismo. Wellington Dias apontou a necessidade de ampliar a organiza\u00e7\u00e3o dos produtores para alcan\u00e7ar maior escala de produ\u00e7\u00e3o e abrir novos mercados para produtos derivados do leite de cabra. Na oportunidade, ele tamb\u00e9m destacou investimentos destinados ao Programa de Aquisi\u00e7\u00e3o de Alimentos na modalidade leite e falou sobre a aquisi\u00e7\u00e3o de 37 toneladas de leite de cabra em p\u00f3, ressaltando o potencial da Para\u00edba para avan\u00e7ar na industrializa\u00e7\u00e3o e comercializa\u00e7\u00e3o do produto. Ap\u00f3s a visita t\u00e9cnica, Wellington Dias participou da programa\u00e7\u00e3o da 12\u00aa Expo Prata, evento que re\u00fane criadores, produtores, empreendedores, institui\u00e7\u00f5es e representantes do setor produtivo. O prefeito Genivaldo Temb\u00f3rio destacou a import\u00e2ncia de receber o ministro e apresentar pessoalmente as potencialidades do munic\u00edpio. \u201cReceber o ministro Wellington Dias na Prata \u00e9 muito importante para o nosso munic\u00edpio. Tivemos a oportunidade de mostrar a for\u00e7a dos nossos produtores, da nossa caprinocultura e apresentar aquilo que estamos construindo. Essa aproxima\u00e7\u00e3o com o Governo Federal abre caminhos para buscarmos novos investimentos e oportunidades para o nosso povo\u201d, destacou o prefeito. A visita tamb\u00e9m refor\u00e7ou a proje\u00e7\u00e3o da Prata como um dos importantes polos da caprinovinocultura no Cariri paraibano, setor que movimenta a economia local, gera renda e mant\u00e9m centenas de fam\u00edlias ligadas \u00e0 produ\u00e7\u00e3o rural. Para a gest\u00e3o municipal, a presen\u00e7a do ministro durante a 12\u00aa Expo Prata representa ainda uma oportunidade de ampliar o di\u00e1logo institucional e buscar novas a\u00e7\u00f5es voltadas ao desenvolvimento econ\u00f4mico e social do munic\u00edpio. CARIRI EM A\u00c7\u00c3O<\/p>\n","protected":false},"author":6,"featured_media":320695,"comment_status":"closed","ping_status":"closed","sticky":false,"template":"","format":"standard","meta":{"sfsi_plus_gutenberg_text_before_share":"","sfsi_plus_gutenberg_show_text_before_share":"","sfsi_plus_gutenberg_icon_type":"","sfsi_plus_gutenberg_icon_alignemt":"","sfsi_plus_gutenburg_max_per_row":"","footnotes":""},"categories":[106],"tags":[],"class_list":["post-320694","post","type-post","status-publish","format-standard","has-post-thumbnail","hentry","category-cariri"],"_links":{"self":[{"href":"https:\/\/www.caririemacao.com\/1\/wp-json\/wp\/v2\/posts\/320694","targetHints":{"allow":["GET"]}}],"collection":[{"href":"https:\/\/www.caririemacao.com\/1\/wp-json\/wp\/v2\/posts"}],"about":[{"href":"https:\/\/www.caririemacao.com\/1\/wp-json\/wp\/v2\/types\/post"}],"author":[{"embeddable":true,"href":"https:\/\/www.caririemacao.com\/1\/wp-json\/wp\/v2\/users\/6"}],"replies":[{"embeddable":true,"href":"https:\/\/www.caririemacao.com\/1\/wp-json\/wp\/v2\/comments?post=320694"}],"version-history":[{"count":1,"href":"https:\/\/www.caririemacao.com\/1\/wp-json\/wp\/v2\/posts\/320694\/revisions"}],"predecessor-version":[{"id":320696,"href":"https:\/\/www.caririemacao.com\/1\/wp-json\/wp\/v2\/posts\/320694\/revisions\/320696"}],"wp:featuredmedia":[{"embeddable":true,"href":"https:\/\/www.caririemacao.com\/1\/wp-json\/wp\/v2\/media\/320695"}],"wp:attachment":[{"href":"https:\/\/www.caririemacao.com\/1\/wp-json\/wp\/v2\/media?parent=320694"}],"wp:term":[{"taxonomy":"category","embeddable":true,"href":"https:\/\/www.caririemacao.com\/1\/wp-json\/wp\/v2\/categories?post=320694"},{"taxonomy":"post_tag","embeddable":true,"href":"https:\/\/www.caririemacao.com\/1\/wp-json\/wp\/v2\/tags?post=320694"}],"curies":[{"name":"wp","href":"https:\/\/api.w.org\/{rel}","templated":true}]}}