{"id":320697,"date":"2026-08-27T20:49:19","date_gmt":"2026-08-27T23:49:19","guid":{"rendered":"https:\/\/www.caririemacao.com\/1\/?p=320697"},"modified":"2026-08-27T20:49:19","modified_gmt":"2026-08-27T23:49:19","slug":"tre-nega-pedido-de-efraim-pra-retirar-video-de-lucas-que-o-envolve-no-escandalo-do-inss","status":"publish","type":"post","link":"https:\/\/www.caririemacao.com\/1\/2026\/08\/27\/tre-nega-pedido-de-efraim-pra-retirar-video-de-lucas-que-o-envolve-no-escandalo-do-inss\/","title":{"rendered":"TRE nega pedido de Efraim pra retirar v\u00eddeo de Lucas que o envolve no esc\u00e2ndalo do INSS"},"content":{"rendered":"<p>O Tribunal Regional Eleitoral da Para\u00edba (TRE-PB) julgou improcedente a representa\u00e7\u00e3o apresentada por Efraim Filho (PL) contra Lucas Ribeiro (Progressistas) por um v\u00eddeo publicado no Instagram, no qual Lucas afirma que Efraim estaria \u201cenvolvido com aqueles que representam o maior esc\u00e2ndalo do INSS\u201d. A decis\u00e3o foi proferida nesta quinta-feira (27) pela ju\u00edza Renata Barros de Assun\u00e7\u00e3o Paiva, relatora da a\u00e7\u00e3o.<\/p>\n<p>No conte\u00fado, Lucas tamb\u00e9m afirma que as pessoas \u00e0s quais se referia \u201croubam dos idosos da Para\u00edba e do Brasil\u201d. Efraim alegou que a edi\u00e7\u00e3o teria criado uma associa\u00e7\u00e3o indevida entre sua imagem e pessoas investigadas por fraudes contra benefici\u00e1rios do INSS e pediu a retirada da publica\u00e7\u00e3o, al\u00e9m da ado\u00e7\u00e3o de medidas para impedir novas veicula\u00e7\u00f5es e aplica\u00e7\u00e3o de multa.<\/p>\n<p>Segundo a decis\u00e3o, a interven\u00e7\u00e3o judicial sobre propaganda eleitoral deve ocorrer diante de situa\u00e7\u00f5es que efetivamente ultrapassem os limites legais, n\u00e3o sendo suficiente a exist\u00eancia de cr\u00edtica ou manifesta\u00e7\u00e3o desfavor\u00e1vel a um candidato. No caso concreto, a magistrada entendeu que n\u00e3o ficou demonstrado que o conte\u00fado tivesse ultrapassado esses limites ou apresentado elementos que justificassem a retirada da publica\u00e7\u00e3o.<\/p>\n<p>A decis\u00e3o tamb\u00e9m registra que o material jornal\u00edstico utilizado no v\u00eddeo j\u00e1 havia sido divulgado pela imprensa e que n\u00e3o foi identificada altera\u00e7\u00e3o substancial capaz de caracterizar manipula\u00e7\u00e3o il\u00edcita do conte\u00fado.<\/p>\n","protected":false},"excerpt":{"rendered":"<p>O Tribunal Regional Eleitoral da Para\u00edba (TRE-PB) julgou improcedente a representa\u00e7\u00e3o apresentada por Efraim Filho (PL) contra Lucas Ribeiro (Progressistas) por um v\u00eddeo publicado no Instagram, no qual Lucas afirma que Efraim estaria \u201cenvolvido com aqueles que representam o maior esc\u00e2ndalo do INSS\u201d. A decis\u00e3o foi proferida nesta quinta-feira (27) pela ju\u00edza Renata Barros de Assun\u00e7\u00e3o Paiva, relatora da a\u00e7\u00e3o. No conte\u00fado, Lucas tamb\u00e9m afirma que as pessoas \u00e0s quais se referia \u201croubam dos idosos da Para\u00edba e do Brasil\u201d. Efraim alegou que a edi\u00e7\u00e3o teria criado uma associa\u00e7\u00e3o indevida entre sua imagem e pessoas investigadas por fraudes contra benefici\u00e1rios do INSS e pediu a retirada da publica\u00e7\u00e3o, al\u00e9m da ado\u00e7\u00e3o de medidas para impedir novas veicula\u00e7\u00f5es e aplica\u00e7\u00e3o de multa. Segundo a decis\u00e3o, a interven\u00e7\u00e3o judicial sobre propaganda eleitoral deve ocorrer diante de situa\u00e7\u00f5es que efetivamente ultrapassem os limites legais, n\u00e3o sendo suficiente a exist\u00eancia de cr\u00edtica ou manifesta\u00e7\u00e3o desfavor\u00e1vel a um candidato. No caso concreto, a magistrada entendeu que n\u00e3o ficou demonstrado que o conte\u00fado tivesse ultrapassado esses limites ou apresentado elementos que justificassem a retirada da publica\u00e7\u00e3o. A decis\u00e3o tamb\u00e9m registra que o material jornal\u00edstico utilizado no v\u00eddeo j\u00e1 havia sido divulgado pela imprensa e que n\u00e3o foi identificada altera\u00e7\u00e3o substancial capaz de caracterizar manipula\u00e7\u00e3o il\u00edcita do conte\u00fado.<\/p>\n","protected":false},"author":6,"featured_media":320699,"comment_status":"closed","ping_status":"closed","sticky":false,"template":"","format":"standard","meta":{"sfsi_plus_gutenberg_text_before_share":"","sfsi_plus_gutenberg_show_text_before_share":"","sfsi_plus_gutenberg_icon_type":"","sfsi_plus_gutenberg_icon_alignemt":"","sfsi_plus_gutenburg_max_per_row":"","footnotes":""},"categories":[11],"tags":[],"class_list":["post-320697","post","type-post","status-publish","format-standard","has-post-thumbnail","hentry","category-politica"],"_links":{"self":[{"href":"https:\/\/www.caririemacao.com\/1\/wp-json\/wp\/v2\/posts\/320697","targetHints":{"allow":["GET"]}}],"collection":[{"href":"https:\/\/www.caririemacao.com\/1\/wp-json\/wp\/v2\/posts"}],"about":[{"href":"https:\/\/www.caririemacao.com\/1\/wp-json\/wp\/v2\/types\/post"}],"author":[{"embeddable":true,"href":"https:\/\/www.caririemacao.com\/1\/wp-json\/wp\/v2\/users\/6"}],"replies":[{"embeddable":true,"href":"https:\/\/www.caririemacao.com\/1\/wp-json\/wp\/v2\/comments?post=320697"}],"version-history":[{"count":1,"href":"https:\/\/www.caririemacao.com\/1\/wp-json\/wp\/v2\/posts\/320697\/revisions"}],"predecessor-version":[{"id":320700,"href":"https:\/\/www.caririemacao.com\/1\/wp-json\/wp\/v2\/posts\/320697\/revisions\/320700"}],"wp:featuredmedia":[{"embeddable":true,"href":"https:\/\/www.caririemacao.com\/1\/wp-json\/wp\/v2\/media\/320699"}],"wp:attachment":[{"href":"https:\/\/www.caririemacao.com\/1\/wp-json\/wp\/v2\/media?parent=320697"}],"wp:term":[{"taxonomy":"category","embeddable":true,"href":"https:\/\/www.caririemacao.com\/1\/wp-json\/wp\/v2\/categories?post=320697"},{"taxonomy":"post_tag","embeddable":true,"href":"https:\/\/www.caririemacao.com\/1\/wp-json\/wp\/v2\/tags?post=320697"}],"curies":[{"name":"wp","href":"https:\/\/api.w.org\/{rel}","templated":true}]}}