{"id":320701,"date":"2026-08-27T20:55:17","date_gmt":"2026-08-27T23:55:17","guid":{"rendered":"https:\/\/www.caririemacao.com\/1\/?p=320701"},"modified":"2026-08-27T20:55:17","modified_gmt":"2026-08-27T23:55:17","slug":"dr-junior-lidera-comitiva-de-ouro-velho-e-prestigia-visita-do-ministro-wellington-dias-a-expoprata","status":"publish","type":"post","link":"https:\/\/www.caririemacao.com\/1\/2026\/08\/27\/dr-junior-lidera-comitiva-de-ouro-velho-e-prestigia-visita-do-ministro-wellington-dias-a-expoprata\/","title":{"rendered":"Dr. J\u00fanior lidera comitiva de Ouro Velho e prestigia visita do ministro Wellington Dias \u00e0 ExpoPrata"},"content":{"rendered":"<p class=\"PDq2pG_selectionAnchorContainer\" data-start=\"310\" data-end=\"612\">O prefeito de Ouro Velho, Dr. J\u00fanior, liderou uma comitiva do munic\u00edpio que participou, nesta quinta-feira (27), da programa\u00e7\u00e3o da 12\u00aa ExpoPrata, na cidade da Prata, com destaque para a presen\u00e7a do ministro do Desenvolvimento e Assist\u00eancia Social, Fam\u00edlia e Combate \u00e0 Fome, Wellington Dias.<\/p>\n<p data-start=\"614\" data-end=\"875\">A visita do ministro mobilizou gestores e lideran\u00e7as de diferentes munic\u00edpios do Cariri paraibano e abriu espa\u00e7o para o di\u00e1logo sobre pol\u00edticas p\u00fablicas voltadas \u00e0 agricultura familiar, seguran\u00e7a alimentar, cooperativismo e fortalecimento da caprinovinocultura.<\/p>\n<p data-start=\"877\" data-end=\"1236\">Durante sua passagem pela Prata, Wellington Dias conheceu de perto a cadeia produtiva do leite de cabra e destacou o potencial da atividade para impulsionar o desenvolvimento econ\u00f4mico do semi\u00e1rido. O ministro tamb\u00e9m defendeu o fortalecimento das cooperativas como estrat\u00e9gia para ampliar a produ\u00e7\u00e3o, industrializa\u00e7\u00e3o e comercializa\u00e7\u00e3o dos produtos da regi\u00e3o.<\/p>\n<p data-start=\"1238\" data-end=\"1410\">Dr. J\u00fanior acompanhou a agenda e ressaltou a import\u00e2ncia de receber um ministro de Estado no Cariri para conhecer de perto as potencialidades e necessidades dos munic\u00edpios.<\/p>\n<p data-start=\"1412\" data-end=\"1784\">\u201cA presen\u00e7a do ministro Wellington Dias aqui no Cariri \u00e9 muito importante, porque permite que o Governo Federal conhe\u00e7a ainda mais de perto a for\u00e7a da nossa regi\u00e3o e dos nossos produtores. Viemos representar Ouro Velho, prestigiar essa agenda e tamb\u00e9m fortalecer esse di\u00e1logo em busca de investimentos e oportunidades para os munic\u00edpios do Cariri\u201d, afirmou Dr. J\u00fanior.<\/p>\n<p data-start=\"1786\" data-end=\"2005\">O prefeito destacou ainda que a participa\u00e7\u00e3o de representantes do Governo Federal em eventos como a ExpoPrata contribui para aproximar os munic\u00edpios das pol\u00edticas e programas dispon\u00edveis para o desenvolvimento regional.<\/p>\n<p data-start=\"2007\" data-end=\"2198\">A comitiva de Ouro Velho tamb\u00e9m prestigiou os demais espa\u00e7os da 12\u00aa ExpoPrata, evento que re\u00fane produtores, criadores, empreendedores, institui\u00e7\u00f5es e gestores de diferentes cidades da regi\u00e3o.<\/p>\n<p data-start=\"2007\" data-end=\"2198\"><strong>CARIRI EM A\u00c7\u00c3O<\/strong><\/p>\n","protected":false},"excerpt":{"rendered":"<p>O prefeito de Ouro Velho, Dr. J\u00fanior, liderou uma comitiva do munic\u00edpio que participou, nesta quinta-feira (27), da programa\u00e7\u00e3o da 12\u00aa ExpoPrata, na cidade da Prata, com destaque para a presen\u00e7a do ministro do Desenvolvimento e Assist\u00eancia Social, Fam\u00edlia e Combate \u00e0 Fome, Wellington Dias. A visita do ministro mobilizou gestores e lideran\u00e7as de diferentes munic\u00edpios do Cariri paraibano e abriu espa\u00e7o para o di\u00e1logo sobre pol\u00edticas p\u00fablicas voltadas \u00e0 agricultura familiar, seguran\u00e7a alimentar, cooperativismo e fortalecimento da caprinovinocultura. Durante sua passagem pela Prata, Wellington Dias conheceu de perto a cadeia produtiva do leite de cabra e destacou o potencial da atividade para impulsionar o desenvolvimento econ\u00f4mico do semi\u00e1rido. O ministro tamb\u00e9m defendeu o fortalecimento das cooperativas como estrat\u00e9gia para ampliar a produ\u00e7\u00e3o, industrializa\u00e7\u00e3o e comercializa\u00e7\u00e3o dos produtos da regi\u00e3o. Dr. J\u00fanior acompanhou a agenda e ressaltou a import\u00e2ncia de receber um ministro de Estado no Cariri para conhecer de perto as potencialidades e necessidades dos munic\u00edpios. \u201cA presen\u00e7a do ministro Wellington Dias aqui no Cariri \u00e9 muito importante, porque permite que o Governo Federal conhe\u00e7a ainda mais de perto a for\u00e7a da nossa regi\u00e3o e dos nossos produtores. Viemos representar Ouro Velho, prestigiar essa agenda e tamb\u00e9m fortalecer esse di\u00e1logo em busca de investimentos e oportunidades para os munic\u00edpios do Cariri\u201d, afirmou Dr. J\u00fanior. O prefeito destacou ainda que a participa\u00e7\u00e3o de representantes do Governo Federal em eventos como a ExpoPrata contribui para aproximar os munic\u00edpios das pol\u00edticas e programas dispon\u00edveis para o desenvolvimento regional. A comitiva de Ouro Velho tamb\u00e9m prestigiou os demais espa\u00e7os da 12\u00aa ExpoPrata, evento que re\u00fane produtores, criadores, empreendedores, institui\u00e7\u00f5es e gestores de diferentes cidades da regi\u00e3o. CARIRI EM A\u00c7\u00c3O<\/p>\n","protected":false},"author":6,"featured_media":320702,"comment_status":"closed","ping_status":"closed","sticky":false,"template":"","format":"standard","meta":{"sfsi_plus_gutenberg_text_before_share":"","sfsi_plus_gutenberg_show_text_before_share":"","sfsi_plus_gutenberg_icon_type":"","sfsi_plus_gutenberg_icon_alignemt":"","sfsi_plus_gutenburg_max_per_row":"","footnotes":""},"categories":[6],"tags":[],"class_list":["post-320701","post","type-post","status-publish","format-standard","has-post-thumbnail","hentry","category-cidades"],"_links":{"self":[{"href":"https:\/\/www.caririemacao.com\/1\/wp-json\/wp\/v2\/posts\/320701","targetHints":{"allow":["GET"]}}],"collection":[{"href":"https:\/\/www.caririemacao.com\/1\/wp-json\/wp\/v2\/posts"}],"about":[{"href":"https:\/\/www.caririemacao.com\/1\/wp-json\/wp\/v2\/types\/post"}],"author":[{"embeddable":true,"href":"https:\/\/www.caririemacao.com\/1\/wp-json\/wp\/v2\/users\/6"}],"replies":[{"embeddable":true,"href":"https:\/\/www.caririemacao.com\/1\/wp-json\/wp\/v2\/comments?post=320701"}],"version-history":[{"count":1,"href":"https:\/\/www.caririemacao.com\/1\/wp-json\/wp\/v2\/posts\/320701\/revisions"}],"predecessor-version":[{"id":320703,"href":"https:\/\/www.caririemacao.com\/1\/wp-json\/wp\/v2\/posts\/320701\/revisions\/320703"}],"wp:featuredmedia":[{"embeddable":true,"href":"https:\/\/www.caririemacao.com\/1\/wp-json\/wp\/v2\/media\/320702"}],"wp:attachment":[{"href":"https:\/\/www.caririemacao.com\/1\/wp-json\/wp\/v2\/media?parent=320701"}],"wp:term":[{"taxonomy":"category","embeddable":true,"href":"https:\/\/www.caririemacao.com\/1\/wp-json\/wp\/v2\/categories?post=320701"},{"taxonomy":"post_tag","embeddable":true,"href":"https:\/\/www.caririemacao.com\/1\/wp-json\/wp\/v2\/tags?post=320701"}],"curies":[{"name":"wp","href":"https:\/\/api.w.org\/{rel}","templated":true}]}}