{"id":320704,"date":"2026-08-27T20:57:50","date_gmt":"2026-08-27T23:57:50","guid":{"rendered":"https:\/\/www.caririemacao.com\/1\/?p=320704"},"modified":"2026-08-28T11:51:05","modified_gmt":"2026-08-28T14:51:05","slug":"durante-expoprata-prefeito-de-amparo-se-reune-com-wellington-dias-e-reforca-dialogo-com-o-governo-federal","status":"publish","type":"post","link":"https:\/\/www.caririemacao.com\/1\/2026\/08\/27\/durante-expoprata-prefeito-de-amparo-se-reune-com-wellington-dias-e-reforca-dialogo-com-o-governo-federal\/","title":{"rendered":"Durante ExpoPrata, prefeito de Amparo se re\u00fane com Wellington Dias e refor\u00e7a di\u00e1logo com o Governo Federal"},"content":{"rendered":"<p class=\"PDq2pG_selectionAnchorContainer\" data-start=\"2302\" data-end=\"2612\">O prefeito de Amparo, Tarcio Gabriel, liderou uma comitiva do munic\u00edpio que esteve, nesta quinta-feira (27), na cidade da Prata para prestigiar a 12\u00aa ExpoPrata e acompanhar a agenda do ministro do Desenvolvimento e Assist\u00eancia Social, Fam\u00edlia e Combate \u00e0 Fome, Wellington Dias, no Cariri paraibano.<\/p>\n<p data-start=\"2614\" data-end=\"2821\">A presen\u00e7a do ministro foi um dos principais destaques da programa\u00e7\u00e3o e reuniu prefeitos, lideran\u00e7as pol\u00edticas, produtores e representantes de entidades ligadas \u00e0 agricultura familiar e \u00e0 caprinovinocultura.<\/p>\n<p data-start=\"2823\" data-end=\"3057\">Durante a agenda, Wellington Dias destacou as a\u00e7\u00f5es do Governo Federal direcionadas ao desenvolvimento do semi\u00e1rido e apontou a produ\u00e7\u00e3o de leite de cabra como uma das atividades estrat\u00e9gicas para gera\u00e7\u00e3o de emprego e renda na regi\u00e3o.<\/p>\n<p data-start=\"3059\" data-end=\"3275\">O ministro tamb\u00e9m defendeu uma maior organiza\u00e7\u00e3o das cooperativas do Cariri para ampliar a escala de produ\u00e7\u00e3o e permitir que produtos como o leite de cabra em p\u00f3 conquistem novos mercados no Brasil e at\u00e9 no exterior.<\/p>\n<p data-start=\"3277\" data-end=\"3466\">Tarcio Gabriel ressaltou que a presen\u00e7a de Wellington Dias representa uma oportunidade para aproximar os pequenos munic\u00edpios do Cariri do Governo Federal e apresentar as demandas da regi\u00e3o.<\/p>\n<p data-start=\"3468\" data-end=\"3863\">\u201c\u00c9 muito importante termos a presen\u00e7a do ministro Wellington Dias no nosso Cariri, conversando com os gestores e, principalmente, conhecendo de perto a realidade dos nossos produtores. Amparo est\u00e1 presente porque queremos fortalecer essa aproxima\u00e7\u00e3o e buscar novas parcerias e investimentos que possam chegar ao nosso munic\u00edpio e melhorar a vida da nossa popula\u00e7\u00e3o\u201d, destacou Tarcio Gabriel.<\/p>\n<p data-start=\"3865\" data-end=\"4053\">Para o gestor, momentos como a ExpoPrata tamb\u00e9m fortalecem a uni\u00e3o entre os munic\u00edpios e permitem que as demandas do Cariri ganhem maior visibilidade junto aos governos Estadual e Federal.<\/p>\n<p data-start=\"4055\" data-end=\"4283\" data-is-last-node=\"\" data-is-only-node=\"\">A comitiva de Amparo acompanhou a programa\u00e7\u00e3o da ExpoPrata e refor\u00e7ou a disposi\u00e7\u00e3o da gest\u00e3o municipal em manter o di\u00e1logo com diferentes esferas de governo na busca por a\u00e7\u00f5es e investimentos para o desenvolvimento do munic\u00edpio.<\/p>\n<p data-start=\"4055\" data-end=\"4283\" data-is-last-node=\"\" data-is-only-node=\"\"><strong>CARIRI EM A\u00c7\u00c3O<\/strong><\/p>\n","protected":false},"excerpt":{"rendered":"<p>O prefeito de Amparo, Tarcio Gabriel, liderou uma comitiva do munic\u00edpio que esteve, nesta quinta-feira (27), na cidade da Prata para prestigiar a 12\u00aa ExpoPrata e acompanhar a agenda do ministro do Desenvolvimento e Assist\u00eancia Social, Fam\u00edlia e Combate \u00e0 Fome, Wellington Dias, no Cariri paraibano. A presen\u00e7a do ministro foi um dos principais destaques da programa\u00e7\u00e3o e reuniu prefeitos, lideran\u00e7as pol\u00edticas, produtores e representantes de entidades ligadas \u00e0 agricultura familiar e \u00e0 caprinovinocultura. Durante a agenda, Wellington Dias destacou as a\u00e7\u00f5es do Governo Federal direcionadas ao desenvolvimento do semi\u00e1rido e apontou a produ\u00e7\u00e3o de leite de cabra como uma das atividades estrat\u00e9gicas para gera\u00e7\u00e3o de emprego e renda na regi\u00e3o. O ministro tamb\u00e9m defendeu uma maior organiza\u00e7\u00e3o das cooperativas do Cariri para ampliar a escala de produ\u00e7\u00e3o e permitir que produtos como o leite de cabra em p\u00f3 conquistem novos mercados no Brasil e at\u00e9 no exterior. Tarcio Gabriel ressaltou que a presen\u00e7a de Wellington Dias representa uma oportunidade para aproximar os pequenos munic\u00edpios do Cariri do Governo Federal e apresentar as demandas da regi\u00e3o. \u201c\u00c9 muito importante termos a presen\u00e7a do ministro Wellington Dias no nosso Cariri, conversando com os gestores e, principalmente, conhecendo de perto a realidade dos nossos produtores. Amparo est\u00e1 presente porque queremos fortalecer essa aproxima\u00e7\u00e3o e buscar novas parcerias e investimentos que possam chegar ao nosso munic\u00edpio e melhorar a vida da nossa popula\u00e7\u00e3o\u201d, destacou Tarcio Gabriel. Para o gestor, momentos como a ExpoPrata tamb\u00e9m fortalecem a uni\u00e3o entre os munic\u00edpios e permitem que as demandas do Cariri ganhem maior visibilidade junto aos governos Estadual e Federal. A comitiva de Amparo acompanhou a programa\u00e7\u00e3o da ExpoPrata e refor\u00e7ou a disposi\u00e7\u00e3o da gest\u00e3o municipal em manter o di\u00e1logo com diferentes esferas de governo na busca por a\u00e7\u00f5es e investimentos para o desenvolvimento do munic\u00edpio. CARIRI EM A\u00c7\u00c3O<\/p>\n","protected":false},"author":6,"featured_media":320705,"comment_status":"closed","ping_status":"closed","sticky":false,"template":"","format":"standard","meta":{"sfsi_plus_gutenberg_text_before_share":"","sfsi_plus_gutenberg_show_text_before_share":"","sfsi_plus_gutenberg_icon_type":"","sfsi_plus_gutenberg_icon_alignemt":"","sfsi_plus_gutenburg_max_per_row":"","footnotes":""},"categories":[6],"tags":[],"class_list":["post-320704","post","type-post","status-publish","format-standard","has-post-thumbnail","hentry","category-cidades"],"_links":{"self":[{"href":"https:\/\/www.caririemacao.com\/1\/wp-json\/wp\/v2\/posts\/320704","targetHints":{"allow":["GET"]}}],"collection":[{"href":"https:\/\/www.caririemacao.com\/1\/wp-json\/wp\/v2\/posts"}],"about":[{"href":"https:\/\/www.caririemacao.com\/1\/wp-json\/wp\/v2\/types\/post"}],"author":[{"embeddable":true,"href":"https:\/\/www.caririemacao.com\/1\/wp-json\/wp\/v2\/users\/6"}],"replies":[{"embeddable":true,"href":"https:\/\/www.caririemacao.com\/1\/wp-json\/wp\/v2\/comments?post=320704"}],"version-history":[{"count":1,"href":"https:\/\/www.caririemacao.com\/1\/wp-json\/wp\/v2\/posts\/320704\/revisions"}],"predecessor-version":[{"id":320706,"href":"https:\/\/www.caririemacao.com\/1\/wp-json\/wp\/v2\/posts\/320704\/revisions\/320706"}],"wp:featuredmedia":[{"embeddable":true,"href":"https:\/\/www.caririemacao.com\/1\/wp-json\/wp\/v2\/media\/320705"}],"wp:attachment":[{"href":"https:\/\/www.caririemacao.com\/1\/wp-json\/wp\/v2\/media?parent=320704"}],"wp:term":[{"taxonomy":"category","embeddable":true,"href":"https:\/\/www.caririemacao.com\/1\/wp-json\/wp\/v2\/categories?post=320704"},{"taxonomy":"post_tag","embeddable":true,"href":"https:\/\/www.caririemacao.com\/1\/wp-json\/wp\/v2\/tags?post=320704"}],"curies":[{"name":"wp","href":"https:\/\/api.w.org\/{rel}","templated":true}]}}