{"id":320707,"date":"2026-08-27T21:58:38","date_gmt":"2026-08-28T00:58:38","guid":{"rendered":"https:\/\/www.caririemacao.com\/1\/?p=320707"},"modified":"2026-08-27T21:58:38","modified_gmt":"2026-08-28T00:58:38","slug":"caatinga-estamos-sabendo-valorizar-a-maior-riqueza-natural-do-nosso-cariri","status":"publish","type":"post","link":"https:\/\/www.caririemacao.com\/1\/2026\/08\/27\/caatinga-estamos-sabendo-valorizar-a-maior-riqueza-natural-do-nosso-cariri\/","title":{"rendered":"Caatinga: estamos sabendo valorizar a maior riqueza natural do nosso Cariri?"},"content":{"rendered":"<p>Quando olhamos para a paisagem do Cariri Paraibano, estamos diante de muito mais do que uma vegeta\u00e7\u00e3o acostumada aos longos per\u00edodos de estiagem. A Caatinga representa parte da nossa hist\u00f3ria, da cultura, da economia e da pr\u00f3pria identidade do povo caririzeiro.<\/p>\n<p>A Caatinga \u00e9 o \u00fanico bioma exclusivamente brasileiro. Sua biodiversidade re\u00fane esp\u00e9cies que desenvolveram diferentes estrat\u00e9gias para sobreviver \u00e0s altas temperaturas e \u00e0 irregularidade das chuvas.<\/p>\n<p>Mandacaru, xique-xique, umbuzeiro, juazeiro e tantas outras plantas fazem parte desse cen\u00e1rio. E basta a chegada das primeiras chuvas para observar uma das transforma\u00e7\u00f5es mais impressionantes da nossa regi\u00e3o: a vegeta\u00e7\u00e3o ganha folhas, flores e novos tons, modificando rapidamente a paisagem.<\/p>\n<p>Mas uma pergunta precisa ser feita: ser\u00e1 que n\u00f3s, que vivemos diariamente dentro desse patrim\u00f4nio natural, estamos dando \u00e0 Caatinga o valor que ela realmente merece?<\/p>\n<h2>Caatinga tamb\u00e9m \u00e9 desenvolvimento<\/h2>\n<p>No Cariri, natureza e economia est\u00e3o diretamente relacionadas. Agricultura familiar, caprinocultura, ovinocultura, produ\u00e7\u00e3o de mel e diversas outras atividades fazem parte da conviv\u00eancia hist\u00f3rica das fam\u00edlias com o Semi\u00e1rido.<\/p>\n<p>Existe ainda um potencial que pode ser cada vez mais explorado de maneira respons\u00e1vel: o turismo.<\/p>\n<p>As forma\u00e7\u00f5es rochosas, trilhas, paisagens, s\u00edtios arqueol\u00f3gicos, gastronomia e cultura regional podem transformar a Caatinga em uma importante ferramenta de gera\u00e7\u00e3o de emprego e renda. O pr\u00f3prio Minist\u00e9rio do Turismo j\u00e1 destacou o potencial tur\u00edstico existente no \u00fanico bioma exclusivamente brasileiro.<\/p>\n<p>O Cariri possui cen\u00e1rios naturais que impressionam quem chega de outras regi\u00f5es e que, muitas vezes, acabam passando despercebidos por quem nasceu e cresceu aqui.<\/p>\n<h2>Um alerta que vem do pr\u00f3prio Cariri<\/h2>\n<p>Se existe potencial, tamb\u00e9m existem motivos para preocupa\u00e7\u00e3o.<\/p>\n<p>Um estudo sobre a \u00c1rea de Prote\u00e7\u00e3o Ambiental do Cariri, na Para\u00edba, identificou uma redu\u00e7\u00e3o superior a 50% da cobertura vegetal nativa analisada entre 1985 e 2023, al\u00e9m do aumento da fragmenta\u00e7\u00e3o e do isolamento das \u00e1reas de vegeta\u00e7\u00e3o. A pesquisa chama aten\u00e7\u00e3o para a necessidade de restaura\u00e7\u00e3o ambiental e para os riscos relacionados \u00e0 desertifica\u00e7\u00e3o.<\/p>\n<p>Esse dado precisa provocar uma reflex\u00e3o.<\/p>\n<p>Desmatamento, queimadas, retirada inadequada de madeira e pr\u00e1ticas que degradam o solo podem gerar consequ\u00eancias que ultrapassam a quest\u00e3o ambiental. Estamos falando tamb\u00e9m de \u00e1gua, produ\u00e7\u00e3o rural, economia e qualidade de vida.<\/p>\n<h2>Preservar n\u00e3o \u00e9 impedir o Cariri de crescer<\/h2>\n<p>\u00c9 importante deixar isso claro: preserva\u00e7\u00e3o e desenvolvimento n\u00e3o precisam estar em lados opostos.<\/p>\n<p>O Cariri precisa produzir, gerar empregos, fortalecer a agricultura, ampliar a pecu\u00e1ria, receber investimentos e criar novas oportunidades.<\/p>\n<p>O desafio \u00e9 fazer isso respeitando as caracter\u00edsticas do Semi\u00e1rido.<\/p>\n<p>Tecnologia, pesquisa, manejo adequado, recupera\u00e7\u00e3o de \u00e1reas degradadas, educa\u00e7\u00e3o ambiental e utiliza\u00e7\u00e3o respons\u00e1vel dos recursos naturais podem contribuir para um modelo de desenvolvimento que permita produzir hoje sem comprometer o amanh\u00e3.<\/p>\n<h2>Precisamos ensinar nossas crian\u00e7as a enxergar essa riqueza<\/h2>\n<p>Talvez uma das mudan\u00e7as mais importantes tenha que come\u00e7ar dentro das escolas e das pr\u00f3prias fam\u00edlias.<\/p>\n<p>Durante muito tempo, a imagem da Caatinga no per\u00edodo seco foi associada \u00e0 ideia de uma natureza pobre ou sem vida. Mas muitas plantas perderem suas folhas durante a estiagem \u00e9 justamente uma estrat\u00e9gia para economizar \u00e1gua e sobreviver at\u00e9 a chegada das chuvas.<\/p>\n<p>As novas gera\u00e7\u00f5es precisam conhecer essa capacidade extraordin\u00e1ria de adapta\u00e7\u00e3o.<\/p>\n<p>Uma crian\u00e7a que nasce no Cariri precisa saber que est\u00e1 crescendo dentro de um ambiente \u00fanico no Brasil e que merece ser conhecido, estudado, valorizado e protegido.<\/p>\n<h2>Uma responsabilidade que \u00e9 de todos<\/h2>\n<p>N\u00e3o podemos colocar a responsabilidade pela preserva\u00e7\u00e3o apenas sobre os \u00f3rg\u00e3os ambientais.<\/p>\n<p>Poder p\u00fablico, produtores rurais, empres\u00e1rios, universidades, escolas, associa\u00e7\u00f5es, comunidades e cidad\u00e3os precisam fazer parte dessa discuss\u00e3o.<\/p>\n<p>Porque falar sobre o futuro da Caatinga \u00e9 tamb\u00e9m falar sobre o futuro do pr\u00f3prio Cariri.\u00a0O que queremos deixar para as pr\u00f3ximas gera\u00e7\u00f5es?<\/p>\n<p>Uma regi\u00e3o que perdeu progressivamente suas riquezas naturais ou um Cariri que conseguiu transformar sua biodiversidade, sua cultura e suas paisagens em instrumentos de desenvolvimento sustent\u00e1vel?<\/p>\n<p>O Cariri em A\u00e7\u00e3o deixa essa reflex\u00e3o:<\/p>\n<h3>Caatinga: estamos sabendo valorizar a maior riqueza natural do nosso Cariri?<\/h3>\n<p>A resposta n\u00e3o deve ficar apenas nas palavras. Ela precisa aparecer na educa\u00e7\u00e3o, na preserva\u00e7\u00e3o, nas pol\u00edticas p\u00fablicas e na maneira como utilizamos diariamente os recursos que a nossa terra oferece.<\/p>\n<p>Valorizar a Caatinga \u00e9 valorizar o Cariri. \u00c9 preservar nossa identidade, nossa economia, nossa hist\u00f3ria e o futuro das pr\u00f3ximas gera\u00e7\u00f5es.<\/p>\n<p><strong><em>Cariri em A\u00e7\u00e3o \u2014 integrando toda a regi\u00e3o.<\/em><\/strong><\/p>\n","protected":false},"excerpt":{"rendered":"<p>Quando olhamos para a paisagem do Cariri Paraibano, estamos diante de muito mais do que uma vegeta\u00e7\u00e3o acostumada aos longos per\u00edodos de estiagem. A Caatinga representa parte da nossa hist\u00f3ria, da cultura, da economia e da pr\u00f3pria identidade do povo caririzeiro. A Caatinga \u00e9 o \u00fanico bioma exclusivamente brasileiro. Sua biodiversidade re\u00fane esp\u00e9cies que desenvolveram diferentes estrat\u00e9gias para sobreviver \u00e0s altas temperaturas e \u00e0 irregularidade das chuvas. Mandacaru, xique-xique, umbuzeiro, juazeiro e tantas outras plantas fazem parte desse cen\u00e1rio. E basta a chegada das primeiras chuvas para observar uma das transforma\u00e7\u00f5es mais impressionantes da nossa regi\u00e3o: a vegeta\u00e7\u00e3o ganha folhas, flores e novos tons, modificando rapidamente a paisagem. Mas uma pergunta precisa ser feita: ser\u00e1 que n\u00f3s, que vivemos diariamente dentro desse patrim\u00f4nio natural, estamos dando \u00e0 Caatinga o valor que ela realmente merece? Caatinga tamb\u00e9m \u00e9 desenvolvimento No Cariri, natureza e economia est\u00e3o diretamente relacionadas. Agricultura familiar, caprinocultura, ovinocultura, produ\u00e7\u00e3o de mel e diversas outras atividades fazem parte da conviv\u00eancia hist\u00f3rica das fam\u00edlias com o Semi\u00e1rido. Existe ainda um potencial que pode ser cada vez mais explorado de maneira respons\u00e1vel: o turismo. As forma\u00e7\u00f5es rochosas, trilhas, paisagens, s\u00edtios arqueol\u00f3gicos, gastronomia e cultura regional podem transformar a Caatinga em uma importante ferramenta de gera\u00e7\u00e3o de emprego e renda. O pr\u00f3prio Minist\u00e9rio do Turismo j\u00e1 destacou o potencial tur\u00edstico existente no \u00fanico bioma exclusivamente brasileiro. O Cariri possui cen\u00e1rios naturais que impressionam quem chega de outras regi\u00f5es e que, muitas vezes, acabam passando despercebidos por quem nasceu e cresceu aqui. Um alerta que vem do pr\u00f3prio Cariri Se existe potencial, tamb\u00e9m existem motivos para preocupa\u00e7\u00e3o. Um estudo sobre a \u00c1rea de Prote\u00e7\u00e3o Ambiental do Cariri, na Para\u00edba, identificou uma redu\u00e7\u00e3o superior a 50% da cobertura vegetal nativa analisada entre 1985 e 2023, al\u00e9m do aumento da fragmenta\u00e7\u00e3o e do isolamento das \u00e1reas de vegeta\u00e7\u00e3o. A pesquisa chama aten\u00e7\u00e3o para a necessidade de restaura\u00e7\u00e3o ambiental e para os riscos relacionados \u00e0 desertifica\u00e7\u00e3o. Esse dado precisa provocar uma reflex\u00e3o. Desmatamento, queimadas, retirada inadequada de madeira e pr\u00e1ticas que degradam o solo podem gerar consequ\u00eancias que ultrapassam a quest\u00e3o ambiental. Estamos falando tamb\u00e9m de \u00e1gua, produ\u00e7\u00e3o rural, economia e qualidade de vida. Preservar n\u00e3o \u00e9 impedir o Cariri de crescer \u00c9 importante deixar isso claro: preserva\u00e7\u00e3o e desenvolvimento n\u00e3o precisam estar em lados opostos. O Cariri precisa produzir, gerar empregos, fortalecer a agricultura, ampliar a pecu\u00e1ria, receber investimentos e criar novas oportunidades. O desafio \u00e9 fazer isso respeitando as caracter\u00edsticas do Semi\u00e1rido. Tecnologia, pesquisa, manejo adequado, recupera\u00e7\u00e3o de \u00e1reas degradadas, educa\u00e7\u00e3o ambiental e utiliza\u00e7\u00e3o respons\u00e1vel dos recursos naturais podem contribuir para um modelo de desenvolvimento que permita produzir hoje sem comprometer o amanh\u00e3. Precisamos ensinar nossas crian\u00e7as a enxergar essa riqueza Talvez uma das mudan\u00e7as mais importantes tenha que come\u00e7ar dentro das escolas e das pr\u00f3prias fam\u00edlias. Durante muito tempo, a imagem da Caatinga no per\u00edodo seco foi associada \u00e0 ideia de uma natureza pobre ou sem vida. Mas muitas plantas perderem suas folhas durante a estiagem \u00e9 justamente uma estrat\u00e9gia para economizar \u00e1gua e sobreviver at\u00e9 a chegada das chuvas. As novas gera\u00e7\u00f5es precisam conhecer essa capacidade extraordin\u00e1ria de adapta\u00e7\u00e3o. Uma crian\u00e7a que nasce no Cariri precisa saber que est\u00e1 crescendo dentro de um ambiente \u00fanico no Brasil e que merece ser conhecido, estudado, valorizado e protegido. Uma responsabilidade que \u00e9 de todos N\u00e3o podemos colocar a responsabilidade pela preserva\u00e7\u00e3o apenas sobre os \u00f3rg\u00e3os ambientais. Poder p\u00fablico, produtores rurais, empres\u00e1rios, universidades, escolas, associa\u00e7\u00f5es, comunidades e cidad\u00e3os precisam fazer parte dessa discuss\u00e3o. Porque falar sobre o futuro da Caatinga \u00e9 tamb\u00e9m falar sobre o futuro do pr\u00f3prio Cariri.\u00a0O que queremos deixar para as pr\u00f3ximas gera\u00e7\u00f5es? Uma regi\u00e3o que perdeu progressivamente suas riquezas naturais ou um Cariri que conseguiu transformar sua biodiversidade, sua cultura e suas paisagens em instrumentos de desenvolvimento sustent\u00e1vel? O Cariri em A\u00e7\u00e3o deixa essa reflex\u00e3o: Caatinga: estamos sabendo valorizar a maior riqueza natural do nosso Cariri? A resposta n\u00e3o deve ficar apenas nas palavras. Ela precisa aparecer na educa\u00e7\u00e3o, na preserva\u00e7\u00e3o, nas pol\u00edticas p\u00fablicas e na maneira como utilizamos diariamente os recursos que a nossa terra oferece. Valorizar a Caatinga \u00e9 valorizar o Cariri. \u00c9 preservar nossa identidade, nossa economia, nossa hist\u00f3ria e o futuro das pr\u00f3ximas gera\u00e7\u00f5es. Cariri em A\u00e7\u00e3o \u2014 integrando toda a regi\u00e3o.<\/p>\n","protected":false},"author":6,"featured_media":320708,"comment_status":"closed","ping_status":"closed","sticky":false,"template":"","format":"standard","meta":{"sfsi_plus_gutenberg_text_before_share":"","sfsi_plus_gutenberg_show_text_before_share":"","sfsi_plus_gutenberg_icon_type":"","sfsi_plus_gutenberg_icon_alignemt":"","sfsi_plus_gutenburg_max_per_row":"","footnotes":""},"categories":[106],"tags":[],"class_list":["post-320707","post","type-post","status-publish","format-standard","has-post-thumbnail","hentry","category-cariri"],"_links":{"self":[{"href":"https:\/\/www.caririemacao.com\/1\/wp-json\/wp\/v2\/posts\/320707","targetHints":{"allow":["GET"]}}],"collection":[{"href":"https:\/\/www.caririemacao.com\/1\/wp-json\/wp\/v2\/posts"}],"about":[{"href":"https:\/\/www.caririemacao.com\/1\/wp-json\/wp\/v2\/types\/post"}],"author":[{"embeddable":true,"href":"https:\/\/www.caririemacao.com\/1\/wp-json\/wp\/v2\/users\/6"}],"replies":[{"embeddable":true,"href":"https:\/\/www.caririemacao.com\/1\/wp-json\/wp\/v2\/comments?post=320707"}],"version-history":[{"count":1,"href":"https:\/\/www.caririemacao.com\/1\/wp-json\/wp\/v2\/posts\/320707\/revisions"}],"predecessor-version":[{"id":320709,"href":"https:\/\/www.caririemacao.com\/1\/wp-json\/wp\/v2\/posts\/320707\/revisions\/320709"}],"wp:featuredmedia":[{"embeddable":true,"href":"https:\/\/www.caririemacao.com\/1\/wp-json\/wp\/v2\/media\/320708"}],"wp:attachment":[{"href":"https:\/\/www.caririemacao.com\/1\/wp-json\/wp\/v2\/media?parent=320707"}],"wp:term":[{"taxonomy":"category","embeddable":true,"href":"https:\/\/www.caririemacao.com\/1\/wp-json\/wp\/v2\/categories?post=320707"},{"taxonomy":"post_tag","embeddable":true,"href":"https:\/\/www.caririemacao.com\/1\/wp-json\/wp\/v2\/tags?post=320707"}],"curies":[{"name":"wp","href":"https:\/\/api.w.org\/{rel}","templated":true}]}}