{"id":320722,"date":"2026-08-28T06:16:07","date_gmt":"2026-08-28T09:16:07","guid":{"rendered":"https:\/\/www.caririemacao.com\/1\/?p=320722"},"modified":"2026-08-28T11:33:04","modified_gmt":"2026-08-28T14:33:04","slug":"suspeito-de-matar-empresario-monteirense-e-preso-no-para-segundo-investigado-esta-foragido","status":"publish","type":"post","link":"https:\/\/www.caririemacao.com\/1\/2026\/08\/28\/suspeito-de-matar-empresario-monteirense-e-preso-no-para-segundo-investigado-esta-foragido\/","title":{"rendered":"Suspeito de matar empres\u00e1rio monteirense \u00e9 preso no Par\u00e1; segundo investigado est\u00e1 foragido"},"content":{"rendered":"<p>Um dos suspeitos de envolvimento no assassinato do empres\u00e1rio monteirense Fabiano Guerra Mendes Falc\u00e3o foi preso preventivamente ontem quinta-feira (27), no Par\u00e1.<\/p>\n<p>O primeiro suspeito \u00e9 apontado pelas investiga\u00e7\u00f5es como um dos poss\u00edveis autores do crime. O segundo suspeito est\u00e1 foragido.<\/p>\n<p>O crime aconteceu no dia 14 de agosto, na regi\u00e3o do Garimpinho, no sul do Par\u00e1.<\/p>\n<p>A Pol\u00edcia Civil tamb\u00e9m apura a poss\u00edvel motiva\u00e7\u00e3o do assassinato. Uma das linhas de investiga\u00e7\u00e3o envolve uma discuss\u00e3o por causa da suposta pr\u00e1tica de ca\u00e7a ilegal dentro da propriedade da v\u00edtima.<\/p>\n<p>As circunst\u00e2ncias do crime e a participa\u00e7\u00e3o dos investigados continuam sendo apuradas pelas autoridades.<\/p>\n<p>CARIRIR EM A\u00c7\u00c3O<\/p>\n<p>Com Cariri Ligado<\/p>\n","protected":false},"excerpt":{"rendered":"<p>Um dos suspeitos de envolvimento no assassinato do empres\u00e1rio monteirense Fabiano Guerra Mendes Falc\u00e3o foi preso preventivamente ontem quinta-feira (27), no Par\u00e1. O primeiro suspeito \u00e9 apontado pelas investiga\u00e7\u00f5es como um dos poss\u00edveis autores do crime. O segundo suspeito est\u00e1 foragido. O crime aconteceu no dia 14 de agosto, na regi\u00e3o do Garimpinho, no sul do Par\u00e1. A Pol\u00edcia Civil tamb\u00e9m apura a poss\u00edvel motiva\u00e7\u00e3o do assassinato. Uma das linhas de investiga\u00e7\u00e3o envolve uma discuss\u00e3o por causa da suposta pr\u00e1tica de ca\u00e7a ilegal dentro da propriedade da v\u00edtima. As circunst\u00e2ncias do crime e a participa\u00e7\u00e3o dos investigados continuam sendo apuradas pelas autoridades. CARIRIR EM A\u00c7\u00c3O Com Cariri Ligado<\/p>\n","protected":false},"author":6,"featured_media":320723,"comment_status":"closed","ping_status":"closed","sticky":false,"template":"","format":"standard","meta":{"sfsi_plus_gutenberg_text_before_share":"","sfsi_plus_gutenberg_show_text_before_share":"","sfsi_plus_gutenberg_icon_type":"","sfsi_plus_gutenberg_icon_alignemt":"","sfsi_plus_gutenburg_max_per_row":"","footnotes":""},"categories":[106],"tags":[],"class_list":["post-320722","post","type-post","status-publish","format-standard","has-post-thumbnail","hentry","category-cariri"],"_links":{"self":[{"href":"https:\/\/www.caririemacao.com\/1\/wp-json\/wp\/v2\/posts\/320722","targetHints":{"allow":["GET"]}}],"collection":[{"href":"https:\/\/www.caririemacao.com\/1\/wp-json\/wp\/v2\/posts"}],"about":[{"href":"https:\/\/www.caririemacao.com\/1\/wp-json\/wp\/v2\/types\/post"}],"author":[{"embeddable":true,"href":"https:\/\/www.caririemacao.com\/1\/wp-json\/wp\/v2\/users\/6"}],"replies":[{"embeddable":true,"href":"https:\/\/www.caririemacao.com\/1\/wp-json\/wp\/v2\/comments?post=320722"}],"version-history":[{"count":2,"href":"https:\/\/www.caririemacao.com\/1\/wp-json\/wp\/v2\/posts\/320722\/revisions"}],"predecessor-version":[{"id":320753,"href":"https:\/\/www.caririemacao.com\/1\/wp-json\/wp\/v2\/posts\/320722\/revisions\/320753"}],"wp:featuredmedia":[{"embeddable":true,"href":"https:\/\/www.caririemacao.com\/1\/wp-json\/wp\/v2\/media\/320723"}],"wp:attachment":[{"href":"https:\/\/www.caririemacao.com\/1\/wp-json\/wp\/v2\/media?parent=320722"}],"wp:term":[{"taxonomy":"category","embeddable":true,"href":"https:\/\/www.caririemacao.com\/1\/wp-json\/wp\/v2\/categories?post=320722"},{"taxonomy":"post_tag","embeddable":true,"href":"https:\/\/www.caririemacao.com\/1\/wp-json\/wp\/v2\/tags?post=320722"}],"curies":[{"name":"wp","href":"https:\/\/api.w.org\/{rel}","templated":true}]}}