{"id":320725,"date":"2026-08-28T07:18:32","date_gmt":"2026-08-28T10:18:32","guid":{"rendered":"https:\/\/www.caririemacao.com\/1\/?p=320725"},"modified":"2026-08-28T11:33:49","modified_gmt":"2026-08-28T14:33:49","slug":"em-video-emocionado-lito-diz-nao-saber-como-conversar-com-filho-sobre-doenca","status":"publish","type":"post","link":"https:\/\/www.caririemacao.com\/1\/2026\/08\/28\/em-video-emocionado-lito-diz-nao-saber-como-conversar-com-filho-sobre-doenca\/","title":{"rendered":"Em v\u00eddeo emocionado, Lito diz n\u00e3o saber como conversar com filho sobre doen\u00e7a"},"content":{"rendered":"<p>O influenciador Lito Sousa, do canal Avi\u00f5es e M\u00fasicas, se emocionou ao falar sobre o filho em um v\u00eddeo gravado no dia em que recebeu a confirma\u00e7\u00e3o do diagn\u00f3stico da doen\u00e7a de Creutzfeldt-Jakob (DCJ). Ao refletir sobre o progn\u00f3stico, ele afirmou n\u00e3o temer a morte, mas disse se preocupar com o impacto de sua poss\u00edvel aus\u00eancia e lamentou n\u00e3o saber como conversar com o filho sobre o assunto.<\/p>\n<p>\u201cEu n\u00e3o tenho medo de morrer. Eu n\u00e3o tenho. N\u00e3o tenho porque eu vivi uma vida boa, uma vida que eu nunca fiz mal pra ningu\u00e9m, ent\u00e3o eu t\u00f4 muito sossegado com isso. Mas eu n\u00e3o sei como que eu falo pra ele que eu vou virar estrelinha. Eu n\u00e3o sei a saudade que ele vai sentir\u201d, disse.<\/p>\n<p>Lito afirmou que, diante do diagn\u00f3stico, considera que a parte mais dif\u00edcil ser\u00e1 enfrentada pela mulher e pelo filho. Emocionado, disse que gostaria de ter mais tempo para acompanhar o crescimento da crian\u00e7a e lembrou momentos dos dois juntos.<\/p>\n<p>\u201cEu queria ter muito mais tempo com ele. Eu queria tomar muita caneta dele, que ele joga bola me dando caneta\u201d, afirmou.<\/p>\n<p>Na sequ\u00eancia, o influenciador disse estar tranquilo em rela\u00e7\u00e3o \u00e0 pr\u00f3pria morte por considerar que teve uma vida boa e n\u00e3o fez mal a outras pessoas.<\/p>\n<p>Apesar do diagn\u00f3stico, Lito afirmou durante a grava\u00e7\u00e3o que ainda mant\u00e9m esperan\u00e7a. \u201cO jogo s\u00f3 acaba quando termina\u201d, disse. Ele contou que \u00e9 \u201cum homem de ci\u00eancia\u201d, mas tamb\u00e9m de f\u00e9, e falou sobre a possibilidade de um milagre.<\/p>\n<p>O influenciador tamb\u00e9m afirmou que decidiu gravar o v\u00eddeo enquanto ainda mantinha a capacidade de se comunicar e se despedir das pessoas. Apesar de reconhecer a gravidade da situa\u00e7\u00e3o, pediu aos seguidores que n\u00e3o ficassem tristes e disse considerar que teve uma vida \u201cmaravilhosa\u201d.<\/p>\n<p>Lito encerrou a grava\u00e7\u00e3o da mesma maneira como costuma finalizar seus v\u00eddeos, deixando aberta a esperan\u00e7a de voltar a gravar conte\u00fados.<\/p>\n<p>CARIRI EM A\u00c7\u00c3O<\/p>\n<p>Com MaisPB<\/p>\n","protected":false},"excerpt":{"rendered":"<p>O influenciador Lito Sousa, do canal Avi\u00f5es e M\u00fasicas, se emocionou ao falar sobre o filho em um v\u00eddeo gravado no dia em que recebeu a confirma\u00e7\u00e3o do diagn\u00f3stico da doen\u00e7a de Creutzfeldt-Jakob (DCJ). Ao refletir sobre o progn\u00f3stico, ele afirmou n\u00e3o temer a morte, mas disse se preocupar com o impacto de sua poss\u00edvel aus\u00eancia e lamentou n\u00e3o saber como conversar com o filho sobre o assunto. \u201cEu n\u00e3o tenho medo de morrer. Eu n\u00e3o tenho. N\u00e3o tenho porque eu vivi uma vida boa, uma vida que eu nunca fiz mal pra ningu\u00e9m, ent\u00e3o eu t\u00f4 muito sossegado com isso. Mas eu n\u00e3o sei como que eu falo pra ele que eu vou virar estrelinha. Eu n\u00e3o sei a saudade que ele vai sentir\u201d, disse. Lito afirmou que, diante do diagn\u00f3stico, considera que a parte mais dif\u00edcil ser\u00e1 enfrentada pela mulher e pelo filho. Emocionado, disse que gostaria de ter mais tempo para acompanhar o crescimento da crian\u00e7a e lembrou momentos dos dois juntos. \u201cEu queria ter muito mais tempo com ele. Eu queria tomar muita caneta dele, que ele joga bola me dando caneta\u201d, afirmou. Na sequ\u00eancia, o influenciador disse estar tranquilo em rela\u00e7\u00e3o \u00e0 pr\u00f3pria morte por considerar que teve uma vida boa e n\u00e3o fez mal a outras pessoas. Apesar do diagn\u00f3stico, Lito afirmou durante a grava\u00e7\u00e3o que ainda mant\u00e9m esperan\u00e7a. \u201cO jogo s\u00f3 acaba quando termina\u201d, disse. Ele contou que \u00e9 \u201cum homem de ci\u00eancia\u201d, mas tamb\u00e9m de f\u00e9, e falou sobre a possibilidade de um milagre. O influenciador tamb\u00e9m afirmou que decidiu gravar o v\u00eddeo enquanto ainda mantinha a capacidade de se comunicar e se despedir das pessoas. Apesar de reconhecer a gravidade da situa\u00e7\u00e3o, pediu aos seguidores que n\u00e3o ficassem tristes e disse considerar que teve uma vida \u201cmaravilhosa\u201d. Lito encerrou a grava\u00e7\u00e3o da mesma maneira como costuma finalizar seus v\u00eddeos, deixando aberta a esperan\u00e7a de voltar a gravar conte\u00fados. CARIRI EM A\u00c7\u00c3O Com MaisPB<\/p>\n","protected":false},"author":6,"featured_media":320726,"comment_status":"closed","ping_status":"closed","sticky":false,"template":"","format":"standard","meta":{"sfsi_plus_gutenberg_text_before_share":"","sfsi_plus_gutenberg_show_text_before_share":"","sfsi_plus_gutenberg_icon_type":"","sfsi_plus_gutenberg_icon_alignemt":"","sfsi_plus_gutenburg_max_per_row":"","footnotes":""},"categories":[16],"tags":[],"class_list":["post-320725","post","type-post","status-publish","format-standard","has-post-thumbnail","hentry","category-saude"],"_links":{"self":[{"href":"https:\/\/www.caririemacao.com\/1\/wp-json\/wp\/v2\/posts\/320725","targetHints":{"allow":["GET"]}}],"collection":[{"href":"https:\/\/www.caririemacao.com\/1\/wp-json\/wp\/v2\/posts"}],"about":[{"href":"https:\/\/www.caririemacao.com\/1\/wp-json\/wp\/v2\/types\/post"}],"author":[{"embeddable":true,"href":"https:\/\/www.caririemacao.com\/1\/wp-json\/wp\/v2\/users\/6"}],"replies":[{"embeddable":true,"href":"https:\/\/www.caririemacao.com\/1\/wp-json\/wp\/v2\/comments?post=320725"}],"version-history":[{"count":1,"href":"https:\/\/www.caririemacao.com\/1\/wp-json\/wp\/v2\/posts\/320725\/revisions"}],"predecessor-version":[{"id":320727,"href":"https:\/\/www.caririemacao.com\/1\/wp-json\/wp\/v2\/posts\/320725\/revisions\/320727"}],"wp:featuredmedia":[{"embeddable":true,"href":"https:\/\/www.caririemacao.com\/1\/wp-json\/wp\/v2\/media\/320726"}],"wp:attachment":[{"href":"https:\/\/www.caririemacao.com\/1\/wp-json\/wp\/v2\/media?parent=320725"}],"wp:term":[{"taxonomy":"category","embeddable":true,"href":"https:\/\/www.caririemacao.com\/1\/wp-json\/wp\/v2\/categories?post=320725"},{"taxonomy":"post_tag","embeddable":true,"href":"https:\/\/www.caririemacao.com\/1\/wp-json\/wp\/v2\/tags?post=320725"}],"curies":[{"name":"wp","href":"https:\/\/api.w.org\/{rel}","templated":true}]}}