{"id":320728,"date":"2026-08-28T07:43:06","date_gmt":"2026-08-28T10:43:06","guid":{"rendered":"https:\/\/www.caririemacao.com\/1\/?p=320728"},"modified":"2026-08-28T11:33:30","modified_gmt":"2026-08-28T14:33:30","slug":"horario-eleitoral-comeca-nesta-sexta-feira-28-no-radio-e-na-tv-saiba-as-regras","status":"publish","type":"post","link":"https:\/\/www.caririemacao.com\/1\/2026\/08\/28\/horario-eleitoral-comeca-nesta-sexta-feira-28-no-radio-e-na-tv-saiba-as-regras\/","title":{"rendered":"Hor\u00e1rio eleitoral come\u00e7a nesta sexta-feira (28) no r\u00e1dio e na TV; saiba as regras"},"content":{"rendered":"<p style=\"font-weight: 400;\">O hor\u00e1rio eleitoral gratuito das Elei\u00e7\u00f5es 2026 come\u00e7a nesta sexta-feira (28) no r\u00e1dio e na televis\u00e3o. A propaganda referente ao primeiro turno ser\u00e1 exibida at\u00e9 1\u00ba de outubro, v\u00e9spera do pleito. As regras s\u00e3o definidas pelo Tribunal Superior Eleitoral (TSE) e estabelecem como ser\u00e1 a distribui\u00e7\u00e3o do tempo entre partidos, federa\u00e7\u00f5es e coliga\u00e7\u00f5es.<\/p>\n<p style=\"font-weight: 400;\">A propaganda ser\u00e1 apresentada em dois formatos: programas em rede, com hor\u00e1rio e dura\u00e7\u00e3o definidos pela Justi\u00e7a Eleitoral, e inser\u00e7\u00f5es, que s\u00e3o os comerciais distribu\u00eddos ao longo da programa\u00e7\u00e3o das emissoras. O plano de m\u00eddia aprovado pelo TSE tamb\u00e9m determina a ordem de exibi\u00e7\u00e3o e a quantidade de inser\u00e7\u00f5es destinadas a cada candidatura.<\/p>\n<p style=\"font-weight: 400;\"><strong>Como funciona<\/strong><\/p>\n<p style=\"font-weight: 400;\">O tempo de propaganda n\u00e3o \u00e9 dividido igualmente entre os candidatos. A distribui\u00e7\u00e3o leva em considera\u00e7\u00e3o, entre outros crit\u00e9rios previstos na legisla\u00e7\u00e3o eleitoral, a representatividade dos partidos na C\u00e2mara dos Deputados. O TSE publicou a tabela de representatividade utilizada para o c\u00e1lculo do tempo nas elei\u00e7\u00f5es deste ano.<\/p>\n<p style=\"font-weight: 400;\">Na disputa presidencial, o primeiro dia ter\u00e1 uma ordem de apresenta\u00e7\u00e3o definida por sorteio. Nos dias seguintes, a ordem ser\u00e1 alterada de forma rotativa, conforme o plano de m\u00eddia aprovado pela Justi\u00e7a Eleitoral.<\/p>\n<p style=\"font-weight: 400;\"><strong>Regras para r\u00e1dio e TV<\/strong><\/p>\n<p style=\"font-weight: 400;\">Durante o per\u00edodo eleitoral, as emissoras precisam seguir uma s\u00e9rie de restri\u00e7\u00f5es. Entre elas est\u00e3o a proibi\u00e7\u00e3o de propaganda pol\u00edtica fora do espa\u00e7o reservado pela legisla\u00e7\u00e3o e de tratamento privilegiado a candidatos, partidos ou coliga\u00e7\u00f5es.<\/p>\n<p style=\"font-weight: 400;\">Tamb\u00e9m existem regras espec\u00edficas para a divulga\u00e7\u00e3o de pesquisas eleitorais e para programas de r\u00e1dio e televis\u00e3o que possam favorecer ou prejudicar candidaturas.<\/p>\n<p style=\"font-weight: 400;\">O hor\u00e1rio eleitoral gratuito \u00e9 diferente da propaganda eleitoral paga: o espa\u00e7o destinado \u00e0 propaganda oficial \u00e9 regulamentado pela Justi\u00e7a Eleitoral e n\u00e3o representa uma compra convencional de espa\u00e7o publicit\u00e1rio pelos candidatos.<\/p>\n<p style=\"font-weight: 400;\"><strong>Quando termina?<\/strong><\/p>\n<p style=\"font-weight: 400;\">No primeiro turno, o hor\u00e1rio eleitoral gratuito ser\u00e1 exibido de 28 de agosto a 1\u00ba de outubro de 2026. Caso haja segundo turno, haver\u00e1 um novo per\u00edodo de propaganda eleitoral no r\u00e1dio e na televis\u00e3o, conforme o calend\u00e1rio da Justi\u00e7a Eleitoral.<\/p>\n<p style=\"font-weight: 400;\">A partir desta sexta-feira, portanto, os eleitores poder\u00e3o acompanhar as propostas e mensagens dos candidatos que disputam os cargos em jogo nas elei\u00e7\u00f5es de 2026.<\/p>\n<p>CARIRI EM A\u00c7\u00c3O<\/p>\n<p>Com Cariri Ligado<\/p>\n","protected":false},"excerpt":{"rendered":"<p>O hor\u00e1rio eleitoral gratuito das Elei\u00e7\u00f5es 2026 come\u00e7a nesta sexta-feira (28) no r\u00e1dio e na televis\u00e3o. A propaganda referente ao primeiro turno ser\u00e1 exibida at\u00e9 1\u00ba de outubro, v\u00e9spera do pleito. As regras s\u00e3o definidas pelo Tribunal Superior Eleitoral (TSE) e estabelecem como ser\u00e1 a distribui\u00e7\u00e3o do tempo entre partidos, federa\u00e7\u00f5es e coliga\u00e7\u00f5es. A propaganda ser\u00e1 apresentada em dois formatos: programas em rede, com hor\u00e1rio e dura\u00e7\u00e3o definidos pela Justi\u00e7a Eleitoral, e inser\u00e7\u00f5es, que s\u00e3o os comerciais distribu\u00eddos ao longo da programa\u00e7\u00e3o das emissoras. O plano de m\u00eddia aprovado pelo TSE tamb\u00e9m determina a ordem de exibi\u00e7\u00e3o e a quantidade de inser\u00e7\u00f5es destinadas a cada candidatura. Como funciona O tempo de propaganda n\u00e3o \u00e9 dividido igualmente entre os candidatos. A distribui\u00e7\u00e3o leva em considera\u00e7\u00e3o, entre outros crit\u00e9rios previstos na legisla\u00e7\u00e3o eleitoral, a representatividade dos partidos na C\u00e2mara dos Deputados. O TSE publicou a tabela de representatividade utilizada para o c\u00e1lculo do tempo nas elei\u00e7\u00f5es deste ano. Na disputa presidencial, o primeiro dia ter\u00e1 uma ordem de apresenta\u00e7\u00e3o definida por sorteio. Nos dias seguintes, a ordem ser\u00e1 alterada de forma rotativa, conforme o plano de m\u00eddia aprovado pela Justi\u00e7a Eleitoral. Regras para r\u00e1dio e TV Durante o per\u00edodo eleitoral, as emissoras precisam seguir uma s\u00e9rie de restri\u00e7\u00f5es. Entre elas est\u00e3o a proibi\u00e7\u00e3o de propaganda pol\u00edtica fora do espa\u00e7o reservado pela legisla\u00e7\u00e3o e de tratamento privilegiado a candidatos, partidos ou coliga\u00e7\u00f5es. Tamb\u00e9m existem regras espec\u00edficas para a divulga\u00e7\u00e3o de pesquisas eleitorais e para programas de r\u00e1dio e televis\u00e3o que possam favorecer ou prejudicar candidaturas. O hor\u00e1rio eleitoral gratuito \u00e9 diferente da propaganda eleitoral paga: o espa\u00e7o destinado \u00e0 propaganda oficial \u00e9 regulamentado pela Justi\u00e7a Eleitoral e n\u00e3o representa uma compra convencional de espa\u00e7o publicit\u00e1rio pelos candidatos. Quando termina? No primeiro turno, o hor\u00e1rio eleitoral gratuito ser\u00e1 exibido de 28 de agosto a 1\u00ba de outubro de 2026. Caso haja segundo turno, haver\u00e1 um novo per\u00edodo de propaganda eleitoral no r\u00e1dio e na televis\u00e3o, conforme o calend\u00e1rio da Justi\u00e7a Eleitoral. A partir desta sexta-feira, portanto, os eleitores poder\u00e3o acompanhar as propostas e mensagens dos candidatos que disputam os cargos em jogo nas elei\u00e7\u00f5es de 2026. CARIRI EM A\u00c7\u00c3O Com Cariri Ligado<\/p>\n","protected":false},"author":6,"featured_media":320729,"comment_status":"closed","ping_status":"closed","sticky":false,"template":"","format":"standard","meta":{"sfsi_plus_gutenberg_text_before_share":"","sfsi_plus_gutenberg_show_text_before_share":"","sfsi_plus_gutenberg_icon_type":"","sfsi_plus_gutenberg_icon_alignemt":"","sfsi_plus_gutenburg_max_per_row":"","footnotes":""},"categories":[11],"tags":[],"class_list":["post-320728","post","type-post","status-publish","format-standard","has-post-thumbnail","hentry","category-politica"],"_links":{"self":[{"href":"https:\/\/www.caririemacao.com\/1\/wp-json\/wp\/v2\/posts\/320728","targetHints":{"allow":["GET"]}}],"collection":[{"href":"https:\/\/www.caririemacao.com\/1\/wp-json\/wp\/v2\/posts"}],"about":[{"href":"https:\/\/www.caririemacao.com\/1\/wp-json\/wp\/v2\/types\/post"}],"author":[{"embeddable":true,"href":"https:\/\/www.caririemacao.com\/1\/wp-json\/wp\/v2\/users\/6"}],"replies":[{"embeddable":true,"href":"https:\/\/www.caririemacao.com\/1\/wp-json\/wp\/v2\/comments?post=320728"}],"version-history":[{"count":1,"href":"https:\/\/www.caririemacao.com\/1\/wp-json\/wp\/v2\/posts\/320728\/revisions"}],"predecessor-version":[{"id":320730,"href":"https:\/\/www.caririemacao.com\/1\/wp-json\/wp\/v2\/posts\/320728\/revisions\/320730"}],"wp:featuredmedia":[{"embeddable":true,"href":"https:\/\/www.caririemacao.com\/1\/wp-json\/wp\/v2\/media\/320729"}],"wp:attachment":[{"href":"https:\/\/www.caririemacao.com\/1\/wp-json\/wp\/v2\/media?parent=320728"}],"wp:term":[{"taxonomy":"category","embeddable":true,"href":"https:\/\/www.caririemacao.com\/1\/wp-json\/wp\/v2\/categories?post=320728"},{"taxonomy":"post_tag","embeddable":true,"href":"https:\/\/www.caririemacao.com\/1\/wp-json\/wp\/v2\/tags?post=320728"}],"curies":[{"name":"wp","href":"https:\/\/api.w.org\/{rel}","templated":true}]}}