{"id":320746,"date":"2026-08-28T10:14:17","date_gmt":"2026-08-28T13:14:17","guid":{"rendered":"https:\/\/www.caririemacao.com\/1\/?p=320746"},"modified":"2026-08-28T11:31:56","modified_gmt":"2026-08-28T14:31:56","slug":"eclipse-lunar-proximo-da-lua-moradores-do-estado-acompanham-o-fenomeno","status":"publish","type":"post","link":"https:\/\/www.caririemacao.com\/1\/2026\/08\/28\/eclipse-lunar-proximo-da-lua-moradores-do-estado-acompanham-o-fenomeno\/","title":{"rendered":"Eclipse lunar pr\u00f3ximo da Lua: moradores do estado acompanham o fen\u00f3meno"},"content":{"rendered":"<p>Um fen\u00f3meno astron\u00f3mico partiu-se na noite de quinta-feira (27) e se estendeu at\u00e9 \u00e0 madrugada de sexta-feira (28), quando a Lua passou por um per\u00edodo quase total de cobertura pela sombra terrestre. Moradores de diversos pontos da Para\u00edba registraram o evento, que iniciou \u00e0s 22h24 e continuou durante a madrugada seguinte.<\/p>\n<p>O momento de pico ocorreu \u00e0s 1h13, quando aproximadamente 96,2% da superf\u00edcie lunar estava mergulhada na sombra mais densa conhecida como umbra. Em Jo\u00e3o Pessoa, o espect\u00e1culo foi acompanhado por entusiastas no Busto de Tamandar\u00e9, enquanto em Campina Grande, o evento foi documentado no Museu de Arte e Ci\u00eancia da Para\u00edba (MACP). O mesmo fen\u00f3meno tamb\u00e9m foi registado em Esperan\u00e7a, localizado no Agreste paraibano, e em Tapero\u00e1, situada no Sert\u00e3o do estado.<\/p>\n<p>Durante esta ocasi\u00e3o, a Associa\u00e7\u00e3o Paraibana de Astronomia (APA) organizou a\u00e7\u00f5es para capturar fotografias do fen\u00f3meno. O eclipse lunar, definido como o momento em que Sol, Terra e Lua formam uma linha reta, produz uma sombra projetada sobre o sat\u00e9lite. Essa sombra divide-se em duas regi\u00f5es: a penumbra, mais clara, e a umbra, a \u00e1rea mais escura.<\/p>\n<p>Quando a Lua atravessa apenas a penumbra, trata-se de um eclipse penumbral, que \u00e9 mais sutil e dif\u00edcil de perceber sem aux\u00edlio visual. Contudo, quando a Lua entra na zona da umbra, ocorre o eclipse parcial, mais vis\u00edvel a olho nu. No caso de um eclipse total, toda a Lua fica contida dentro da umbra, podendo adquirir tons alaranjados ou avermelhados \u2014 um fen\u00f3meno conhecido como &#8220;Lua de Sangue&#8221;. No instante do ponto m\u00e1ximo, \u00e0s 1h13 de sexta-feira (28), restava apenas uma estrela de luz iluminada da Lua fora da sombra.<\/p>\n<p>V\u00eddeos e imagens do fen\u00f3meno est\u00e3o dispon\u00edveis para consulta.<\/p>\n<p><em>Fonte: G1 Para\u00edba<\/em><\/p>\n","protected":false},"excerpt":{"rendered":"<p>Eclipse quase total da Lua em Jo\u00e3o Pessoa Arquivo pessoal \/ Stephany Silva Moradores de diferentes pontos da Para\u00edba acompanharam, entre a noite de quinta-feira (27) e a madrugada de sexta-feira (28), um eclipse lunar parcial, fen\u00f4meno em que parte da Lua \u00e9 encoberta pela sombra da Terra. Veja abaixo alguns registros feitos no estado. &#x2705; Clique aqui para seguir o canal do g1 PB no WhatsApp O eclipse come\u00e7ou \u00e0s 22h24 de quinta-feira (27) e seguiu pela madrugada de sexta-feira (28). O ponto m\u00e1ximo ocorreu \u00e0 1h13, quando aproximadamente 96,2% da superf\u00edcie da Lua ficou encoberta pela parte mais escura da sombra da Terra, chamada umbra. Agora no g1 Em Jo\u00e3o Pessoa, o fen\u00f4meno foi acompanhado por um grupo de entusiastas no Busto de Tamandar\u00e9. J\u00e1 em Campina Grande, o eclipse, considerado quase total, foi observado no Museu de Arte e Ci\u00eancia da Para\u00edba (MACP). O fen\u00f4meno tamb\u00e9m foi registrado em Esperan\u00e7a, no Agreste paraibano, e em Tapero\u00e1, no Sert\u00e3o do estado. Durante uma a\u00e7\u00e3o organizada pela Associa\u00e7\u00e3o Paraibana de Astronomia (APA), foram feitas fotografias do eclipse ao longo da noite. Fotos do f\u00eanomeno em cidades da Para\u00edba O que \u00e9 um eclipse lunar? Eclipse lunar quase total Divulga\u00e7\u00e3o\/Laborat\u00f3rio Ilha da Ci\u00eancia (UFMA) O eclipse lunar acontece quando o Sol, a Terra e a Lua ficam alinhados. Nesse momento, a Terra fica entre o Sol e a Lua e projeta sua sombra sobre o sat\u00e9lite. A sombra projetada pela Terra tem duas partes: a penumbra, que \u00e9 mais clara, e a umbra, que \u00e9 a regi\u00e3o mais escura. Quando a Lua passa apenas pela penumbra, ocorre um eclipse penumbral. Esse tipo de fen\u00f4meno \u00e9 mais discreto e dif\u00edcil de perceber a olho nu. Quando a Lua entra na regi\u00e3o da umbra, ocorre um eclipse parcial, que pode ser percebido com mais facilidade. No eclipse total, toda a Lua fica dentro da umbra. O sat\u00e9lite pode adquirir tons alaranjados ou avermelhados, fen\u00f4meno conhecido como \u201cLua de Sangue\u201d. No ponto m\u00e1ximo, \u00e0 1h13 de sexta-feira (28), apenas uma pequena faixa iluminada da Lua ficar\u00e1 fora da umbra. V\u00eddeos mais assistidos do g1 Para\u00edba<\/p>\n","protected":false},"author":6,"featured_media":320747,"comment_status":"closed","ping_status":"closed","sticky":false,"template":"","format":"standard","meta":{"sfsi_plus_gutenberg_text_before_share":"","sfsi_plus_gutenberg_show_text_before_share":"","sfsi_plus_gutenberg_icon_type":"","sfsi_plus_gutenberg_icon_alignemt":"","sfsi_plus_gutenburg_max_per_row":"","footnotes":""},"categories":[15],"tags":[],"class_list":["post-320746","post","type-post","status-publish","format-standard","has-post-thumbnail","hentry","category-cultura"],"_links":{"self":[{"href":"https:\/\/www.caririemacao.com\/1\/wp-json\/wp\/v2\/posts\/320746","targetHints":{"allow":["GET"]}}],"collection":[{"href":"https:\/\/www.caririemacao.com\/1\/wp-json\/wp\/v2\/posts"}],"about":[{"href":"https:\/\/www.caririemacao.com\/1\/wp-json\/wp\/v2\/types\/post"}],"author":[{"embeddable":true,"href":"https:\/\/www.caririemacao.com\/1\/wp-json\/wp\/v2\/users\/6"}],"replies":[{"embeddable":true,"href":"https:\/\/www.caririemacao.com\/1\/wp-json\/wp\/v2\/comments?post=320746"}],"version-history":[{"count":1,"href":"https:\/\/www.caririemacao.com\/1\/wp-json\/wp\/v2\/posts\/320746\/revisions"}],"predecessor-version":[{"id":320748,"href":"https:\/\/www.caririemacao.com\/1\/wp-json\/wp\/v2\/posts\/320746\/revisions\/320748"}],"wp:featuredmedia":[{"embeddable":true,"href":"https:\/\/www.caririemacao.com\/1\/wp-json\/wp\/v2\/media\/320747"}],"wp:attachment":[{"href":"https:\/\/www.caririemacao.com\/1\/wp-json\/wp\/v2\/media?parent=320746"}],"wp:term":[{"taxonomy":"category","embeddable":true,"href":"https:\/\/www.caririemacao.com\/1\/wp-json\/wp\/v2\/categories?post=320746"},{"taxonomy":"post_tag","embeddable":true,"href":"https:\/\/www.caririemacao.com\/1\/wp-json\/wp\/v2\/tags?post=320746"}],"curies":[{"name":"wp","href":"https:\/\/api.w.org\/{rel}","templated":true}]}}