{"id":320757,"date":"2026-08-28T11:42:44","date_gmt":"2026-08-28T14:42:44","guid":{"rendered":"https:\/\/www.caririemacao.com\/1\/?p=320757"},"modified":"2026-08-28T11:42:44","modified_gmt":"2026-08-28T14:42:44","slug":"acidente-entre-caminhao-e-carro-deixa-duas-pessoas-feridas-na-br-412-na-entrada-da-prata","status":"publish","type":"post","link":"https:\/\/www.caririemacao.com\/1\/2026\/08\/28\/acidente-entre-caminhao-e-carro-deixa-duas-pessoas-feridas-na-br-412-na-entrada-da-prata\/","title":{"rendered":"Acidente entre caminh\u00e3o e carro deixa duas pessoas feridas na BR-412, na entrada da Prata"},"content":{"rendered":"<p class=\"wp-block-paragraph\">Um acidente de tr\u00e2nsito registrado na manh\u00e3 desta sexta-feira (28) deixou quatro pessoas envolvidas e duas feridas na BR-412, na entrada do munic\u00edpio da Prata, no Cariri paraibano.<\/p>\n<p class=\"wp-block-paragraph\">De acordo com as primeiras informa\u00e7\u00f5es, a colis\u00e3o envolveu um caminh\u00e3o e um carro de passeio. Um caminh\u00e3o-pipa tamb\u00e9m teria se envolvido no acidente.<\/p>\n<p class=\"wp-block-paragraph\">Das quatro v\u00edtimas, duas precisaram ser socorridas pelo Servi\u00e7o de Atendimento M\u00f3vel de Urg\u00eancia (SAMU). Uma delas foi encaminhada para o Hospital de Sum\u00e9, enquanto a outra foi levada para uma unidade hospitalar em Monteiro.<\/p>\n<p class=\"wp-block-paragraph\">Ainda segundo as informa\u00e7\u00f5es iniciais, as duas v\u00edtimas socorridas apresentavam apenas escoria\u00e7\u00f5es e estavam bem no momento do atendimento.<\/p>\n<p class=\"wp-block-paragraph\">As circunst\u00e2ncias e as causas da colis\u00e3o ainda n\u00e3o foram esclarecidas. As autoridades dever\u00e3o apurar como o acidente aconteceu.<\/p>\n<p class=\"wp-block-paragraph\">CARIRI EM A\u00c7\u00c3O<\/p>\n<p class=\"wp-block-paragraph\"><em>Com O Pipoco<\/em><\/p>\n","protected":false},"excerpt":{"rendered":"<p>Um acidente de tr\u00e2nsito registrado na manh\u00e3 desta sexta-feira (28) deixou quatro pessoas envolvidas e duas feridas na BR-412, na entrada do munic\u00edpio da Prata, no Cariri paraibano. De acordo com as primeiras informa\u00e7\u00f5es, a colis\u00e3o envolveu um caminh\u00e3o e um carro de passeio. Um caminh\u00e3o-pipa tamb\u00e9m teria se envolvido no acidente. Das quatro v\u00edtimas, duas precisaram ser socorridas pelo Servi\u00e7o de Atendimento M\u00f3vel de Urg\u00eancia (SAMU). Uma delas foi encaminhada para o Hospital de Sum\u00e9, enquanto a outra foi levada para uma unidade hospitalar em Monteiro. Ainda segundo as informa\u00e7\u00f5es iniciais, as duas v\u00edtimas socorridas apresentavam apenas escoria\u00e7\u00f5es e estavam bem no momento do atendimento. As circunst\u00e2ncias e as causas da colis\u00e3o ainda n\u00e3o foram esclarecidas. As autoridades dever\u00e3o apurar como o acidente aconteceu. CARIRI EM A\u00c7\u00c3O Com O Pipoco<\/p>\n","protected":false},"author":6,"featured_media":320764,"comment_status":"closed","ping_status":"closed","sticky":false,"template":"","format":"standard","meta":{"sfsi_plus_gutenberg_text_before_share":"","sfsi_plus_gutenberg_show_text_before_share":"","sfsi_plus_gutenberg_icon_type":"","sfsi_plus_gutenberg_icon_alignemt":"","sfsi_plus_gutenburg_max_per_row":"","footnotes":""},"categories":[50,12],"tags":[],"class_list":["post-320757","post","type-post","status-publish","format-standard","has-post-thumbnail","hentry","category-destaque","category-policia"],"_links":{"self":[{"href":"https:\/\/www.caririemacao.com\/1\/wp-json\/wp\/v2\/posts\/320757","targetHints":{"allow":["GET"]}}],"collection":[{"href":"https:\/\/www.caririemacao.com\/1\/wp-json\/wp\/v2\/posts"}],"about":[{"href":"https:\/\/www.caririemacao.com\/1\/wp-json\/wp\/v2\/types\/post"}],"author":[{"embeddable":true,"href":"https:\/\/www.caririemacao.com\/1\/wp-json\/wp\/v2\/users\/6"}],"replies":[{"embeddable":true,"href":"https:\/\/www.caririemacao.com\/1\/wp-json\/wp\/v2\/comments?post=320757"}],"version-history":[{"count":2,"href":"https:\/\/www.caririemacao.com\/1\/wp-json\/wp\/v2\/posts\/320757\/revisions"}],"predecessor-version":[{"id":320766,"href":"https:\/\/www.caririemacao.com\/1\/wp-json\/wp\/v2\/posts\/320757\/revisions\/320766"}],"wp:featuredmedia":[{"embeddable":true,"href":"https:\/\/www.caririemacao.com\/1\/wp-json\/wp\/v2\/media\/320764"}],"wp:attachment":[{"href":"https:\/\/www.caririemacao.com\/1\/wp-json\/wp\/v2\/media?parent=320757"}],"wp:term":[{"taxonomy":"category","embeddable":true,"href":"https:\/\/www.caririemacao.com\/1\/wp-json\/wp\/v2\/categories?post=320757"},{"taxonomy":"post_tag","embeddable":true,"href":"https:\/\/www.caririemacao.com\/1\/wp-json\/wp\/v2\/tags?post=320757"}],"curies":[{"name":"wp","href":"https:\/\/api.w.org\/{rel}","templated":true}]}}