{"id":320758,"date":"2026-08-28T11:36:59","date_gmt":"2026-08-28T14:36:59","guid":{"rendered":"https:\/\/www.caririemacao.com\/1\/?p=320758"},"modified":"2026-08-28T11:36:59","modified_gmt":"2026-08-28T14:36:59","slug":"prefeitura-de-camalau-mantem-compromisso-e-realiza-pagamento-dos-servidores-dentro-do-mes-trabalhado","status":"publish","type":"post","link":"https:\/\/www.caririemacao.com\/1\/2026\/08\/28\/prefeitura-de-camalau-mantem-compromisso-e-realiza-pagamento-dos-servidores-dentro-do-mes-trabalhado\/","title":{"rendered":"Prefeitura de Camala\u00fa mant\u00e9m compromisso e realiza pagamento dos servidores dentro do m\u00eas trabalhado"},"content":{"rendered":"<p>Os servidores p\u00fablicos municipais de Camala\u00fa j\u00e1 podem comemorar: o pagamento referente a mais um m\u00eas de trabalho j\u00e1 est\u00e1 dispon\u00edvel em conta.<\/p>\n<p>O Governo de Camala\u00fa segue honrando o compromisso com o funcionalismo p\u00fablico, garantindo o pagamento dentro do prazo e reafirmando uma gest\u00e3o pautada pela responsabilidade, transpar\u00eancia e respeito aos servidores municipais.<\/p>\n<p>A libera\u00e7\u00e3o dos sal\u00e1rios representa n\u00e3o apenas o cumprimento de uma obriga\u00e7\u00e3o administrativa, mas tamb\u00e9m movimenta a economia local e permite que centenas de fam\u00edlias possam iniciar o final de semana com essa importante not\u00edcia.<\/p>\n<p>A gest\u00e3o municipal destaca que manter os compromissos financeiros em dia \u00e9 uma das prioridades da administra\u00e7\u00e3o, valorizando aqueles que diariamente contribuem para o funcionamento dos servi\u00e7os p\u00fablicos e para o desenvolvimento do munic\u00edpio<\/p>\n<p><img fetchpriority=\"high\" decoding=\"async\" class=\"size-medium wp-image-320759 aligncenter\" src=\"https:\/\/www.caririemacao.com\/1\/wp-content\/uploads\/2026\/08\/WhatsApp-Image-2026-08-28-at-11.20.22-240x300.jpeg\" alt=\"\" width=\"240\" height=\"300\" srcset=\"https:\/\/www.caririemacao.com\/1\/wp-content\/uploads\/2026\/08\/WhatsApp-Image-2026-08-28-at-11.20.22-240x300.jpeg 240w, https:\/\/www.caririemacao.com\/1\/wp-content\/uploads\/2026\/08\/WhatsApp-Image-2026-08-28-at-11.20.22-1024x1280.jpeg 1024w, https:\/\/www.caririemacao.com\/1\/wp-content\/uploads\/2026\/08\/WhatsApp-Image-2026-08-28-at-11.20.22-768x960.jpeg 768w, https:\/\/www.caririemacao.com\/1\/wp-content\/uploads\/2026\/08\/WhatsApp-Image-2026-08-28-at-11.20.22-1229x1536.jpeg 1229w, https:\/\/www.caririemacao.com\/1\/wp-content\/uploads\/2026\/08\/WhatsApp-Image-2026-08-28-at-11.20.22.jpeg 1280w\" sizes=\"(max-width: 240px) 100vw, 240px\" \/><\/p>\n","protected":false},"excerpt":{"rendered":"<p>Os servidores p\u00fablicos municipais de Camala\u00fa j\u00e1 podem comemorar: o pagamento referente a mais um m\u00eas de trabalho j\u00e1 est\u00e1 dispon\u00edvel em conta. O Governo de Camala\u00fa segue honrando o compromisso com o funcionalismo p\u00fablico, garantindo o pagamento dentro do prazo e reafirmando uma gest\u00e3o pautada pela responsabilidade, transpar\u00eancia e respeito aos servidores municipais. A libera\u00e7\u00e3o dos sal\u00e1rios representa n\u00e3o apenas o cumprimento de uma obriga\u00e7\u00e3o administrativa, mas tamb\u00e9m movimenta a economia local e permite que centenas de fam\u00edlias possam iniciar o final de semana com essa importante not\u00edcia. A gest\u00e3o municipal destaca que manter os compromissos financeiros em dia \u00e9 uma das prioridades da administra\u00e7\u00e3o, valorizando aqueles que diariamente contribuem para o funcionamento dos servi\u00e7os p\u00fablicos e para o desenvolvimento do munic\u00edpio<\/p>\n","protected":false},"author":6,"featured_media":311725,"comment_status":"closed","ping_status":"closed","sticky":false,"template":"","format":"standard","meta":{"sfsi_plus_gutenberg_text_before_share":"","sfsi_plus_gutenberg_show_text_before_share":"","sfsi_plus_gutenberg_icon_type":"","sfsi_plus_gutenberg_icon_alignemt":"","sfsi_plus_gutenburg_max_per_row":"","footnotes":""},"categories":[6],"tags":[],"class_list":["post-320758","post","type-post","status-publish","format-standard","has-post-thumbnail","hentry","category-cidades"],"_links":{"self":[{"href":"https:\/\/www.caririemacao.com\/1\/wp-json\/wp\/v2\/posts\/320758","targetHints":{"allow":["GET"]}}],"collection":[{"href":"https:\/\/www.caririemacao.com\/1\/wp-json\/wp\/v2\/posts"}],"about":[{"href":"https:\/\/www.caririemacao.com\/1\/wp-json\/wp\/v2\/types\/post"}],"author":[{"embeddable":true,"href":"https:\/\/www.caririemacao.com\/1\/wp-json\/wp\/v2\/users\/6"}],"replies":[{"embeddable":true,"href":"https:\/\/www.caririemacao.com\/1\/wp-json\/wp\/v2\/comments?post=320758"}],"version-history":[{"count":1,"href":"https:\/\/www.caririemacao.com\/1\/wp-json\/wp\/v2\/posts\/320758\/revisions"}],"predecessor-version":[{"id":320760,"href":"https:\/\/www.caririemacao.com\/1\/wp-json\/wp\/v2\/posts\/320758\/revisions\/320760"}],"wp:featuredmedia":[{"embeddable":true,"href":"https:\/\/www.caririemacao.com\/1\/wp-json\/wp\/v2\/media\/311725"}],"wp:attachment":[{"href":"https:\/\/www.caririemacao.com\/1\/wp-json\/wp\/v2\/media?parent=320758"}],"wp:term":[{"taxonomy":"category","embeddable":true,"href":"https:\/\/www.caririemacao.com\/1\/wp-json\/wp\/v2\/categories?post=320758"},{"taxonomy":"post_tag","embeddable":true,"href":"https:\/\/www.caririemacao.com\/1\/wp-json\/wp\/v2\/tags?post=320758"}],"curies":[{"name":"wp","href":"https:\/\/api.w.org\/{rel}","templated":true}]}}