{"id":320761,"date":"2026-08-28T11:42:10","date_gmt":"2026-08-28T14:42:10","guid":{"rendered":"https:\/\/www.caririemacao.com\/1\/?p=320761"},"modified":"2026-08-28T11:42:10","modified_gmt":"2026-08-28T14:42:10","slug":"sao-domingos-do-cariri-inicia-distribuicao-de-leite-de-cabra","status":"publish","type":"post","link":"https:\/\/www.caririemacao.com\/1\/2026\/08\/28\/sao-domingos-do-cariri-inicia-distribuicao-de-leite-de-cabra\/","title":{"rendered":"S\u00e3o Domingos do Cariri inicia distribui\u00e7\u00e3o de leite de cabra"},"content":{"rendered":"<p class=\"wp-block-paragraph\">A Prefeitura de S\u00e3o Domingos do Cariri, por meio da Secretaria Municipal de Assist\u00eancia Social, iniciou a distribui\u00e7\u00e3o de leite de cabra para fam\u00edlias benefici\u00e1rias do programa de cesta b\u00e1sica do munic\u00edpio.<\/p>\n<p class=\"wp-block-paragraph\">A iniciativa tem um duplo objetivo: garantir um alimento de qualidade para as fam\u00edlias em situa\u00e7\u00e3o de vulnerabilidade social e, ao mesmo tempo, fortalecer a cadeia produtiva da caprinocultura no munic\u00edpio.<\/p>\n<p class=\"wp-block-paragraph\">O leite distribu\u00eddo \u00e9 adquirido pela Prefeitura junto ao latic\u00ednio que recebe a produ\u00e7\u00e3o dos criadores de cabras de S\u00e3o Domingos do Cariri. Dessa forma, o programa contribui diretamente para a gera\u00e7\u00e3o de renda dos produtores rurais, movimentando a economia local e valorizando a produ\u00e7\u00e3o do homem e da mulher do campo.<\/p>\n<p class=\"wp-block-paragraph\">Al\u00e9m de apoiar os produtores, a a\u00e7\u00e3o amplia a assist\u00eancia oferecida \u00e0s fam\u00edlias que mais precisam, levando alimento nutritivo para a mesa dos benefici\u00e1rios.<\/p>\n<p class=\"wp-block-paragraph\">A gest\u00e3o municipal destaca que a iniciativa representa uma importante parceria entre agricultura e assist\u00eancia social, fazendo com que a produ\u00e7\u00e3o local chegue a quem precisa e fortalecendo toda a cadeia produtiva.<\/p>\n<p class=\"wp-block-paragraph\">Com a distribui\u00e7\u00e3o do leite de cabra, S\u00e3o Domingos do Cariri avan\u00e7a na constru\u00e7\u00e3o de pol\u00edticas p\u00fablicas que unem gera\u00e7\u00e3o de renda, valoriza\u00e7\u00e3o da produ\u00e7\u00e3o local e seguran\u00e7a alimentar para a popula\u00e7\u00e3o<\/p>\n<p class=\"wp-block-paragraph\"><em>Com Ascom<\/em><\/p>\n","protected":false},"excerpt":{"rendered":"<p>A Prefeitura de S\u00e3o Domingos do Cariri, por meio da Secretaria Municipal de Assist\u00eancia Social, iniciou a distribui\u00e7\u00e3o de leite de cabra para fam\u00edlias benefici\u00e1rias do programa de cesta b\u00e1sica do munic\u00edpio. A iniciativa tem um duplo objetivo: garantir um alimento de qualidade para as fam\u00edlias em situa\u00e7\u00e3o de vulnerabilidade social e, ao mesmo tempo, fortalecer a cadeia produtiva da caprinocultura no munic\u00edpio. O leite distribu\u00eddo \u00e9 adquirido pela Prefeitura junto ao latic\u00ednio que recebe a produ\u00e7\u00e3o dos criadores de cabras de S\u00e3o Domingos do Cariri. Dessa forma, o programa contribui diretamente para a gera\u00e7\u00e3o de renda dos produtores rurais, movimentando a economia local e valorizando a produ\u00e7\u00e3o do homem e da mulher do campo. Al\u00e9m de apoiar os produtores, a a\u00e7\u00e3o amplia a assist\u00eancia oferecida \u00e0s fam\u00edlias que mais precisam, levando alimento nutritivo para a mesa dos benefici\u00e1rios. A gest\u00e3o municipal destaca que a iniciativa representa uma importante parceria entre agricultura e assist\u00eancia social, fazendo com que a produ\u00e7\u00e3o local chegue a quem precisa e fortalecendo toda a cadeia produtiva. Com a distribui\u00e7\u00e3o do leite de cabra, S\u00e3o Domingos do Cariri avan\u00e7a na constru\u00e7\u00e3o de pol\u00edticas p\u00fablicas que unem gera\u00e7\u00e3o de renda, valoriza\u00e7\u00e3o da produ\u00e7\u00e3o local e seguran\u00e7a alimentar para a popula\u00e7\u00e3o Com Ascom<\/p>\n","protected":false},"author":6,"featured_media":320762,"comment_status":"closed","ping_status":"closed","sticky":false,"template":"","format":"standard","meta":{"sfsi_plus_gutenberg_text_before_share":"","sfsi_plus_gutenberg_show_text_before_share":"","sfsi_plus_gutenberg_icon_type":"","sfsi_plus_gutenberg_icon_alignemt":"","sfsi_plus_gutenburg_max_per_row":"","footnotes":""},"categories":[6],"tags":[],"class_list":["post-320761","post","type-post","status-publish","format-standard","has-post-thumbnail","hentry","category-cidades"],"_links":{"self":[{"href":"https:\/\/www.caririemacao.com\/1\/wp-json\/wp\/v2\/posts\/320761","targetHints":{"allow":["GET"]}}],"collection":[{"href":"https:\/\/www.caririemacao.com\/1\/wp-json\/wp\/v2\/posts"}],"about":[{"href":"https:\/\/www.caririemacao.com\/1\/wp-json\/wp\/v2\/types\/post"}],"author":[{"embeddable":true,"href":"https:\/\/www.caririemacao.com\/1\/wp-json\/wp\/v2\/users\/6"}],"replies":[{"embeddable":true,"href":"https:\/\/www.caririemacao.com\/1\/wp-json\/wp\/v2\/comments?post=320761"}],"version-history":[{"count":1,"href":"https:\/\/www.caririemacao.com\/1\/wp-json\/wp\/v2\/posts\/320761\/revisions"}],"predecessor-version":[{"id":320763,"href":"https:\/\/www.caririemacao.com\/1\/wp-json\/wp\/v2\/posts\/320761\/revisions\/320763"}],"wp:featuredmedia":[{"embeddable":true,"href":"https:\/\/www.caririemacao.com\/1\/wp-json\/wp\/v2\/media\/320762"}],"wp:attachment":[{"href":"https:\/\/www.caririemacao.com\/1\/wp-json\/wp\/v2\/media?parent=320761"}],"wp:term":[{"taxonomy":"category","embeddable":true,"href":"https:\/\/www.caririemacao.com\/1\/wp-json\/wp\/v2\/categories?post=320761"},{"taxonomy":"post_tag","embeddable":true,"href":"https:\/\/www.caririemacao.com\/1\/wp-json\/wp\/v2\/tags?post=320761"}],"curies":[{"name":"wp","href":"https:\/\/api.w.org\/{rel}","templated":true}]}}