{"id":320767,"date":"2026-08-28T11:46:22","date_gmt":"2026-08-28T14:46:22","guid":{"rendered":"https:\/\/www.caririemacao.com\/1\/?p=320767"},"modified":"2026-08-28T11:46:22","modified_gmt":"2026-08-28T14:46:22","slug":"lucas-ribeiro-e-ministro-wellington-dias-alinham-acoes-para-fortalecer-producao-de-leite-de-cabra-em-po-na-paraiba","status":"publish","type":"post","link":"https:\/\/www.caririemacao.com\/1\/2026\/08\/28\/lucas-ribeiro-e-ministro-wellington-dias-alinham-acoes-para-fortalecer-producao-de-leite-de-cabra-em-po-na-paraiba\/","title":{"rendered":"Lucas Ribeiro e ministro Wellington Dias alinham a\u00e7\u00f5es para fortalecer produ\u00e7\u00e3o de leite de cabra em p\u00f3 na Para\u00edba"},"content":{"rendered":"<p class=\"wp-block-paragraph\">O governador Lucas Ribeiro recebeu, na manh\u00e3 desta quinta-feira (27), na Granja Santana, em Jo\u00e3o Pessoa, o ministro do Desenvolvimento e Assist\u00eancia Social, Fam\u00edlia e Combate \u00e0 Fome, Wellington Dias. O fortalecimento da caprinocultura, por meio da instala\u00e7\u00e3o de ind\u00fastrias de leite de cabra em p\u00f3, foi um dos temas abordados durante o encontro. O projeto para a primeira ind\u00fastria de leite caprino em p\u00f3 j\u00e1 vem sendo desenvolvido em Casserengue, munic\u00edpio do Curimata\u00fa.<\/p>\n<p class=\"wp-block-paragraph\">O governador Lucas Ribeiro destacou que a visita do ministro Wellington Dias refor\u00e7a o compromisso do Governo do Estado e do Governo Federal no fortalecimento da caprinocultura paraibana. \u201c\u00c9 uma grande alegria receber a visita do ministro Wellington Dias para discutir o fortalecimento da agricultura familiar, com a gera\u00e7\u00e3o de mais oportunidades para quem produz. E a nossa caprinocultura tem sido um vetor de desenvolvimento, gerando emprego e renda para as pessoas. \u00c9 um segmento que tem recebido o apoio do nosso Governo e do Governo Federal, com programas como o PAA Leite\u201d, disse.<\/p>\n<p class=\"wp-block-paragraph\">O ministro Wellington Dias destacou a viabilidade da iniciativa. \u201cA Para\u00edba \u00e9 o estado que tem o melhor desempenho na execu\u00e7\u00e3o do Programa de Aquisi\u00e7\u00e3o de Alimentos, o PAA Leite, e tamb\u00e9m \u00e9 o estado que d\u00e1 a maior contrapartida, fortalecendo o combate \u00e0 desnutri\u00e7\u00e3o e \u00e0 subnutri\u00e7\u00e3o. Al\u00e9m disso, muitas pessoas t\u00eam intoler\u00e2ncia ao leite de vaca; da\u00ed a import\u00e2ncia do leite de cabra\u201d, disse.<\/p>\n<p class=\"wp-block-paragraph\">A secret\u00e1ria de Estado do Desenvolvimento Humano, Neide Nunes, observou que a fabrica\u00e7\u00e3o de leite de cabra em p\u00f3, al\u00e9m de gerar emprego e renda, vem fortalecer a seguran\u00e7a alimentar na Para\u00edba. \u201cA primeira f\u00e1brica de leite em p\u00f3 \u00e9 mais uma iniciativa para manter o homem no campo e a cidade ter o seu poder de compra. Vamos fazer agora a primeira compra de leite em p\u00f3. S\u00e3o R$ 3 milh\u00f5es do Governo da Para\u00edba e R$ 3 milh\u00f5es do Governo Federal para ser distribu\u00edda com as fam\u00edlias, por meio do PAA Compra com Doa\u00e7\u00e3o Simult\u00e2nea\u201d, completou.<\/p>\n<p class=\"wp-block-paragraph\">Outro assunto abordado durante a reuni\u00e3o entre o governador Lucas Ribeiro e o ministro Wellington Dias foram as mudan\u00e7as clim\u00e1ticas, que devem impactar regi\u00f5es do Estado, como o Semi\u00e1rido. Participaram ainda o secret\u00e1rio-executivo de Mudan\u00e7as Clim\u00e1ticas, Luiz Nunes; e a coordenadora de projetos do Minist\u00e9rio do Desenvolvimento e Assist\u00eancia Social, Joanne Santana.<\/p>\n<p>CARIRI EM A\u00c7\u00c3O<\/p>\n<p>Com Para\u00edba Mix<\/p>\n","protected":false},"excerpt":{"rendered":"<p>O governador Lucas Ribeiro recebeu, na manh\u00e3 desta quinta-feira (27), na Granja Santana, em Jo\u00e3o Pessoa, o ministro do Desenvolvimento e Assist\u00eancia Social, Fam\u00edlia e Combate \u00e0 Fome, Wellington Dias. O fortalecimento da caprinocultura, por meio da instala\u00e7\u00e3o de ind\u00fastrias de leite de cabra em p\u00f3, foi um dos temas abordados durante o encontro. O projeto para a primeira ind\u00fastria de leite caprino em p\u00f3 j\u00e1 vem sendo desenvolvido em Casserengue, munic\u00edpio do Curimata\u00fa. O governador Lucas Ribeiro destacou que a visita do ministro Wellington Dias refor\u00e7a o compromisso do Governo do Estado e do Governo Federal no fortalecimento da caprinocultura paraibana. \u201c\u00c9 uma grande alegria receber a visita do ministro Wellington Dias para discutir o fortalecimento da agricultura familiar, com a gera\u00e7\u00e3o de mais oportunidades para quem produz. E a nossa caprinocultura tem sido um vetor de desenvolvimento, gerando emprego e renda para as pessoas. \u00c9 um segmento que tem recebido o apoio do nosso Governo e do Governo Federal, com programas como o PAA Leite\u201d, disse. O ministro Wellington Dias destacou a viabilidade da iniciativa. \u201cA Para\u00edba \u00e9 o estado que tem o melhor desempenho na execu\u00e7\u00e3o do Programa de Aquisi\u00e7\u00e3o de Alimentos, o PAA Leite, e tamb\u00e9m \u00e9 o estado que d\u00e1 a maior contrapartida, fortalecendo o combate \u00e0 desnutri\u00e7\u00e3o e \u00e0 subnutri\u00e7\u00e3o. Al\u00e9m disso, muitas pessoas t\u00eam intoler\u00e2ncia ao leite de vaca; da\u00ed a import\u00e2ncia do leite de cabra\u201d, disse. A secret\u00e1ria de Estado do Desenvolvimento Humano, Neide Nunes, observou que a fabrica\u00e7\u00e3o de leite de cabra em p\u00f3, al\u00e9m de gerar emprego e renda, vem fortalecer a seguran\u00e7a alimentar na Para\u00edba. \u201cA primeira f\u00e1brica de leite em p\u00f3 \u00e9 mais uma iniciativa para manter o homem no campo e a cidade ter o seu poder de compra. Vamos fazer agora a primeira compra de leite em p\u00f3. S\u00e3o R$ 3 milh\u00f5es do Governo da Para\u00edba e R$ 3 milh\u00f5es do Governo Federal para ser distribu\u00edda com as fam\u00edlias, por meio do PAA Compra com Doa\u00e7\u00e3o Simult\u00e2nea\u201d, completou. Outro assunto abordado durante a reuni\u00e3o entre o governador Lucas Ribeiro e o ministro Wellington Dias foram as mudan\u00e7as clim\u00e1ticas, que devem impactar regi\u00f5es do Estado, como o Semi\u00e1rido. Participaram ainda o secret\u00e1rio-executivo de Mudan\u00e7as Clim\u00e1ticas, Luiz Nunes; e a coordenadora de projetos do Minist\u00e9rio do Desenvolvimento e Assist\u00eancia Social, Joanne Santana. CARIRI EM A\u00c7\u00c3O Com Para\u00edba Mix<\/p>\n","protected":false},"author":6,"featured_media":320768,"comment_status":"closed","ping_status":"closed","sticky":false,"template":"","format":"standard","meta":{"sfsi_plus_gutenberg_text_before_share":"","sfsi_plus_gutenberg_show_text_before_share":"","sfsi_plus_gutenberg_icon_type":"","sfsi_plus_gutenberg_icon_alignemt":"","sfsi_plus_gutenburg_max_per_row":"","footnotes":""},"categories":[50,104],"tags":[],"class_list":["post-320767","post","type-post","status-publish","format-standard","has-post-thumbnail","hentry","category-destaque","category-paraiba"],"_links":{"self":[{"href":"https:\/\/www.caririemacao.com\/1\/wp-json\/wp\/v2\/posts\/320767","targetHints":{"allow":["GET"]}}],"collection":[{"href":"https:\/\/www.caririemacao.com\/1\/wp-json\/wp\/v2\/posts"}],"about":[{"href":"https:\/\/www.caririemacao.com\/1\/wp-json\/wp\/v2\/types\/post"}],"author":[{"embeddable":true,"href":"https:\/\/www.caririemacao.com\/1\/wp-json\/wp\/v2\/users\/6"}],"replies":[{"embeddable":true,"href":"https:\/\/www.caririemacao.com\/1\/wp-json\/wp\/v2\/comments?post=320767"}],"version-history":[{"count":1,"href":"https:\/\/www.caririemacao.com\/1\/wp-json\/wp\/v2\/posts\/320767\/revisions"}],"predecessor-version":[{"id":320770,"href":"https:\/\/www.caririemacao.com\/1\/wp-json\/wp\/v2\/posts\/320767\/revisions\/320770"}],"wp:featuredmedia":[{"embeddable":true,"href":"https:\/\/www.caririemacao.com\/1\/wp-json\/wp\/v2\/media\/320768"}],"wp:attachment":[{"href":"https:\/\/www.caririemacao.com\/1\/wp-json\/wp\/v2\/media?parent=320767"}],"wp:term":[{"taxonomy":"category","embeddable":true,"href":"https:\/\/www.caririemacao.com\/1\/wp-json\/wp\/v2\/categories?post=320767"},{"taxonomy":"post_tag","embeddable":true,"href":"https:\/\/www.caririemacao.com\/1\/wp-json\/wp\/v2\/tags?post=320767"}],"curies":[{"name":"wp","href":"https:\/\/api.w.org\/{rel}","templated":true}]}}