{"id":320769,"date":"2026-08-28T11:47:51","date_gmt":"2026-08-28T14:47:51","guid":{"rendered":"https:\/\/www.caririemacao.com\/1\/?p=320769"},"modified":"2026-08-28T11:47:51","modified_gmt":"2026-08-28T14:47:51","slug":"cicero-lucena-fara-caravana-15-pelo-cariri-neste-sabado-29","status":"publish","type":"post","link":"https:\/\/www.caririemacao.com\/1\/2026\/08\/28\/cicero-lucena-fara-caravana-15-pelo-cariri-neste-sabado-29\/","title":{"rendered":"C\u00edcero Lucena far\u00e1 Caravana 15 pelo Cariri neste s\u00e1bado (29)"},"content":{"rendered":"<p class=\"PDq2pG_selectionAnchorContainer\" data-start=\"94\" data-end=\"364\">O candidato ao Governo da Para\u00edba, C\u00edcero Lucena, cumprir\u00e1 neste s\u00e1bado (29) uma extensa agenda pelo Cariri paraibano. A programa\u00e7\u00e3o, denominada Caravana 15, passar\u00e1 por diversos munic\u00edpios da regi\u00e3o ao longo do dia e dever\u00e1 reunir apoiadores e lideran\u00e7as pol\u00edticas.<\/p>\n<p data-start=\"366\" data-end=\"526\">A caravana ter\u00e1 in\u00edcio \u00e0s 8h, em Queimadas, seguindo por Caturit\u00e9, Boqueir\u00e3o, Cabaceiras, S\u00e3o Domingos do Cariri, Cara\u00fabas, Congo, Camala\u00fa, Sum\u00e9 e Serra Branca.<\/p>\n<p data-start=\"528\" data-end=\"564\"><strong data-start=\"528\" data-end=\"564\">Confira a programa\u00e7\u00e3o divulgada:<\/strong><\/p>\n<ul data-start=\"566\" data-end=\"1071\">\n<li data-section-id=\"13rhhpj\" data-start=\"566\" data-end=\"605\"><strong data-start=\"568\" data-end=\"587\">8h \u2013 Queimadas:<\/strong> Rua C\u00e9sar Ribeiro<\/li>\n<li data-section-id=\"1c8lp2x\" data-start=\"606\" data-end=\"652\"><strong data-start=\"608\" data-end=\"626\">9h \u2013 Caturit\u00e9:<\/strong> PB-148, entrada da cidade<\/li>\n<li data-section-id=\"1voglhb\" data-start=\"653\" data-end=\"701\"><strong data-start=\"655\" data-end=\"675\">10h \u2013 Boqueir\u00e3o:<\/strong> PB-148, entrada da cidade<\/li>\n<li data-section-id=\"tzsdhd\" data-start=\"702\" data-end=\"751\"><strong data-start=\"704\" data-end=\"725\">11h \u2013 Cabaceiras:<\/strong> PB-160, entrada da cidade<\/li>\n<li data-section-id=\"1bb48lb\" data-start=\"752\" data-end=\"829\"><strong data-start=\"754\" data-end=\"789\">11h30 \u2013 S\u00e3o Domingos do Cariri:<\/strong> Rodovia Prefeito Jos\u00e9 Ferreira da Silva<\/li>\n<li data-section-id=\"wmdz0\" data-start=\"830\" data-end=\"879\"><strong data-start=\"832\" data-end=\"853\">12h30 \u2013 Cara\u00fabas:<\/strong> PB-186, entrada da cidade<\/li>\n<li data-section-id=\"1vfe3da\" data-start=\"880\" data-end=\"924\"><strong data-start=\"882\" data-end=\"898\">13h \u2013 Congo:<\/strong> PB-196, entrada da cidade<\/li>\n<li data-section-id=\"1x7zvjk\" data-start=\"925\" data-end=\"971\"><strong data-start=\"927\" data-end=\"945\">14h \u2013 Camala\u00fa:<\/strong> PB-224, entrada da cidade<\/li>\n<li data-section-id=\"icw4i4\" data-start=\"972\" data-end=\"1021\"><strong data-start=\"974\" data-end=\"991\">14h30 \u2013 Sum\u00e9:<\/strong> Rua Vereadora Rita C. Bezerra<\/li>\n<li data-section-id=\"1q26x9f\" data-start=\"1022\" data-end=\"1071\"><strong data-start=\"1024\" data-end=\"1047\">15h \u2013 Serra Branca:<\/strong> Rua Bartolomeu Maracaj\u00e1<\/li>\n<\/ul>\n<p data-start=\"1073\" data-end=\"1254\">Ap\u00f3s cumprir a programa\u00e7\u00e3o da Caravana 15, C\u00edcero Lucena ter\u00e1 como \u00faltimo compromisso de sua passagem pelo Cariri uma visita \u00e0s festividades da Expoprata, no munic\u00edpio da Prata.<\/p>\n<p data-start=\"1256\" data-end=\"1497\">A presen\u00e7a na Expoprata encerrar\u00e1 a agenda do candidato na regi\u00e3o neste s\u00e1bado. O evento re\u00fane produtores, criadores, lideran\u00e7as e visitantes de diversos munic\u00edpios e se consolidou como uma das principais programa\u00e7\u00f5es do calend\u00e1rio regional.<\/p>\n<p data-start=\"1499\" data-end=\"1678\" data-is-last-node=\"\" data-is-only-node=\"\">A agenda faz parte das mobiliza\u00e7\u00f5es da campanha de C\u00edcero Lucena pelo interior da Para\u00edba, com passagens por diferentes cidades e encontros com a popula\u00e7\u00e3o e lideran\u00e7as pol\u00edticas.<\/p>\n<p data-start=\"1499\" data-end=\"1678\" data-is-last-node=\"\" data-is-only-node=\"\"><strong>CARIRI EM A\u00c7\u00c3O<\/strong><\/p>\n","protected":false},"excerpt":{"rendered":"<p>O candidato ao Governo da Para\u00edba, C\u00edcero Lucena, cumprir\u00e1 neste s\u00e1bado (29) uma extensa agenda pelo Cariri paraibano. A programa\u00e7\u00e3o, denominada Caravana 15, passar\u00e1 por diversos munic\u00edpios da regi\u00e3o ao longo do dia e dever\u00e1 reunir apoiadores e lideran\u00e7as pol\u00edticas. A caravana ter\u00e1 in\u00edcio \u00e0s 8h, em Queimadas, seguindo por Caturit\u00e9, Boqueir\u00e3o, Cabaceiras, S\u00e3o Domingos do Cariri, Cara\u00fabas, Congo, Camala\u00fa, Sum\u00e9 e Serra Branca. Confira a programa\u00e7\u00e3o divulgada: 8h \u2013 Queimadas: Rua C\u00e9sar Ribeiro 9h \u2013 Caturit\u00e9: PB-148, entrada da cidade 10h \u2013 Boqueir\u00e3o: PB-148, entrada da cidade 11h \u2013 Cabaceiras: PB-160, entrada da cidade 11h30 \u2013 S\u00e3o Domingos do Cariri: Rodovia Prefeito Jos\u00e9 Ferreira da Silva 12h30 \u2013 Cara\u00fabas: PB-186, entrada da cidade 13h \u2013 Congo: PB-196, entrada da cidade 14h \u2013 Camala\u00fa: PB-224, entrada da cidade 14h30 \u2013 Sum\u00e9: Rua Vereadora Rita C. Bezerra 15h \u2013 Serra Branca: Rua Bartolomeu Maracaj\u00e1 Ap\u00f3s cumprir a programa\u00e7\u00e3o da Caravana 15, C\u00edcero Lucena ter\u00e1 como \u00faltimo compromisso de sua passagem pelo Cariri uma visita \u00e0s festividades da Expoprata, no munic\u00edpio da Prata. A presen\u00e7a na Expoprata encerrar\u00e1 a agenda do candidato na regi\u00e3o neste s\u00e1bado. O evento re\u00fane produtores, criadores, lideran\u00e7as e visitantes de diversos munic\u00edpios e se consolidou como uma das principais programa\u00e7\u00f5es do calend\u00e1rio regional. A agenda faz parte das mobiliza\u00e7\u00f5es da campanha de C\u00edcero Lucena pelo interior da Para\u00edba, com passagens por diferentes cidades e encontros com a popula\u00e7\u00e3o e lideran\u00e7as pol\u00edticas. CARIRI EM A\u00c7\u00c3O<\/p>\n","protected":false},"author":6,"featured_media":320772,"comment_status":"closed","ping_status":"closed","sticky":false,"template":"","format":"standard","meta":{"sfsi_plus_gutenberg_text_before_share":"","sfsi_plus_gutenberg_show_text_before_share":"","sfsi_plus_gutenberg_icon_type":"","sfsi_plus_gutenberg_icon_alignemt":"","sfsi_plus_gutenburg_max_per_row":"","footnotes":""},"categories":[106],"tags":[],"class_list":["post-320769","post","type-post","status-publish","format-standard","has-post-thumbnail","hentry","category-cariri"],"_links":{"self":[{"href":"https:\/\/www.caririemacao.com\/1\/wp-json\/wp\/v2\/posts\/320769","targetHints":{"allow":["GET"]}}],"collection":[{"href":"https:\/\/www.caririemacao.com\/1\/wp-json\/wp\/v2\/posts"}],"about":[{"href":"https:\/\/www.caririemacao.com\/1\/wp-json\/wp\/v2\/types\/post"}],"author":[{"embeddable":true,"href":"https:\/\/www.caririemacao.com\/1\/wp-json\/wp\/v2\/users\/6"}],"replies":[{"embeddable":true,"href":"https:\/\/www.caririemacao.com\/1\/wp-json\/wp\/v2\/comments?post=320769"}],"version-history":[{"count":1,"href":"https:\/\/www.caririemacao.com\/1\/wp-json\/wp\/v2\/posts\/320769\/revisions"}],"predecessor-version":[{"id":320773,"href":"https:\/\/www.caririemacao.com\/1\/wp-json\/wp\/v2\/posts\/320769\/revisions\/320773"}],"wp:featuredmedia":[{"embeddable":true,"href":"https:\/\/www.caririemacao.com\/1\/wp-json\/wp\/v2\/media\/320772"}],"wp:attachment":[{"href":"https:\/\/www.caririemacao.com\/1\/wp-json\/wp\/v2\/media?parent=320769"}],"wp:term":[{"taxonomy":"category","embeddable":true,"href":"https:\/\/www.caririemacao.com\/1\/wp-json\/wp\/v2\/categories?post=320769"},{"taxonomy":"post_tag","embeddable":true,"href":"https:\/\/www.caririemacao.com\/1\/wp-json\/wp\/v2\/tags?post=320769"}],"curies":[{"name":"wp","href":"https:\/\/api.w.org\/{rel}","templated":true}]}}