{"id":320774,"date":"2026-08-28T11:50:16","date_gmt":"2026-08-28T14:50:16","guid":{"rendered":"https:\/\/www.caririemacao.com\/1\/?p=320774"},"modified":"2026-08-28T11:50:16","modified_gmt":"2026-08-28T14:50:16","slug":"circuito-de-vaquejada-2026-tem-primeira-etapa-neste-sabado-em-serra-branca","status":"publish","type":"post","link":"https:\/\/www.caririemacao.com\/1\/2026\/08\/28\/circuito-de-vaquejada-2026-tem-primeira-etapa-neste-sabado-em-serra-branca\/","title":{"rendered":"Circuito de Vaquejada 2026 tem primeira etapa neste s\u00e1bado em Serra Branca"},"content":{"rendered":"<p class=\"wp-block-paragraph\">Serra Branca dar\u00e1 in\u00edcio, neste s\u00e1bado (29), ao Circuito de Vaquejada Serrabranquense 2026, iniciativa realizada pela Associa\u00e7\u00e3o dos Vaqueiros de Serra Branca, em parceria com a Prefeitura Municipal. A primeira etapa acontecer\u00e1 no Parque de Vaquejada Manoel Pinto, localizado no S\u00edtio Serrinha, zona rural do munic\u00edpio, com in\u00edcio a partir das 18h.<\/p>\n<p class=\"wp-block-paragraph\">A abertura do circuito contar\u00e1 com R$ 6 mil em premia\u00e7\u00e3o e reunir\u00e1 vaqueiros do munic\u00edpio em uma noite que tamb\u00e9m dever\u00e1 atrair admiradores da vaquejada de diferentes cidades da regi\u00e3o, fortalecendo uma das manifesta\u00e7\u00f5es mais tradicionais da cultura sertaneja.<\/p>\n<p class=\"wp-block-paragraph\">A parceria firmada entre a Prefeitura e a Associa\u00e7\u00e3o dos Vaqueiros ser\u00e1 mantida em cada uma das etapas que integram o circuito em 2026. A gest\u00e3o municipal garantir\u00e1 um investimento de R$ 10 mil por etapa, destinado \u00e0 premia\u00e7\u00e3o e aos custos operacionais necess\u00e1rios para a realiza\u00e7\u00e3o dos eventos.<\/p>\n<p class=\"wp-block-paragraph\">Al\u00e9m do aporte financeiro, a Prefeitura disponibilizar\u00e1 apoio de m\u00e1quinas e profissionais da administra\u00e7\u00e3o municipal, contribuindo com a prepara\u00e7\u00e3o dos espa\u00e7os, organiza\u00e7\u00e3o e demais demandas necess\u00e1rias para a realiza\u00e7\u00e3o de cada etapa.<\/p>\n<p class=\"wp-block-paragraph\">A iniciativa busca proporcionar melhores condi\u00e7\u00f5es de organiza\u00e7\u00e3o para a modalidade e, ao mesmo tempo, valorizar uma tradi\u00e7\u00e3o diretamente ligada \u00e0 hist\u00f3ria e \u00e0 identidade cultural de Serra Branca. A realiza\u00e7\u00e3o do circuito tamb\u00e9m possui reflexos na economia, movimentando empreendedores, comerciantes, prestadores de servi\u00e7os e fam\u00edlias que encontram na vaquejada e nas atividades relacionadas a ela uma fonte de renda.<\/p>\n<p class=\"wp-block-paragraph\">Para o prefeito Alexandre, o apoio ao circuito demonstra o compromisso da gest\u00e3o em contribuir para que a modalidade continue crescendo de forma organizada no munic\u00edpio.<\/p>\n<p class=\"wp-block-paragraph\">\u201cQuero agradecer \u00e0s nossas secretarias e a todos que abra\u00e7aram essa ideia. Quando vemos uma iniciativa desse tamanho, sendo constru\u00edda com organiza\u00e7\u00e3o e responsabilidade, a gest\u00e3o municipal tamb\u00e9m precisa fazer a sua parte. Estamos contribuindo para fortalecer e organizar uma modalidade que faz parte da nossa cultura e que tamb\u00e9m movimenta financeiramente Serra Branca, alcan\u00e7ando tantas pessoas que vivem da vaquejada ou das atividades comerciais geradas em torno dela\u201d, destacou.<\/p>\n<p class=\"wp-block-paragraph\">A expectativa \u00e9 de uma grande movimenta\u00e7\u00e3o durante a primeira etapa, reunindo competidores serrabranquenses, fam\u00edlias, admiradores da vaquejada e visitantes de munic\u00edpios da regi\u00e3o no Parque Manoel Pinto.<\/p>\n<p class=\"wp-block-paragraph\">SECOM\/PMSB<\/p>\n","protected":false},"excerpt":{"rendered":"<p>Serra Branca dar\u00e1 in\u00edcio, neste s\u00e1bado (29), ao Circuito de Vaquejada Serrabranquense 2026, iniciativa realizada pela Associa\u00e7\u00e3o dos Vaqueiros de Serra Branca, em parceria com a Prefeitura Municipal. A primeira etapa acontecer\u00e1 no Parque de Vaquejada Manoel Pinto, localizado no S\u00edtio Serrinha, zona rural do munic\u00edpio, com in\u00edcio a partir das 18h. A abertura do circuito contar\u00e1 com R$ 6 mil em premia\u00e7\u00e3o e reunir\u00e1 vaqueiros do munic\u00edpio em uma noite que tamb\u00e9m dever\u00e1 atrair admiradores da vaquejada de diferentes cidades da regi\u00e3o, fortalecendo uma das manifesta\u00e7\u00f5es mais tradicionais da cultura sertaneja. A parceria firmada entre a Prefeitura e a Associa\u00e7\u00e3o dos Vaqueiros ser\u00e1 mantida em cada uma das etapas que integram o circuito em 2026. A gest\u00e3o municipal garantir\u00e1 um investimento de R$ 10 mil por etapa, destinado \u00e0 premia\u00e7\u00e3o e aos custos operacionais necess\u00e1rios para a realiza\u00e7\u00e3o dos eventos. Al\u00e9m do aporte financeiro, a Prefeitura disponibilizar\u00e1 apoio de m\u00e1quinas e profissionais da administra\u00e7\u00e3o municipal, contribuindo com a prepara\u00e7\u00e3o dos espa\u00e7os, organiza\u00e7\u00e3o e demais demandas necess\u00e1rias para a realiza\u00e7\u00e3o de cada etapa. A iniciativa busca proporcionar melhores condi\u00e7\u00f5es de organiza\u00e7\u00e3o para a modalidade e, ao mesmo tempo, valorizar uma tradi\u00e7\u00e3o diretamente ligada \u00e0 hist\u00f3ria e \u00e0 identidade cultural de Serra Branca. A realiza\u00e7\u00e3o do circuito tamb\u00e9m possui reflexos na economia, movimentando empreendedores, comerciantes, prestadores de servi\u00e7os e fam\u00edlias que encontram na vaquejada e nas atividades relacionadas a ela uma fonte de renda. Para o prefeito Alexandre, o apoio ao circuito demonstra o compromisso da gest\u00e3o em contribuir para que a modalidade continue crescendo de forma organizada no munic\u00edpio. \u201cQuero agradecer \u00e0s nossas secretarias e a todos que abra\u00e7aram essa ideia. Quando vemos uma iniciativa desse tamanho, sendo constru\u00edda com organiza\u00e7\u00e3o e responsabilidade, a gest\u00e3o municipal tamb\u00e9m precisa fazer a sua parte. Estamos contribuindo para fortalecer e organizar uma modalidade que faz parte da nossa cultura e que tamb\u00e9m movimenta financeiramente Serra Branca, alcan\u00e7ando tantas pessoas que vivem da vaquejada ou das atividades comerciais geradas em torno dela\u201d, destacou. A expectativa \u00e9 de uma grande movimenta\u00e7\u00e3o durante a primeira etapa, reunindo competidores serrabranquenses, fam\u00edlias, admiradores da vaquejada e visitantes de munic\u00edpios da regi\u00e3o no Parque Manoel Pinto. SECOM\/PMSB<\/p>\n","protected":false},"author":6,"featured_media":320775,"comment_status":"closed","ping_status":"closed","sticky":false,"template":"","format":"standard","meta":{"sfsi_plus_gutenberg_text_before_share":"","sfsi_plus_gutenberg_show_text_before_share":"","sfsi_plus_gutenberg_icon_type":"","sfsi_plus_gutenberg_icon_alignemt":"","sfsi_plus_gutenburg_max_per_row":"","footnotes":""},"categories":[6],"tags":[],"class_list":["post-320774","post","type-post","status-publish","format-standard","has-post-thumbnail","hentry","category-cidades"],"_links":{"self":[{"href":"https:\/\/www.caririemacao.com\/1\/wp-json\/wp\/v2\/posts\/320774","targetHints":{"allow":["GET"]}}],"collection":[{"href":"https:\/\/www.caririemacao.com\/1\/wp-json\/wp\/v2\/posts"}],"about":[{"href":"https:\/\/www.caririemacao.com\/1\/wp-json\/wp\/v2\/types\/post"}],"author":[{"embeddable":true,"href":"https:\/\/www.caririemacao.com\/1\/wp-json\/wp\/v2\/users\/6"}],"replies":[{"embeddable":true,"href":"https:\/\/www.caririemacao.com\/1\/wp-json\/wp\/v2\/comments?post=320774"}],"version-history":[{"count":1,"href":"https:\/\/www.caririemacao.com\/1\/wp-json\/wp\/v2\/posts\/320774\/revisions"}],"predecessor-version":[{"id":320776,"href":"https:\/\/www.caririemacao.com\/1\/wp-json\/wp\/v2\/posts\/320774\/revisions\/320776"}],"wp:featuredmedia":[{"embeddable":true,"href":"https:\/\/www.caririemacao.com\/1\/wp-json\/wp\/v2\/media\/320775"}],"wp:attachment":[{"href":"https:\/\/www.caririemacao.com\/1\/wp-json\/wp\/v2\/media?parent=320774"}],"wp:term":[{"taxonomy":"category","embeddable":true,"href":"https:\/\/www.caririemacao.com\/1\/wp-json\/wp\/v2\/categories?post=320774"},{"taxonomy":"post_tag","embeddable":true,"href":"https:\/\/www.caririemacao.com\/1\/wp-json\/wp\/v2\/tags?post=320774"}],"curies":[{"name":"wp","href":"https:\/\/api.w.org\/{rel}","templated":true}]}}