{"id":320777,"date":"2026-08-28T12:01:25","date_gmt":"2026-08-28T15:01:25","guid":{"rendered":"https:\/\/www.caririemacao.com\/1\/?p=320777"},"modified":"2026-08-28T12:01:25","modified_gmt":"2026-08-28T15:01:25","slug":"coligacao-de-joao-campos-pede-investigacao-contra-raquel-lyra","status":"publish","type":"post","link":"https:\/\/www.caririemacao.com\/1\/2026\/08\/28\/coligacao-de-joao-campos-pede-investigacao-contra-raquel-lyra\/","title":{"rendered":"Coliga\u00e7\u00e3o de Jo\u00e3o Campos pede investiga\u00e7\u00e3o contra Raquel Lyra"},"content":{"rendered":"<p class=\"content-head__subtitle\" style=\"text-align: center;\"><em>Frente Popular diz ainda que coliga\u00e7\u00e3o da governadora utilizou \u00f4nibus p\u00fablicos durante a conven\u00e7\u00e3o e uma aeronave de forma irregular para campanha eleitoral. Chapa de Raquel Lyra rebateu as acusa\u00e7\u00f5es: &#8216;a poucas semanas da elei\u00e7\u00e3o, o PSB continua usando suas velhas pr\u00e1ticas&#8217;.<\/em><\/p>\n<div id=\"chunk-bvrdc\">\n<div class=\"mc-column content-text active-extra-styles \" data-block-type=\"unstyled\" data-block-weight=\"64\" data-block-id=\"3\">\n<p class=\" content-text__container \" data-track-category=\"Link no Texto\" data-track-links=\"\" data-mrf-recirculation=\"Mat\u00e9ria - Links no Texto\">A coliga\u00e7\u00e3o do ex-prefeito do\u00a0Recife\u00a0Jo\u00e3o Campos\u00a0(PSB) anunciou nesta quinta-feira (27) que vai entrar com um pedido formal de investiga\u00e7\u00e3o no Tribunal Regional Eleitoral de Pernambuco (TRE-PE) contra a campanha da governadora e candidata \u00e0 reelei\u00e7\u00e3o\u00a0Raquel Lyra\u00a0(PSD). Os advogados do PSB acusam a governadora de participa\u00e7\u00e3o direta no suposto &#8220;gabinete do \u00f3dio&#8221; que atuaria para atacar advers\u00e1rios.<\/p>\n<\/div>\n<\/div>\n<div class=\"wall protected-content\">\n<div id=\"chunk-6sqmk\">\n<div class=\"mc-column content-text active-extra-styles \" data-block-type=\"unstyled\" data-block-weight=\"41\" data-block-id=\"5\">\n<p class=\" content-text__container \" data-track-category=\"Link no Texto\" data-track-links=\"\" data-mrf-recirculation=\"Mat\u00e9ria - Links no Texto\">De acordo com o advogado Rafael Carneiro, representante da Frente Popular de Pernambuco, coliga\u00e7\u00e3o de Jo\u00e3o Campos, a chapa do ex-prefeito vai ingressar com uma A\u00e7\u00e3o de Investiga\u00e7\u00e3o Judicial Eleitoral (AIJE) junto ao TRE-PE para investigar suspeitas de irregularidades .<\/p>\n<\/div>\n<\/div>\n<div id=\"chunk-a6tee\">\n<div class=\"mc-column content-text active-extra-styles\" data-block-type=\"raw\" data-block-weight=\"132\" data-block-id=\"7\">\n<blockquote class=\"content-blockquote theme-border-color-primary-before\"><p>&#8220;S\u00e3o medidas judiciais que est\u00e3o sendo tomadas frente a esses graves fatos que v\u00eam sendo revelados pela imprensa nacional e que revelam uma engrenagem criminosa por parte do governo do estado de Pernambuco e, como as not\u00edcias indicam, com a participa\u00e7\u00e3o pessoal da governadora do estado de Pernambuco e candidata \u00e0 reelei\u00e7\u00e3o na estrutura\u00e7\u00e3o de uma mil\u00edcia digital, na realiza\u00e7\u00e3o de opera\u00e7\u00f5es clandestinas, com a arapongagem, estrutura\u00e7\u00e3o de gabinete do \u00f3dio. Tudo isso com a utiliza\u00e7\u00e3o de recursos p\u00fablicos, com a utiliza\u00e7\u00e3o de servidores p\u00fablicos para atacar advers\u00e1rios pol\u00edticos, para denegrir a imagem especialmente do candidato Jo\u00e3o Campos. Portanto, n\u00e3o estamos aqui a falar, a discutir narrativas pol\u00edticas. Estamos aqui a tratar de fatos, fatos concretos, fatos graves, revelados, documentados pela imprensa nacional e que merecem a devida apura\u00e7\u00e3o&#8221;, disse o advogado.<\/p><\/blockquote>\n<\/div>\n<\/div>\n<div id=\"chunk-9fet1\">\n<div class=\"mc-column content-text active-extra-styles \" data-block-type=\"unstyled\" data-block-weight=\"52\" data-block-id=\"8\">\n<p class=\" content-text__container \" data-track-category=\"Link no Texto\" data-track-links=\"\" data-mrf-recirculation=\"Mat\u00e9ria - Links no Texto\">Em nota, a campanha da governadora candidata \u00e0 reelei\u00e7\u00e3o Raquel Lyra rebateu as acusa\u00e7\u00f5es feitas pelo advers\u00e1rio. No texto, a coliga\u00e7\u00e3o Pernambuco de Cora\u00e7\u00e3o afirma que &#8220;a poucas semanas da elei\u00e7\u00e3o, o PSB continua usando suas velhas pr\u00e1ticas, trocando o debate de propostas por uma coletiva de acusa\u00e7\u00f5es&#8221;.<\/p>\n<\/div>\n<\/div>\n<div id=\"chunk-1nbqt\">\n<div class=\"mc-column content-text active-extra-styles \" data-block-type=\"unstyled\" data-block-weight=\"44\" data-block-id=\"9\">\n<p class=\" content-text__container \" data-track-category=\"Link no Texto\" data-track-links=\"\" data-mrf-recirculation=\"Mat\u00e9ria - Links no Texto\">De acordo com a coliga\u00e7\u00e3o de Jo\u00e3o Campos, haveria ainda uso, por parte da governadora, do aparato estatal para fazer campanha, como uso de uma aeronave e de \u00f4nibus p\u00fablicos durante a conven\u00e7\u00e3o que lan\u00e7ou a candidatura de Raquel Lyra no in\u00edcio de agosto.<\/p>\n<\/div>\n<\/div>\n<div id=\"chunk-3quu1\">\n<div class=\"mc-column content-text active-extra-styles \" data-block-type=\"unstyled\" data-block-weight=\"31\" data-block-id=\"11\">\n<p class=\" content-text__container \" data-track-category=\"Link no Texto\" data-track-links=\"\" data-mrf-recirculation=\"Mat\u00e9ria - Links no Texto\">O an\u00fancio da campanha de Jo\u00e3o Campos foi feito durante uma coletiva de imprensa na manh\u00e3 desta quinta-feira (27) em um hotel no Bairro do Recife, \u00e1rea central da cidade.<\/p>\n<\/div>\n<\/div>\n<div id=\"chunk-f2958\">\n<div class=\"mc-column content-text active-extra-styles \" data-block-type=\"unstyled\" data-block-weight=\"41\" data-block-id=\"12\">\n<p class=\" content-text__container \" data-track-category=\"Link no Texto\" data-track-links=\"\" data-mrf-recirculation=\"Mat\u00e9ria - Links no Texto\">De acordo com o advogado, a a\u00e7\u00e3o que ser\u00e1 protocolada pela chapa busca &#8220;investigar e punir abuso de poder pol\u00edtico, abuso de poder econ\u00f4mico, uso indevido dos meios de comunica\u00e7\u00e3o e condutas vedadas a agentes p\u00fablicos&#8221;, afirmou o advogado Rafael Carneiro.<\/p>\n<\/div>\n<\/div>\n<div id=\"chunk-7o22p\">\n<div class=\"mc-column content-text active-extra-styles \" data-block-type=\"unstyled\" data-block-weight=\"16\" data-block-id=\"13\">\n<p class=\" content-text__container \" data-track-category=\"Link no Texto\" data-track-links=\"\" data-mrf-recirculation=\"Mat\u00e9ria - Links no Texto\">Ele afirma que a A\u00e7\u00e3o de Investiga\u00e7\u00e3o Judicial Eleitoral (AIJE) vai se sustentar em cinco eixos:<\/p>\n<\/div>\n<\/div>\n<div id=\"chunk-9dde6\">\n<div class=\"mc-column content-text active-extra-styles\" data-block-type=\"raw\" data-block-weight=\"97\" data-block-id=\"14\">\n<ul class=\"content-unordered-list\" data-mrf-recirculation=\"Mat\u00e9ria - Leia Tamb\u00e9m (Lista)\">\n<li>Eixo 1: abuso de poder pol\u00edtico e econ\u00f4mico em fun\u00e7\u00e3o da utiliza\u00e7\u00e3o de frotas p\u00fablicas de \u00f4nibus para o transporte de militantes em conven\u00e7\u00e3o partid\u00e1ria;<\/li>\n<li>Eixo 2: abuso de poder pol\u00edtico pela instrumentaliza\u00e7\u00e3o da intelig\u00eancia estatal, a instrumentaliza\u00e7\u00e3o das for\u00e7as policiais para a vigil\u00e2ncia clandestina de advers\u00e1rio pol\u00edtico;<\/li>\n<li>Eixo 3: abuso de poder pol\u00edtico e econ\u00f4mico pelo desvirtuamento da aquisi\u00e7\u00e3o de uma aeronave;<\/li>\n<li>Eixo 4: abuso de poder pol\u00edtico e econ\u00f4mico pelo desvirtuamento da publicidade governamental e promo\u00e7\u00e3o institucional em per\u00edodo vedado;<\/li>\n<li>Eixo 5: uso indevido dos meios de comunica\u00e7\u00e3o a partir de uma &#8216;milicia digital&#8217;;<\/li>\n<\/ul>\n<\/div>\n<\/div>\n<div id=\"chunk-fnmm1\">\n<div class=\"mc-column content-text active-extra-styles \" data-block-type=\"unstyled\" data-block-weight=\"77\" data-block-id=\"15\">\n<p class=\" content-text__container \" data-track-category=\"Link no Texto\" data-track-links=\"\" data-mrf-recirculation=\"Mat\u00e9ria - Links no Texto\">Sobre a suposta participa\u00e7\u00e3o direta da governadora no &#8220;gabinete do \u00f3dio&#8221;, o advogado Rafael Carneiro afirma que &#8220;houve, por parte de um servidor p\u00fablico, uma declara\u00e7\u00e3o reconhecendo que ele foi chamado por ela para estruturar o gabinete do \u00f3dio. \u00c9 um servidor p\u00fablico que fala isso, n\u00e3o sou eu. Houve a prova do registro que ele esteve na Casa Civil, al\u00e9m de ter estado na Secretaria de Comunica\u00e7\u00e3o. Houve aplica\u00e7\u00e3o de recursos p\u00fablicos gerenciados pela governadora&#8221;.<\/p>\n<\/div>\n<\/div>\n<div id=\"chunk-j95e\">\n<div class=\"mc-column content-text active-extra-styles \" data-block-type=\"unstyled\" data-block-weight=\"77\" data-block-id=\"17\">\n<p class=\" content-text__container \" data-track-category=\"Link no Texto\" data-track-links=\"\" data-mrf-recirculation=\"Mat\u00e9ria - Links no Texto\">A Frente Popular de Pernambuco, atrav\u00e9s de seus advogados, anunciou ainda que deve ingressar com uma den\u00fancia junto ao Minist\u00e9rio P\u00fablico de Pernambuco (MPPE) por improbidade administrativa, enriquecimento il\u00edcito de servidores e ofensa aos princ\u00edpios da administra\u00e7\u00e3o p\u00fablica; uma den\u00fancia \u00e0 Controladoria Geral da Uni\u00e3o (CGU) por envolver servidor p\u00fablico federal; e outras den\u00fancias \u00e0 Caixa Econ\u00f4mica Federal, ao Minist\u00e9rio P\u00fablico Eleitoral, Tribunal de Contas da Uni\u00e3o (TCU) e Tribunal de Contas do Estado de Pernambuco (TCE-PE).<\/p>\n<\/div>\n<\/div>\n<div id=\"chunk-6pu8c\">\n<div class=\"row medium-uncollapsed content-media content-photo\" data-block-type=\"backstage-photo\" data-block-id=\"18\">\n<div class=\" mc-column  content-media__container\">\n<div class=\"content-media-container glb-skeleton-box\">\n<figure class=\"content-media-figure\"><img decoding=\"async\" class=\"i-amphtml-fill-content i-amphtml-replaced-content\" src=\"https:\/\/s2-g1.glbimg.com\/indulKdo5SjdfTTxBKbW2t1fTiM=\/0x0:1200x900\/984x0\/smart\/filters:strip_icc()\/i.s3.glbimg.com\/v1\/AUTH_59edd422c0c84a879bd37670ae4f538a\/internal_photos\/bs\/2026\/R\/R\/Yc1KmLRCA4UKANEOHmcw\/whatsapp-image-2026-08-27-at-11.03.12.jpeg\" sizes=\"(max-width: 1366px) 648px, 100vw\" srcset=\"https:\/\/s2-g1.glbimg.com\/VhPdQpSpm2GNiJwfyzrKfnRB0MY=\/0x0:1200x900\/1000x0\/smart\/filters:strip_icc()\/i.s3.glbimg.com\/v1\/AUTH_59edd422c0c84a879bd37670ae4f538a\/internal_photos\/bs\/2026\/R\/R\/Yc1KmLRCA4UKANEOHmcw\/whatsapp-image-2026-08-27-at-11.03.12.jpeg 1000w, https:\/\/s2-g1.glbimg.com\/indulKdo5SjdfTTxBKbW2t1fTiM=\/0x0:1200x900\/984x0\/smart\/filters:strip_icc()\/i.s3.glbimg.com\/v1\/AUTH_59edd422c0c84a879bd37670ae4f538a\/internal_photos\/bs\/2026\/R\/R\/Yc1KmLRCA4UKANEOHmcw\/whatsapp-image-2026-08-27-at-11.03.12.jpeg 984w, https:\/\/s2-g1.glbimg.com\/XRg-ggl9kcFe9ScnFTtpjtCXaJw=\/0x0:1200x900\/640x0\/smart\/filters:strip_icc()\/i.s3.glbimg.com\/v1\/AUTH_59edd422c0c84a879bd37670ae4f538a\/internal_photos\/bs\/2026\/R\/R\/Yc1KmLRCA4UKANEOHmcw\/whatsapp-image-2026-08-27-at-11.03.12.jpeg 640w, https:\/\/s2-g1.glbimg.com\/xduUjW-J70kZ-CPsqapLjWTmIcY=\/0x0:1200x900\/600x0\/smart\/filters:strip_icc()\/i.s3.glbimg.com\/v1\/AUTH_59edd422c0c84a879bd37670ae4f538a\/internal_photos\/bs\/2026\/R\/R\/Yc1KmLRCA4UKANEOHmcw\/whatsapp-image-2026-08-27-at-11.03.12.jpeg 600w\" alt=\"Equipe jur\u00eddica da campanha de Jo\u00e3o Campos anuncia pedido de investiga\u00e7\u00e3o contra Raquel Lyra \u2014 Foto: Rafael Souza \/ g1\" \/><\/figure>\n<\/div>\n<p class=\"content-media__description  \">Equipe jur\u00eddica da campanha de Jo\u00e3o Campos anuncia pedido de investiga\u00e7\u00e3o contra Raquel Lyra \u2014 Foto: Rafael Souza \/ g1<\/p>\n<\/div>\n<\/div>\n<\/div>\n<div id=\"chunk-7o7hj\">\n<div class=\"mc-column content-text active-extra-styles \" data-block-type=\"unstyled\" data-block-weight=\"11\" data-block-id=\"20\">\n<p class=\" content-text__container \" data-track-category=\"Link no Texto\" data-track-links=\"\" data-mrf-recirculation=\"Mat\u00e9ria - Links no Texto\"><strong>Confira a \u00edntegra da nota da coliga\u00e7\u00e3o de Raquel Lyra<\/strong>:<\/p>\n<\/div>\n<\/div>\n<div id=\"chunk-at0a5\">\n<div class=\"mc-column content-text active-extra-styles \" data-block-type=\"unstyled\" data-block-weight=\"50\" data-block-id=\"21\">\n<p class=\" content-text__container \" data-track-category=\"Link no Texto\" data-track-links=\"\" data-mrf-recirculation=\"Mat\u00e9ria - Links no Texto\"><em>&#8220;A poucas semanas da elei\u00e7\u00e3o, o PSB continua usando suas velhas pr\u00e1ticas, trocando o debate de propostas por uma coletiva de acusa\u00e7\u00f5es. Anuncia a\u00e7\u00f5es que ainda n\u00e3o existem, baseadas numa den\u00fancia sem provas. Quem tem trabalho a mostrar mostra trabalho; quem n\u00e3o tem, convoca a imprensa para anunciar processos.<\/em><\/p>\n<\/div>\n<\/div>\n<div id=\"chunk-aeadh\">\n<div class=\"mc-column content-text active-extra-styles \" data-block-type=\"unstyled\" data-block-weight=\"55\" data-block-id=\"22\">\n<p class=\" content-text__container \" data-track-category=\"Link no Texto\" data-track-links=\"\" data-mrf-recirculation=\"Mat\u00e9ria - Links no Texto\"><em>A campanha de Raquel Lyra \u00e9 feita \u00e0 luz do dia, com nome, rosto e assinatura. Foi a governadora quem, diante da conduta de um servidor, determinou sua exonera\u00e7\u00e3o imediata e a apura\u00e7\u00e3o dos fatos. \u00c9 assim que age quem n\u00e3o tem nada a esconder: aponta o erro e apura, n\u00e3o terceiriza ataques nas sombras.<\/em><\/p>\n<\/div>\n<\/div>\n<div id=\"chunk-efq12\">\n<div class=\"mc-column content-text active-extra-styles \" data-block-type=\"unstyled\" data-block-weight=\"44\" data-block-id=\"23\">\n<p class=\" content-text__container \" data-track-category=\"Link no Texto\" data-track-links=\"\" data-mrf-recirculation=\"Mat\u00e9ria - Links no Texto\"><em>A tentativa de transformar acusa\u00e7\u00e3o em fato, sem prova e no calend\u00e1rio eleitoral, ser\u00e1 enfrentada onde deve ser: na Justi\u00e7a. A campanha j\u00e1 aciona seus advogados para responsabilizar quem constr\u00f3i e propaga mentiras contra a governadora. Difamar \u00e9 crime, e ser\u00e1 tratado como tal.<\/em><\/p>\n<\/div>\n<\/div>\n<div id=\"chunk-dif99\">\n<div class=\"mc-column content-text active-extra-styles \" data-block-type=\"unstyled\" data-block-weight=\"24\" data-block-id=\"24\">\n<p class=\" content-text__container \" data-track-category=\"Link no Texto\" data-track-links=\"\" data-mrf-recirculation=\"Mat\u00e9ria - Links no Texto\"><em>Enquanto o advers\u00e1rio fala de \u00f3dio, Raquel Lyra segue falando com cora\u00e7\u00e3o e, acima de tudo, trabalhando para continuar mudando a vida das pessoas.&#8221;<\/em><\/p>\n<\/div>\n<\/div>\n<div id=\"chunk-e36d5\">\n<div class=\"mc-column content-text active-extra-styles\" data-block-type=\"raw\" data-block-weight=\"3\" data-block-id=\"25\">\n<div class=\"content-intertitle\">\n<h2>A\u00e7\u00f5es no TRE<\/h2>\n<\/div>\n<\/div>\n<\/div>\n<div id=\"chunk-e660j\">\n<div class=\"mc-column content-text active-extra-styles \" data-block-type=\"unstyled\" data-block-weight=\"65\" data-block-id=\"26\">\n<p class=\" content-text__container \" data-track-category=\"Link no Texto\" data-track-links=\"\" data-mrf-recirculation=\"Mat\u00e9ria - Links no Texto\">A reportagem entrou em contato com a assessoria do TRE-PE. De acordo com o tribunal, at\u00e9 o in\u00edcio da tarde desta quinta, nenhuma A\u00e7\u00e3o de Investiga\u00e7\u00e3o Judicial Eleitoral (AIJE) por parte da Frente Popular de Pernambuco foi registrada no sistema da Justi\u00e7a Eleitoral, mas que h\u00e1 uma a\u00e7\u00e3o cautelar (um pedido urgente) sobre \u201cimpulsionamento inorg\u00e2nico de conte\u00fados\u201d e \u201cforma\u00e7\u00e3o de um gabinete do \u00f3dio\u201d.<\/p>\n<\/div>\n<\/div>\n<div id=\"chunk-brvm\">\n<div class=\"mc-column content-text active-extra-styles \" data-block-type=\"unstyled\" data-block-weight=\"26\" data-block-id=\"28\">\n<p class=\" content-text__container \" data-track-category=\"Link no Texto\" data-track-links=\"\" data-mrf-recirculation=\"Mat\u00e9ria - Links no Texto\">Como noticiado, as duas campanhas movem a\u00e7\u00f5es ao mesmo tempo e sobre praticamente a mesma motiva\u00e7\u00e3o de um &#8220;gabinete do \u00f3dio&#8221; no estado.<\/p>\n<\/div>\n<\/div>\n<div id=\"chunk-5g5ib\">\n<div class=\"mc-column content-text active-extra-styles \" data-block-type=\"unstyled\" data-block-weight=\"29\" data-block-id=\"29\">\n<p class=\" content-text__container \" data-track-category=\"Link no Texto\" data-track-links=\"\" data-mrf-recirculation=\"Mat\u00e9ria - Links no Texto\">De acordo com o TRE-PE, uma a\u00e7\u00e3o como uma AIJE n\u00e3o tem um prazo fixo para ser respondida, mas que o tribunal costuma avaliar os processos eleitorais com celeridade.<\/p>\n<\/div>\n<\/div>\n<div id=\"chunk-5sm99\">\n<div class=\"mc-column content-text active-extra-styles\" data-block-type=\"raw\" data-block-weight=\"3\" data-block-id=\"30\">\n<div class=\"content-intertitle\">\n<h2>Entenda o caso<\/h2>\n<\/div>\n<\/div>\n<\/div>\n<div id=\"chunk-c9d9b\">\n<div class=\"mc-column content-text active-extra-styles \" data-block-type=\"unstyled\" data-block-weight=\"46\" data-block-id=\"31\">\n<p class=\" content-text__container \" data-track-category=\"Link no Texto\" data-track-links=\"\" data-mrf-recirculation=\"Mat\u00e9ria - Links no Texto\">O Tribunal Regional Eleitoral de Pernambuco (TRE-PE) informou ao g1 que h\u00e1, atualmente,\u00a0duas a\u00e7\u00f5es cautelares relacionadas \u00e0 atua\u00e7\u00e3o de grupos nas redes sociais. Segundo o tribunal, os dois processos t\u00eam como objetivo a &#8220;produ\u00e7\u00e3o e a preserva\u00e7\u00e3o de provas&#8221; e tramitam em segredo de Justi\u00e7a.<\/p>\n<\/div>\n<\/div>\n<div id=\"chunk-53c4c\">\n<div class=\"mc-column content-text active-extra-styles \" data-block-type=\"unstyled\" data-block-weight=\"27\" data-block-id=\"32\">\n<p class=\" content-text__container \" data-track-category=\"Link no Texto\" data-track-links=\"\" data-mrf-recirculation=\"Mat\u00e9ria - Links no Texto\">Uma das a\u00e7\u00f5es foi apresentada pelo PSB e trata, segundo a classifica\u00e7\u00e3o feita pelo partido, de &#8220;impulsionamento inorg\u00e2nico de conte\u00fados&#8221; e &#8220;forma\u00e7\u00e3o de um gabinete do \u00f3dio&#8221;.<\/p>\n<\/div>\n<\/div>\n<div id=\"chunk-chver\">\n<div class=\"mc-column content-text active-extra-styles \" data-block-type=\"unstyled\" data-block-weight=\"41\" data-block-id=\"33\">\n<p class=\" content-text__container \" data-track-category=\"Link no Texto\" data-track-links=\"\" data-mrf-recirculation=\"Mat\u00e9ria - Links no Texto\">A outra foi apresentada pela coliga\u00e7\u00e3o Pernambuco de Cora\u00e7\u00e3o, que apoia a candidatura de Raquel Lyra \u00e0 reelei\u00e7\u00e3o. De acordo com o TRE-PE, o processo trata da suposta exist\u00eancia de uma &#8220;rede coordenada de dissemina\u00e7\u00e3o de conte\u00fado de ataque \u00e0 governadora&#8221;.<\/p>\n<\/div>\n<\/div>\n<div id=\"chunk-5jd1h\">\n<div class=\"mc-column content-text active-extra-styles \" data-block-type=\"unstyled\" data-block-weight=\"42\" data-block-id=\"34\">\n<p class=\" content-text__container \" data-track-category=\"Link no Texto\" data-track-links=\"\" data-mrf-recirculation=\"Mat\u00e9ria - Links no Texto\">O tribunal n\u00e3o informou quem s\u00e3o os alvos ou respons\u00e1veis pelas supostas redes, nem deu detalhes sobre as provas apresentadas. Como os processos est\u00e3o sob segredo de Justi\u00e7a, o TRE-PE afirmou que n\u00e3o pode fornecer outras informa\u00e7\u00f5es sobre o conte\u00fado das a\u00e7\u00f5es.<\/p>\n<\/div>\n<\/div>\n<div id=\"chunk-7lgcq\">\n<div class=\"mc-column content-text active-extra-styles \" data-block-type=\"unstyled\" data-block-weight=\"35\" data-block-id=\"36\">\n<p class=\" content-text__container \" data-track-category=\"Link no Texto\" data-track-links=\"\" data-mrf-recirculation=\"Mat\u00e9ria - Links no Texto\">As a\u00e7\u00f5es judiciais surgem dias ap\u00f3s trocas de acusa\u00e7\u00f5es entre os dois candidatos. No in\u00edcio de agosto, Raquel Lyra registrou boletim de ocorr\u00eancia ap\u00f3s receber diversas transfer\u00eancias com valores de centavos em sua conta banc\u00e1ria.<\/p>\n<\/div>\n<\/div>\n<div id=\"chunk-5638t\">\n<div class=\"mc-column content-text active-extra-styles \" data-block-type=\"unstyled\" data-block-weight=\"36\" data-block-id=\"37\">\n<p class=\" content-text__container \" data-track-category=\"Link no Texto\" data-track-links=\"\" data-mrf-recirculation=\"Mat\u00e9ria - Links no Texto\">Ela tamb\u00e9m\u00a0denunciou um v\u00eddeo falso em que supostamente pedia Pix a eleitores. Ela atribuiu as a\u00e7\u00f5es a a\u00e7\u00e3o coordenada de advers\u00e1rios pol\u00edticos, sem citar nomes, a quem ela acusou de integrarem um &#8220;gabinete do \u00f3dio&#8221;.<\/p>\n<\/div>\n<\/div>\n<div id=\"chunk-4misl\">\n<div class=\"mc-column content-text active-extra-styles \" data-block-type=\"unstyled\" data-block-weight=\"45\" data-block-id=\"38\">\n<p class=\" content-text__container \" data-track-category=\"Link no Texto\" data-track-links=\"\" data-mrf-recirculation=\"Mat\u00e9ria - Links no Texto\">Dias depois, o TRE mandou um perfil favor\u00e1vel a Jo\u00e3o Campos remover uma\u00a0publica\u00e7\u00e3o que associa Raquel Lyra ao candidato a presidente F\u00e1vio Bolsonaro (PL). A postagem utilizava uma foto manipulada em que a gestora aparece abra\u00e7ada com o filho do ex-presidente Jair Bolsonaro (PL).<\/p>\n<\/div>\n<\/div>\n<div id=\"chunk-3uk7j\">\n<div class=\"mc-column content-text active-extra-styles \" data-block-type=\"unstyled\" data-block-weight=\"26\" data-block-id=\"39\">\n<p class=\" content-text__container \" data-track-category=\"Link no Texto\" data-track-links=\"\" data-mrf-recirculation=\"Mat\u00e9ria - Links no Texto\">J\u00e1 na ter\u00e7a-feira (25) TV Record veiculou uma reportagem denunciando uma suposta estrutura de p\u00e1ginas e perfis nas redes sociais utilizada para ataques contra Jo\u00e3o Campos.<\/p>\n<\/div>\n<\/div>\n<div id=\"chunk-4pcva\">\n<div class=\"mc-column content-text active-extra-styles \" data-block-type=\"unstyled\" data-block-weight=\"37\" data-block-id=\"40\">\n<p class=\" content-text__container \" data-track-category=\"Link no Texto\" data-track-links=\"\" data-mrf-recirculation=\"Mat\u00e9ria - Links no Texto\">A reportagem apresentou uma grava\u00e7\u00e3o em que Amisadai Andrade da Silva, ent\u00e3o servidor comissionado do governo de Pernambuco,\u00a0aparece relatando o funcionamento de uma suposta rede\u00a0de perfis e falando sobre uma estrat\u00e9gia para &#8220;desidratar&#8221; Jo\u00e3o Campos.<\/p>\n<\/div>\n<\/div>\n<div id=\"chunk-b495v\">\n<div class=\"mc-column content-text active-extra-styles \" data-block-type=\"unstyled\" data-block-weight=\"21\" data-block-id=\"41\">\n<p class=\" content-text__container \" data-track-category=\"Link no Texto\" data-track-links=\"\" data-mrf-recirculation=\"Mat\u00e9ria - Links no Texto\">Ap\u00f3s a repercuss\u00e3o da reportagem, o governo de Pernambuco\u00a0exonerou Amisadai do cargo de superintendente de opera\u00e7\u00f5es da Arena de Pernambuco.<\/p>\n<\/div>\n<\/div>\n<div id=\"chunk-135l\">\n<div class=\"mc-column content-text active-extra-styles \" data-block-type=\"unstyled\" data-block-weight=\"39\" data-block-id=\"43\">\n<p class=\" content-text__container \" data-track-category=\"Link no Texto\" data-track-links=\"\" data-mrf-recirculation=\"Mat\u00e9ria - Links no Texto\">Raquel Lyra negou as acusa\u00e7\u00f5es e afirmou que tomar\u00e1 as medidas cab\u00edveis sobre o que classificou como &#8220;mentiras veiculadas&#8221; pela reportagem. Jo\u00e3o Campos, por outro lado, afirmou que seus advogados acionariam a Justi\u00e7a diante da suposta estrutura de ataques.<\/p>\n<\/div>\n<\/div>\n<div id=\"chunk-4cgqt\">\n<div class=\"mc-column content-text active-extra-styles\" data-block-type=\"raw\" data-block-weight=\"5\" data-block-id=\"44\">\n<div class=\"content-intertitle\">\n<h2>O que \u00e9 uma AIJE?<\/h2>\n<\/div>\n<\/div>\n<\/div>\n<div id=\"chunk-fsjol\">\n<div class=\"mc-column content-text active-extra-styles \" data-block-type=\"unstyled\" data-block-weight=\"38\" data-block-id=\"45\">\n<p class=\" content-text__container \" data-track-category=\"Link no Texto\" data-track-links=\"\" data-mrf-recirculation=\"Mat\u00e9ria - Links no Texto\">A A\u00e7\u00e3o de Investiga\u00e7\u00e3o Judicial Eleitoral (AIJE) est\u00e1 prevista no artigo 14 da Constitui\u00e7\u00e3o Federal, sendo disciplinada pelo artigo 22 da Lei Complementar 64\/1990, conhecida como Lei de Inelegibilidade. \u00c9 uma a\u00e7\u00e3o de natureza c\u00edvel, tipicamente eleitoral.<\/p>\n<\/div>\n<\/div>\n<div id=\"chunk-7fb7r\">\n<div class=\"mc-column content-text active-extra-styles \" data-block-type=\"unstyled\" data-block-weight=\"33\" data-block-id=\"46\">\n<p class=\" content-text__container \" data-track-category=\"Link no Texto\" data-track-links=\"\" data-mrf-recirculation=\"Mat\u00e9ria - Links no Texto\">A depender do resultado da investiga\u00e7\u00e3o em uma AIJE,\u00a0<span class=\"highlight highlighted\">podem ocorrer consequ\u00eancias como inelegibilidade, cassa\u00e7\u00e3o de registro ou diploma do candidato, instaura\u00e7\u00e3o de processo disciplinar e, se for o caso, de a\u00e7\u00e3o penal.<\/span><\/p>\n<\/div>\n<\/div>\n<div id=\"chunk-32qhq\">\n<div class=\"mc-column content-text active-extra-styles \" data-block-type=\"unstyled\" data-block-weight=\"30\" data-block-id=\"47\">\n<p class=\" content-text__container \" data-track-category=\"Link no Texto\" data-track-links=\"\" data-mrf-recirculation=\"Mat\u00e9ria - Links no Texto\">A AIJE \u00e9 solicitada enquanto a campanha e as elei\u00e7\u00f5es ocorrem. Para pedidos ap\u00f3s o fim do per\u00edodo eleitoral, a legisla\u00e7\u00e3o classifica como A\u00e7\u00e3o de Impugna\u00e7\u00e3o de Mandato Eletivo (AIME).<\/p>\n<\/div>\n<\/div>\n<\/div>\n<p data-track-category=\"Link no Texto\" data-track-links=\"\" data-mrf-recirculation=\"Mat\u00e9ria - Links no Texto\"><em>Com G1\/PE<\/em><\/p>\n","protected":false},"excerpt":{"rendered":"<p>Frente Popular diz ainda que coliga\u00e7\u00e3o da governadora utilizou \u00f4nibus p\u00fablicos durante a conven\u00e7\u00e3o e uma aeronave de forma irregular para campanha eleitoral. Chapa de Raquel Lyra rebateu as acusa\u00e7\u00f5es: &#8216;a poucas semanas da elei\u00e7\u00e3o, o PSB continua usando suas velhas pr\u00e1ticas&#8217;. A coliga\u00e7\u00e3o do ex-prefeito do\u00a0Recife\u00a0Jo\u00e3o Campos\u00a0(PSB) anunciou nesta quinta-feira (27) que vai entrar com um pedido formal de investiga\u00e7\u00e3o no Tribunal Regional Eleitoral de Pernambuco (TRE-PE) contra a campanha da governadora e candidata \u00e0 reelei\u00e7\u00e3o\u00a0Raquel Lyra\u00a0(PSD). Os advogados do PSB acusam a governadora de participa\u00e7\u00e3o direta no suposto &#8220;gabinete do \u00f3dio&#8221; que atuaria para atacar advers\u00e1rios. De acordo com o advogado Rafael Carneiro, representante da Frente Popular de Pernambuco, coliga\u00e7\u00e3o de Jo\u00e3o Campos, a chapa do ex-prefeito vai ingressar com uma A\u00e7\u00e3o de Investiga\u00e7\u00e3o Judicial Eleitoral (AIJE) junto ao TRE-PE para investigar suspeitas de irregularidades . &#8220;S\u00e3o medidas judiciais que est\u00e3o sendo tomadas frente a esses graves fatos que v\u00eam sendo revelados pela imprensa nacional e que revelam uma engrenagem criminosa por parte do governo do estado de Pernambuco e, como as not\u00edcias indicam, com a participa\u00e7\u00e3o pessoal da governadora do estado de Pernambuco e candidata \u00e0 reelei\u00e7\u00e3o na estrutura\u00e7\u00e3o de uma mil\u00edcia digital, na realiza\u00e7\u00e3o de opera\u00e7\u00f5es clandestinas, com a arapongagem, estrutura\u00e7\u00e3o de gabinete do \u00f3dio. Tudo isso com a utiliza\u00e7\u00e3o de recursos p\u00fablicos, com a utiliza\u00e7\u00e3o de servidores p\u00fablicos para atacar advers\u00e1rios pol\u00edticos, para denegrir a imagem especialmente do candidato Jo\u00e3o Campos. Portanto, n\u00e3o estamos aqui a falar, a discutir narrativas pol\u00edticas. Estamos aqui a tratar de fatos, fatos concretos, fatos graves, revelados, documentados pela imprensa nacional e que merecem a devida apura\u00e7\u00e3o&#8221;, disse o advogado. Em nota, a campanha da governadora candidata \u00e0 reelei\u00e7\u00e3o Raquel Lyra rebateu as acusa\u00e7\u00f5es feitas pelo advers\u00e1rio. No texto, a coliga\u00e7\u00e3o Pernambuco de Cora\u00e7\u00e3o afirma que &#8220;a poucas semanas da elei\u00e7\u00e3o, o PSB continua usando suas velhas pr\u00e1ticas, trocando o debate de propostas por uma coletiva de acusa\u00e7\u00f5es&#8221;. De acordo com a coliga\u00e7\u00e3o de Jo\u00e3o Campos, haveria ainda uso, por parte da governadora, do aparato estatal para fazer campanha, como uso de uma aeronave e de \u00f4nibus p\u00fablicos durante a conven\u00e7\u00e3o que lan\u00e7ou a candidatura de Raquel Lyra no in\u00edcio de agosto. O an\u00fancio da campanha de Jo\u00e3o Campos foi feito durante uma coletiva de imprensa na manh\u00e3 desta quinta-feira (27) em um hotel no Bairro do Recife, \u00e1rea central da cidade. De acordo com o advogado, a a\u00e7\u00e3o que ser\u00e1 protocolada pela chapa busca &#8220;investigar e punir abuso de poder pol\u00edtico, abuso de poder econ\u00f4mico, uso indevido dos meios de comunica\u00e7\u00e3o e condutas vedadas a agentes p\u00fablicos&#8221;, afirmou o advogado Rafael Carneiro. Ele afirma que a A\u00e7\u00e3o de Investiga\u00e7\u00e3o Judicial Eleitoral (AIJE) vai se sustentar em cinco eixos: Eixo 1: abuso de poder pol\u00edtico e econ\u00f4mico em fun\u00e7\u00e3o da utiliza\u00e7\u00e3o de frotas p\u00fablicas de \u00f4nibus para o transporte de militantes em conven\u00e7\u00e3o partid\u00e1ria; Eixo 2: abuso de poder pol\u00edtico pela instrumentaliza\u00e7\u00e3o da intelig\u00eancia estatal, a instrumentaliza\u00e7\u00e3o das for\u00e7as policiais para a vigil\u00e2ncia clandestina de advers\u00e1rio pol\u00edtico; Eixo 3: abuso de poder pol\u00edtico e econ\u00f4mico pelo desvirtuamento da aquisi\u00e7\u00e3o de uma aeronave; Eixo 4: abuso de poder pol\u00edtico e econ\u00f4mico pelo desvirtuamento da publicidade governamental e promo\u00e7\u00e3o institucional em per\u00edodo vedado; Eixo 5: uso indevido dos meios de comunica\u00e7\u00e3o a partir de uma &#8216;milicia digital&#8217;; Sobre a suposta participa\u00e7\u00e3o direta da governadora no &#8220;gabinete do \u00f3dio&#8221;, o advogado Rafael Carneiro afirma que &#8220;houve, por parte de um servidor p\u00fablico, uma declara\u00e7\u00e3o reconhecendo que ele foi chamado por ela para estruturar o gabinete do \u00f3dio. \u00c9 um servidor p\u00fablico que fala isso, n\u00e3o sou eu. Houve a prova do registro que ele esteve na Casa Civil, al\u00e9m de ter estado na Secretaria de Comunica\u00e7\u00e3o. Houve aplica\u00e7\u00e3o de recursos p\u00fablicos gerenciados pela governadora&#8221;. A Frente Popular de Pernambuco, atrav\u00e9s de seus advogados, anunciou ainda que deve ingressar com uma den\u00fancia junto ao Minist\u00e9rio P\u00fablico de Pernambuco (MPPE) por improbidade administrativa, enriquecimento il\u00edcito de servidores e ofensa aos princ\u00edpios da administra\u00e7\u00e3o p\u00fablica; uma den\u00fancia \u00e0 Controladoria Geral da Uni\u00e3o (CGU) por envolver servidor p\u00fablico federal; e outras den\u00fancias \u00e0 Caixa Econ\u00f4mica Federal, ao Minist\u00e9rio P\u00fablico Eleitoral, Tribunal de Contas da Uni\u00e3o (TCU) e Tribunal de Contas do Estado de Pernambuco (TCE-PE). Equipe jur\u00eddica da campanha de Jo\u00e3o Campos anuncia pedido de investiga\u00e7\u00e3o contra Raquel Lyra \u2014 Foto: Rafael Souza \/ g1 Confira a \u00edntegra da nota da coliga\u00e7\u00e3o de Raquel Lyra: &#8220;A poucas semanas da elei\u00e7\u00e3o, o PSB continua usando suas velhas pr\u00e1ticas, trocando o debate de propostas por uma coletiva de acusa\u00e7\u00f5es. Anuncia a\u00e7\u00f5es que ainda n\u00e3o existem, baseadas numa den\u00fancia sem provas. Quem tem trabalho a mostrar mostra trabalho; quem n\u00e3o tem, convoca a imprensa para anunciar processos. A campanha de Raquel Lyra \u00e9 feita \u00e0 luz do dia, com nome, rosto e assinatura. Foi a governadora quem, diante da conduta de um servidor, determinou sua exonera\u00e7\u00e3o imediata e a apura\u00e7\u00e3o dos fatos. \u00c9 assim que age quem n\u00e3o tem nada a esconder: aponta o erro e apura, n\u00e3o terceiriza ataques nas sombras. A tentativa de transformar acusa\u00e7\u00e3o em fato, sem prova e no calend\u00e1rio eleitoral, ser\u00e1 enfrentada onde deve ser: na Justi\u00e7a. A campanha j\u00e1 aciona seus advogados para responsabilizar quem constr\u00f3i e propaga mentiras contra a governadora. Difamar \u00e9 crime, e ser\u00e1 tratado como tal. Enquanto o advers\u00e1rio fala de \u00f3dio, Raquel Lyra segue falando com cora\u00e7\u00e3o e, acima de tudo, trabalhando para continuar mudando a vida das pessoas.&#8221; A\u00e7\u00f5es no TRE A reportagem entrou em contato com a assessoria do TRE-PE. De acordo com o tribunal, at\u00e9 o in\u00edcio da tarde desta quinta, nenhuma A\u00e7\u00e3o de Investiga\u00e7\u00e3o Judicial Eleitoral (AIJE) por parte da Frente Popular de Pernambuco foi registrada no sistema da Justi\u00e7a Eleitoral, mas que h\u00e1 uma a\u00e7\u00e3o cautelar (um pedido urgente) sobre \u201cimpulsionamento inorg\u00e2nico de conte\u00fados\u201d e \u201cforma\u00e7\u00e3o de um gabinete do \u00f3dio\u201d. Como noticiado, as duas campanhas movem a\u00e7\u00f5es ao mesmo tempo e sobre praticamente a mesma motiva\u00e7\u00e3o de um &#8220;gabinete do \u00f3dio&#8221; no estado. De acordo com o TRE-PE, uma a\u00e7\u00e3o como uma<\/p>\n","protected":false},"author":6,"featured_media":320779,"comment_status":"closed","ping_status":"closed","sticky":false,"template":"","format":"standard","meta":{"sfsi_plus_gutenberg_text_before_share":"","sfsi_plus_gutenberg_show_text_before_share":"","sfsi_plus_gutenberg_icon_type":"","sfsi_plus_gutenberg_icon_alignemt":"","sfsi_plus_gutenburg_max_per_row":"","footnotes":""},"categories":[125],"tags":[],"class_list":["post-320777","post","type-post","status-publish","format-standard","has-post-thumbnail","hentry","category-pernambuco"],"_links":{"self":[{"href":"https:\/\/www.caririemacao.com\/1\/wp-json\/wp\/v2\/posts\/320777","targetHints":{"allow":["GET"]}}],"collection":[{"href":"https:\/\/www.caririemacao.com\/1\/wp-json\/wp\/v2\/posts"}],"about":[{"href":"https:\/\/www.caririemacao.com\/1\/wp-json\/wp\/v2\/types\/post"}],"author":[{"embeddable":true,"href":"https:\/\/www.caririemacao.com\/1\/wp-json\/wp\/v2\/users\/6"}],"replies":[{"embeddable":true,"href":"https:\/\/www.caririemacao.com\/1\/wp-json\/wp\/v2\/comments?post=320777"}],"version-history":[{"count":1,"href":"https:\/\/www.caririemacao.com\/1\/wp-json\/wp\/v2\/posts\/320777\/revisions"}],"predecessor-version":[{"id":320780,"href":"https:\/\/www.caririemacao.com\/1\/wp-json\/wp\/v2\/posts\/320777\/revisions\/320780"}],"wp:featuredmedia":[{"embeddable":true,"href":"https:\/\/www.caririemacao.com\/1\/wp-json\/wp\/v2\/media\/320779"}],"wp:attachment":[{"href":"https:\/\/www.caririemacao.com\/1\/wp-json\/wp\/v2\/media?parent=320777"}],"wp:term":[{"taxonomy":"category","embeddable":true,"href":"https:\/\/www.caririemacao.com\/1\/wp-json\/wp\/v2\/categories?post=320777"},{"taxonomy":"post_tag","embeddable":true,"href":"https:\/\/www.caririemacao.com\/1\/wp-json\/wp\/v2\/tags?post=320777"}],"curies":[{"name":"wp","href":"https:\/\/api.w.org\/{rel}","templated":true}]}}