{"id":320781,"date":"2026-08-28T12:07:16","date_gmt":"2026-08-28T15:07:16","guid":{"rendered":"https:\/\/www.caririemacao.com\/1\/?p=320781"},"modified":"2026-08-28T12:07:16","modified_gmt":"2026-08-28T15:07:16","slug":"justica-eleitoral-defere-candidatura-de-lucas-ribeiro-ao-governo-da-paraiba","status":"publish","type":"post","link":"https:\/\/www.caririemacao.com\/1\/2026\/08\/28\/justica-eleitoral-defere-candidatura-de-lucas-ribeiro-ao-governo-da-paraiba\/","title":{"rendered":"Justi\u00e7a Eleitoral defere candidatura de Lucas Ribeiro ao governo da Para\u00edba"},"content":{"rendered":"<div class=\"subtitulo mb-3\"><em><strong>Vice na chapa com Lucas Ribeiro, L\u00edgia Feliciano (Uni\u00e3o Brasil) tamb\u00e9m teve a candidatura deferida pela Justi\u00e7a Eleitoral.<\/strong><\/em><\/div>\n<div><\/div>\n<div>\n<p class=\"wp-block-paragraph\">A Justi\u00e7a Eleitoral deferiu, na manh\u00e3 desta sexta-feira (28), a candidatura de Lucas Ribeiro (Progressistas) ao governo da Para\u00edba. O deferimento foi confirmado atrav\u00e9s do site Divulga\u00e7\u00e3o de Candidaturas e Contas Eleitorais, sistema do Tribunal Superior Eleitoral (TSE) que traz informa\u00e7\u00f5es sobre os candidatos.<\/p>\n<p class=\"wp-block-paragraph\">Vice na chapa com Lucas Ribeiro, L\u00edgia Feliciano (Uni\u00e3o Brasil) tamb\u00e9m teve a candidatura deferida pela Justi\u00e7a Eleitoral.<\/p>\n<p class=\"wp-block-paragraph\">Al\u00e9m de Lucas, tamb\u00e9m tiveram as candidaturas deferidas\u00a0Efraim Filho\u00a0(PL) e\u00a0Yuri Ezequiel\u00a0(UP). Aguardam o julgamento das candidaturas Camilo Duarte (PCO), C\u00edcero Lucena (MDB) e Pedro Coutinho (DC).<\/p>\n<figure class=\"wp-block-gallery has-nested-images columns-default is-cropped wp-block-gallery-1 is-layout-flex wp-block-gallery-is-layout-flex\">\n<figure class=\"wp-block-image size-full pointer\"><img decoding=\"async\" class=\"img-fluid\" src=\"https:\/\/portalcorreio.com.br\/portalcorreio\/storage\/2026\/08\/28feee86f976ea5d03e8aa7be468f425.jpg\" alt=\"\" data-id=\"471532\" \/><\/figure>\n<p>CARIRI EM A\u00c7\u00c3O<\/p>\n<p>Com Portal Correio<\/figure>\n<\/div>\n","protected":false},"excerpt":{"rendered":"<p>Vice na chapa com Lucas Ribeiro, L\u00edgia Feliciano (Uni\u00e3o Brasil) tamb\u00e9m teve a candidatura deferida pela Justi\u00e7a Eleitoral. A Justi\u00e7a Eleitoral deferiu, na manh\u00e3 desta sexta-feira (28), a candidatura de Lucas Ribeiro (Progressistas) ao governo da Para\u00edba. O deferimento foi confirmado atrav\u00e9s do site Divulga\u00e7\u00e3o de Candidaturas e Contas Eleitorais, sistema do Tribunal Superior Eleitoral (TSE) que traz informa\u00e7\u00f5es sobre os candidatos. Vice na chapa com Lucas Ribeiro, L\u00edgia Feliciano (Uni\u00e3o Brasil) tamb\u00e9m teve a candidatura deferida pela Justi\u00e7a Eleitoral. Al\u00e9m de Lucas, tamb\u00e9m tiveram as candidaturas deferidas\u00a0Efraim Filho\u00a0(PL) e\u00a0Yuri Ezequiel\u00a0(UP). Aguardam o julgamento das candidaturas Camilo Duarte (PCO), C\u00edcero Lucena (MDB) e Pedro Coutinho (DC). CARIRI EM A\u00c7\u00c3O Com Portal Correio<\/p>\n","protected":false},"author":6,"featured_media":320786,"comment_status":"closed","ping_status":"closed","sticky":false,"template":"","format":"standard","meta":{"sfsi_plus_gutenberg_text_before_share":"","sfsi_plus_gutenberg_show_text_before_share":"","sfsi_plus_gutenberg_icon_type":"","sfsi_plus_gutenberg_icon_alignemt":"","sfsi_plus_gutenburg_max_per_row":"","footnotes":""},"categories":[50,11],"tags":[],"class_list":["post-320781","post","type-post","status-publish","format-standard","has-post-thumbnail","hentry","category-destaque","category-politica"],"_links":{"self":[{"href":"https:\/\/www.caririemacao.com\/1\/wp-json\/wp\/v2\/posts\/320781","targetHints":{"allow":["GET"]}}],"collection":[{"href":"https:\/\/www.caririemacao.com\/1\/wp-json\/wp\/v2\/posts"}],"about":[{"href":"https:\/\/www.caririemacao.com\/1\/wp-json\/wp\/v2\/types\/post"}],"author":[{"embeddable":true,"href":"https:\/\/www.caririemacao.com\/1\/wp-json\/wp\/v2\/users\/6"}],"replies":[{"embeddable":true,"href":"https:\/\/www.caririemacao.com\/1\/wp-json\/wp\/v2\/comments?post=320781"}],"version-history":[{"count":1,"href":"https:\/\/www.caririemacao.com\/1\/wp-json\/wp\/v2\/posts\/320781\/revisions"}],"predecessor-version":[{"id":320787,"href":"https:\/\/www.caririemacao.com\/1\/wp-json\/wp\/v2\/posts\/320781\/revisions\/320787"}],"wp:featuredmedia":[{"embeddable":true,"href":"https:\/\/www.caririemacao.com\/1\/wp-json\/wp\/v2\/media\/320786"}],"wp:attachment":[{"href":"https:\/\/www.caririemacao.com\/1\/wp-json\/wp\/v2\/media?parent=320781"}],"wp:term":[{"taxonomy":"category","embeddable":true,"href":"https:\/\/www.caririemacao.com\/1\/wp-json\/wp\/v2\/categories?post=320781"},{"taxonomy":"post_tag","embeddable":true,"href":"https:\/\/www.caririemacao.com\/1\/wp-json\/wp\/v2\/tags?post=320781"}],"curies":[{"name":"wp","href":"https:\/\/api.w.org\/{rel}","templated":true}]}}