{"id":320785,"date":"2026-08-28T12:09:02","date_gmt":"2026-08-28T15:09:02","guid":{"rendered":"https:\/\/www.caririemacao.com\/1\/?p=320785"},"modified":"2026-08-28T12:09:02","modified_gmt":"2026-08-28T15:09:02","slug":"apos-11-anos-rodolfo-silva-encerra-ciclo-na-radio-cidade-sume","status":"publish","type":"post","link":"https:\/\/www.caririemacao.com\/1\/2026\/08\/28\/apos-11-anos-rodolfo-silva-encerra-ciclo-na-radio-cidade-sume\/","title":{"rendered":"Ap\u00f3s 11 anos, Rodolfo Silva encerra ciclo na R\u00e1dio Cidade Sum\u00e9"},"content":{"rendered":"<p>O radialista e comunicador Rodolfo Silva encerra nesta sexta-feira, 28 de agosto, sua trajet\u00f3ria profissional na R\u00e1dio Cidade Sum\u00e9, ap\u00f3s 11 anos de atua\u00e7\u00e3o na emissora.<\/p>\n<p>A decis\u00e3o de deixar a r\u00e1dio foi tomada pelo pr\u00f3prio profissional, de forma consciente e planejada, para dedicar mais tempo aos seus projetos, especialmente ao Portal Not\u00edcias em Destaque.<\/p>\n<p>Durante os 11 anos na emissora, Rodolfo acumulou experi\u00eancias importantes para sua forma\u00e7\u00e3o profissional e participou da cobertura de diversos acontecimentos de Sum\u00e9 e do Cariri paraibano.<\/p>\n<p>Em sua despedida, o comunicador agradeceu ao diretor-geral Beto Batinga, \u00e0 diretora operacional Jacquelline Oliveira, aos companheiros de trabalho, ouvintes, parceiros e entrevistados que fizeram parte dessa trajet\u00f3ria. Tamb\u00e9m destacou o apoio da fam\u00edlia e agradeceu a Deus pelas oportunidades.<\/p>\n<p>Com o encerramento desse ciclo, Rodolfo Silva passa a concentrar ainda mais seus esfor\u00e7os no Portal Not\u00edcias em Destaque, dando continuidade ao trabalho de comunica\u00e7\u00e3o e informa\u00e7\u00e3o na regi\u00e3o.<\/p>\n","protected":false},"excerpt":{"rendered":"<p>O radialista e comunicador Rodolfo Silva encerra nesta sexta-feira, 28 de agosto, sua trajet\u00f3ria profissional na R\u00e1dio Cidade Sum\u00e9, ap\u00f3s 11 anos de atua\u00e7\u00e3o na emissora. A decis\u00e3o de deixar a r\u00e1dio foi tomada pelo pr\u00f3prio profissional, de forma consciente e planejada, para dedicar mais tempo aos seus projetos, especialmente ao Portal Not\u00edcias em Destaque. Durante os 11 anos na emissora, Rodolfo acumulou experi\u00eancias importantes para sua forma\u00e7\u00e3o profissional e participou da cobertura de diversos acontecimentos de Sum\u00e9 e do Cariri paraibano. Em sua despedida, o comunicador agradeceu ao diretor-geral Beto Batinga, \u00e0 diretora operacional Jacquelline Oliveira, aos companheiros de trabalho, ouvintes, parceiros e entrevistados que fizeram parte dessa trajet\u00f3ria. Tamb\u00e9m destacou o apoio da fam\u00edlia e agradeceu a Deus pelas oportunidades. Com o encerramento desse ciclo, Rodolfo Silva passa a concentrar ainda mais seus esfor\u00e7os no Portal Not\u00edcias em Destaque, dando continuidade ao trabalho de comunica\u00e7\u00e3o e informa\u00e7\u00e3o na regi\u00e3o.<\/p>\n","protected":false},"author":6,"featured_media":320788,"comment_status":"closed","ping_status":"closed","sticky":false,"template":"","format":"standard","meta":{"sfsi_plus_gutenberg_text_before_share":"","sfsi_plus_gutenberg_show_text_before_share":"","sfsi_plus_gutenberg_icon_type":"","sfsi_plus_gutenberg_icon_alignemt":"","sfsi_plus_gutenburg_max_per_row":"","footnotes":""},"categories":[2],"tags":[],"class_list":["post-320785","post","type-post","status-publish","format-standard","has-post-thumbnail","hentry","category-geral"],"_links":{"self":[{"href":"https:\/\/www.caririemacao.com\/1\/wp-json\/wp\/v2\/posts\/320785","targetHints":{"allow":["GET"]}}],"collection":[{"href":"https:\/\/www.caririemacao.com\/1\/wp-json\/wp\/v2\/posts"}],"about":[{"href":"https:\/\/www.caririemacao.com\/1\/wp-json\/wp\/v2\/types\/post"}],"author":[{"embeddable":true,"href":"https:\/\/www.caririemacao.com\/1\/wp-json\/wp\/v2\/users\/6"}],"replies":[{"embeddable":true,"href":"https:\/\/www.caririemacao.com\/1\/wp-json\/wp\/v2\/comments?post=320785"}],"version-history":[{"count":1,"href":"https:\/\/www.caririemacao.com\/1\/wp-json\/wp\/v2\/posts\/320785\/revisions"}],"predecessor-version":[{"id":320789,"href":"https:\/\/www.caririemacao.com\/1\/wp-json\/wp\/v2\/posts\/320785\/revisions\/320789"}],"wp:featuredmedia":[{"embeddable":true,"href":"https:\/\/www.caririemacao.com\/1\/wp-json\/wp\/v2\/media\/320788"}],"wp:attachment":[{"href":"https:\/\/www.caririemacao.com\/1\/wp-json\/wp\/v2\/media?parent=320785"}],"wp:term":[{"taxonomy":"category","embeddable":true,"href":"https:\/\/www.caririemacao.com\/1\/wp-json\/wp\/v2\/categories?post=320785"},{"taxonomy":"post_tag","embeddable":true,"href":"https:\/\/www.caririemacao.com\/1\/wp-json\/wp\/v2\/tags?post=320785"}],"curies":[{"name":"wp","href":"https:\/\/api.w.org\/{rel}","templated":true}]}}