{"id":320793,"date":"2026-08-28T12:14:28","date_gmt":"2026-08-28T15:14:28","guid":{"rendered":"https:\/\/www.caririemacao.com\/1\/?p=320793"},"modified":"2026-08-28T12:14:28","modified_gmt":"2026-08-28T15:14:28","slug":"justica-eleitoral-autoriza-candidatura-de-lucas-ribeiro-para-governar-a-paraiba","status":"publish","type":"post","link":"https:\/\/www.caririemacao.com\/1\/2026\/08\/28\/justica-eleitoral-autoriza-candidatura-de-lucas-ribeiro-para-governar-a-paraiba\/","title":{"rendered":"Justi\u00e7a Eleitoral autoriza candidatura de Lucas Ribeiro para governar a Para\u00edba"},"content":{"rendered":"<p>A Justi\u00e7a Eleitoral confirmou, nesta sexta-feira (28), a aprova\u00e7\u00e3o da candidatura de Lucas Ribeiro (Progressistas) para ocupar o cargo de governo na Para\u00edba. A decis\u00e3o foi registrada pelo sistema Divulga\u00e7\u00e3o de Candidaturas e Contas Eleitorais, plataforma do Tribunal Superior Eleitoral que disponibiliza informa\u00e7\u00f5es sobre todos os aspirantes \u00e0 candidatura.<\/p>\n<p>Na mesma ocasi\u00e3o, a candidatura da vice de sua chapa, L\u00edgia Feliciano (Uni\u00e3o Brasil), tamb\u00e9m foi deferida pela autoridade eleitoral.<\/p>\n<p>Al\u00e9m dessas duas nomea\u00e7\u00f5es, outros candidatos tamb\u00e9m passaram por deferimento: Efraim Filho (PL) e Yuri Ezequiel (UP) tiveram suas candidaturas aceitas pela Justi\u00e7a Eleitoral.<\/p>\n<p>Quanto aos demais, aguarda-se o julgamento das propostas de Camilo Duarte (PCO), C\u00edcero Lucena (MDB) e Pedro Coutinho (DC).<\/p>\n<p>&#8212;<\/p>\n<p><em>Fonte: Portal Correio<\/em><\/p>\n","protected":false},"excerpt":{"rendered":"<p>A Justi\u00e7a Eleitoral deferiu, na manh\u00e3 desta sexta-feira (28), a candidatura de Lucas Ribeiro (Progressistas) ao governo da Para\u00edba. O deferimento foi confirmado atrav\u00e9s do site Divulga\u00e7\u00e3o de Candidaturas e Contas Eleitorais, sistema do Tribunal Superior Eleitoral (TSE) que traz informa\u00e7\u00f5es sobre os candidatos. Vice na chapa com Lucas Ribeiro, L\u00edgia Feliciano (Uni\u00e3o Brasil) tamb\u00e9m [\u2026]<\/p>\n","protected":false},"author":0,"featured_media":320794,"comment_status":"closed","ping_status":"closed","sticky":false,"template":"","format":"standard","meta":{"sfsi_plus_gutenberg_text_before_share":"","sfsi_plus_gutenberg_show_text_before_share":"","sfsi_plus_gutenberg_icon_type":"","sfsi_plus_gutenberg_icon_alignemt":"","sfsi_plus_gutenburg_max_per_row":"","footnotes":""},"categories":[104],"tags":[],"class_list":["post-320793","post","type-post","status-publish","format-standard","has-post-thumbnail","hentry","category-paraiba"],"_links":{"self":[{"href":"https:\/\/www.caririemacao.com\/1\/wp-json\/wp\/v2\/posts\/320793","targetHints":{"allow":["GET"]}}],"collection":[{"href":"https:\/\/www.caririemacao.com\/1\/wp-json\/wp\/v2\/posts"}],"about":[{"href":"https:\/\/www.caririemacao.com\/1\/wp-json\/wp\/v2\/types\/post"}],"replies":[{"embeddable":true,"href":"https:\/\/www.caririemacao.com\/1\/wp-json\/wp\/v2\/comments?post=320793"}],"version-history":[{"count":1,"href":"https:\/\/www.caririemacao.com\/1\/wp-json\/wp\/v2\/posts\/320793\/revisions"}],"predecessor-version":[{"id":320795,"href":"https:\/\/www.caririemacao.com\/1\/wp-json\/wp\/v2\/posts\/320793\/revisions\/320795"}],"wp:featuredmedia":[{"embeddable":true,"href":"https:\/\/www.caririemacao.com\/1\/wp-json\/wp\/v2\/media\/320794"}],"wp:attachment":[{"href":"https:\/\/www.caririemacao.com\/1\/wp-json\/wp\/v2\/media?parent=320793"}],"wp:term":[{"taxonomy":"category","embeddable":true,"href":"https:\/\/www.caririemacao.com\/1\/wp-json\/wp\/v2\/categories?post=320793"},{"taxonomy":"post_tag","embeddable":true,"href":"https:\/\/www.caririemacao.com\/1\/wp-json\/wp\/v2\/tags?post=320793"}],"curies":[{"name":"wp","href":"https:\/\/api.w.org\/{rel}","templated":true}]}}