{"id":320799,"date":"2026-08-28T13:14:41","date_gmt":"2026-08-28T16:14:41","guid":{"rendered":"https:\/\/www.caririemacao.com\/1\/?p=320799"},"modified":"2026-08-28T17:55:48","modified_gmt":"2026-08-28T20:55:48","slug":"pe-de-meia-nascidos-em-setembro-e-outubro-recebem-parcela-de-r-200","status":"publish","type":"post","link":"https:\/\/www.caririemacao.com\/1\/2026\/08\/28\/pe-de-meia-nascidos-em-setembro-e-outubro-recebem-parcela-de-r-200\/","title":{"rendered":"P\u00e9-de-Meia: nascidos em setembro e outubro recebem parcela de R$ 200"},"content":{"rendered":"<p>Os benefici\u00e1rios do programa P\u00e9-de-Meia de 2026 que nasceram em setembro e outubro recebem nesta sexta-feira (28) mais uma parcela do incentivo \u00e0 frequ\u00eancia escolar.\u00a0Para os estudantes do ensino m\u00e9dio regular, \u00e9 a quinta parcela.<\/p>\n<p>Os estudantes do ensino m\u00e9dio da educa\u00e7\u00e3o de jovens e adultos\u00a0(EJA)\u00a0que s\u00e3o benefici\u00e1rios do programa\u00a0tamb\u00e9m ter\u00e3o depositada a\u00a0parcela pela\u00a0aprova\u00e7\u00e3o de ciclos de forma\u00e7\u00e3o e\u00a0conclus\u00e3o desta etapa final da educa\u00e7\u00e3o b\u00e1sica.<\/p>\n<p>Nas duas situa\u00e7\u00f5es, \u00e9 preciso atingir, pelo menos, 80% de frequ\u00eancia nas aulas.<\/p>\n<p>Na modalidade da EJA, os pagamentos do incentivo ocorrem\u00a0de forma diferenciada da dos estudantes do ensino m\u00e9dio regular.\u00a0<\/p>\n<p>Enquanto no ensino m\u00e9dio EJA, o estudante recebe at\u00e9 quatro parcelas do incentivo frequ\u00eancia no valor de R$ 225 cada, totalizando\u00a0at\u00e9\u00a0oito parcelas\u00a0de frequ\u00eancia\u00a0por ano; no ensino m\u00e9dio regular, os estudantes recebem at\u00e9 nove parcelas\u00a0de\u00a0frequ\u00eancia por ano, cada uma delas no valor de R$ 200.<\/p>\n<p>O P\u00e9-de-Meia funciona como uma poupan\u00e7a para incentivar a perman\u00eancia de jovens nos estudos at\u00e9 a conclus\u00e3o do ensino m\u00e9dio.<\/p>\n<h2>Calend\u00e1rio de pagamentos<\/h2>\n<p>De acordo com o\u00a0calend\u00e1rio de pagamentos do P\u00e9-de-Meia de 2026, tamb\u00e9m chamado de Poupan\u00e7a do Ensino M\u00e9dio, a parcela ser\u00e1 depositada conforme o m\u00eas de nascimento dos estudantes de 14 a 24 anos, que cumprem os requisitos do P\u00e9-de-Meia.<\/p>\n<h2>Confira o calend\u00e1rio de pagamentos que seguem at\u00e9 31 de agosto:<\/h2>\n<p>\u00b7 nascidos em janeiro e fevereiro: receberam em 24 de agosto;<\/p>\n<p>\u00b7 nascidos em mar\u00e7o e abril: receberam em 25 de agosto;<\/p>\n<p>\u00b7 nascidos em maio e junho: receberam em 26 de agosto;<\/p>\n<p>\u00b7 nascidos em julho e agosto: receberam em 27 de agosto;<\/p>\n<p>\u00b7 nascidos em setembro e outubro: recebem em 28 de agosto;<\/p>\n<p>\u00b7 nascidos em novembro e dezembro: receber\u00e3o em 31 de agosto.<\/p>\n<p>Neste per\u00edodo, tamb\u00e9m poder\u00e3o ser liberadas para os estudantes uma ou mais parcelas de matr\u00edcula\u00a0de\u00a02026 e do incentivo-frequ\u00eancia de meses anteriores, caso as redes de ensino corrijam dados que impediam o recebimento dessas.<\/p>\n<h2>Quem tem direito<\/h2>\n<p>A participa\u00e7\u00e3o no P\u00e9-de-Meia ocorre de forma autom\u00e1tica para os estudantes que cumprem os requisitos estabelecidos. Entre eles, estar matriculado na rede p\u00fablica de educa\u00e7\u00e3o e com inscri\u00e7\u00f5es ativas no Cadastro \u00danico de Programas Sociais do governo federal (Cad\u00danico).<\/p>\n<p>Em 2026, \u00e9 preciso que as fam\u00edlias dos estudantes tenham cadastro ativo no\u202fCad\u00danico at\u00e9 a data-base de 7 de agosto de 2026. A atualiza\u00e7\u00e3o do\u202fCad\u00danico\u202ftem validade de 24 meses.\u202f O Minist\u00e9rio da Educa\u00e7\u00e3o (MEC) \u00e9 o respons\u00e1vel por verificar se o jovem pode participar do programa federal a partir dos dados do Cad\u00danico.<\/p>\n<p>Tamb\u00e9m \u00e9 preciso que a renda familiar seja de at\u00e9 meio sal\u00e1rio m\u00ednimo por pessoa.<\/p>\n<p>Al\u00e9m disso,\u00a0os alunos precisam ter entre 14 e 24 anos no ensino m\u00e9dio regular ou\u202fentre\u202f19 e 24 anos na educa\u00e7\u00e3o de jovens e adultos (EJA).<\/p>\n<p>O estudante deve ter o n\u00famero do Cadastro de Pessoa F\u00edsica (CPF) regular e manter frequ\u00eancia em pelo menos 80% nas aulas.\u202f\u202f\u202f<\/p>\n<p>Os beneficiados pela iniciativa federal podem consultar os dados sobre os pagamentos na\u00a0p\u00e1gina eletr\u00f4nica dedicada ao estudante\u00a0 dentro do\u00a0<em>site<\/em>\u00a0do programa P\u00e9-de-Meia. \u00c9 necess\u00e1rio fazer com\u00a0<em>login<\/em>\u00a0na conta da plataforma Gov.br<\/p>\n<h2>P\u00e9-de-Meia<\/h2>\n<p>O Minist\u00e9rio da Educa\u00e7\u00e3o estima que, desde 2024, o programa alcan\u00e7ou 6 milh\u00f5es de estudantes em todo o Brasil.<\/p>\n<p>Considerando todas as parcelas de incentivo, os dep\u00f3sitos anuais e o adicional de R$ 200 pela participa\u00e7\u00e3o no Exame Nacional do Ensino M\u00e9dio (Enem), os valores do P\u00e9-de-Meia podem chegar a R$ 9,2 mil por aluno.<\/p>\n<p>O estudante pode consultar os\u00a0<em>status\u00a0<\/em>de pagamentos (rejeitados ou aprovados), informa\u00e7\u00f5es escolares e regras do programa na p\u00e1gina eletr\u00f4nica do P\u00e9-de-Meia, com\u00a0<em>login<\/em>\u00a0da plataforma digital Gov.br. \u00c9 preciso digitar a senha da conta do estudante.<\/p>\n<h2>D\u00favidas<\/h2>\n<p>\u202fEstudantes, respons\u00e1veis e gestores escolares podem tirar d\u00favidas sobre o programa por meio do\u00a0<em>link\u00a0<\/em>do P\u00e9-de-Meia de Perguntas Frequentes, que re\u00fane orienta\u00e7\u00f5es detalhadas sobre o funcionamento do programa, incluindo crit\u00e9rios para participar, formas de consultar o benef\u00edcio, calend\u00e1rio de pagamentos, perguntas frequentes e passo a passo sobre a libera\u00e7\u00e3o de movimenta\u00e7\u00e3o da conta para menores de idade.<\/p>\n<p>Se precisar de ajuda, o estudante ainda conta com outros canais de atendimento, como o Fale Conosco do MEC, no telefone 0800-616161. A liga\u00e7\u00e3o \u00e9 gratuita.<\/p>\n<p><strong><a href=\"https:\/\/whatsapp.com\/channel\/0029VaM11seEFeXpuU94Sz2i\" target=\"_blank\" rel=\"noopener\"><\/a><\/strong><\/p>\n<p><em>Fonte: Portal Correio<\/em><\/p>\n","protected":false},"excerpt":{"rendered":"<p>Os benefici\u00e1rios do programa P\u00e9-de-Meia de 2026 que nasceram em setembro e outubro recebem nesta sexta-feira (28) mais uma parcela do incentivo \u00e0 frequ\u00eancia escolar. Para os estudantes do ensino m\u00e9dio regular, \u00e9 a quinta parcela. Os estudantes do ensino m\u00e9dio da educa\u00e7\u00e3o de jovens e adultos (EJA) que s\u00e3o benefici\u00e1rios do programa tamb\u00e9m ter\u00e3o depositada a parcela pela aprova\u00e7\u00e3o de [\u2026]<\/p>\n","protected":false},"author":6,"featured_media":320800,"comment_status":"closed","ping_status":"closed","sticky":false,"template":"","format":"standard","meta":{"sfsi_plus_gutenberg_text_before_share":"","sfsi_plus_gutenberg_show_text_before_share":"","sfsi_plus_gutenberg_icon_type":"","sfsi_plus_gutenberg_icon_alignemt":"","sfsi_plus_gutenburg_max_per_row":"","footnotes":""},"categories":[14],"tags":[],"class_list":["post-320799","post","type-post","status-publish","format-standard","has-post-thumbnail","hentry","category-educacao"],"_links":{"self":[{"href":"https:\/\/www.caririemacao.com\/1\/wp-json\/wp\/v2\/posts\/320799","targetHints":{"allow":["GET"]}}],"collection":[{"href":"https:\/\/www.caririemacao.com\/1\/wp-json\/wp\/v2\/posts"}],"about":[{"href":"https:\/\/www.caririemacao.com\/1\/wp-json\/wp\/v2\/types\/post"}],"author":[{"embeddable":true,"href":"https:\/\/www.caririemacao.com\/1\/wp-json\/wp\/v2\/users\/6"}],"replies":[{"embeddable":true,"href":"https:\/\/www.caririemacao.com\/1\/wp-json\/wp\/v2\/comments?post=320799"}],"version-history":[{"count":1,"href":"https:\/\/www.caririemacao.com\/1\/wp-json\/wp\/v2\/posts\/320799\/revisions"}],"predecessor-version":[{"id":320801,"href":"https:\/\/www.caririemacao.com\/1\/wp-json\/wp\/v2\/posts\/320799\/revisions\/320801"}],"wp:featuredmedia":[{"embeddable":true,"href":"https:\/\/www.caririemacao.com\/1\/wp-json\/wp\/v2\/media\/320800"}],"wp:attachment":[{"href":"https:\/\/www.caririemacao.com\/1\/wp-json\/wp\/v2\/media?parent=320799"}],"wp:term":[{"taxonomy":"category","embeddable":true,"href":"https:\/\/www.caririemacao.com\/1\/wp-json\/wp\/v2\/categories?post=320799"},{"taxonomy":"post_tag","embeddable":true,"href":"https:\/\/www.caririemacao.com\/1\/wp-json\/wp\/v2\/tags?post=320799"}],"curies":[{"name":"wp","href":"https:\/\/api.w.org\/{rel}","templated":true}]}}