{"id":320802,"date":"2026-08-28T14:14:45","date_gmt":"2026-08-28T17:14:45","guid":{"rendered":"https:\/\/www.caririemacao.com\/1\/?p=320802"},"modified":"2026-08-28T14:14:45","modified_gmt":"2026-08-28T17:14:45","slug":"aroeiras-convoca-25-profissionais-apos-concurso-publico-com-99-vagas-disponiveis","status":"publish","type":"post","link":"https:\/\/www.caririemacao.com\/1\/2026\/08\/28\/aroeiras-convoca-25-profissionais-apos-concurso-publico-com-99-vagas-disponiveis\/","title":{"rendered":"Aroeiras convoca 25 profissionais ap\u00f3s concurso p\u00fablico com 99 vagas dispon\u00edveis"},"content":{"rendered":"<p>Uma imagem ilustrativa acompanha um candidato realizando a prova do concurso p\u00fablico realizado pela Prefeitura de Aroeiras, no Agreste paraibano. A administra\u00e7\u00e3o municipal anunciou a convoca\u00e7\u00e3o de 25 pessoas selecionadas no processo seletivo, cujo edital previa a abertura de 99 oportunidades de emprego.<\/p>\n<p><p>A competi\u00e7\u00e3o abrange diversas \u00e1reas, incluindo Assistente Social, Analista de Comunica\u00e7\u00e3o Social, Auxiliar de Servi\u00e7os Gerais, Endodontista, Fonoaudi\u00f3logo, Motorista e T\u00e9cnico de Laborat\u00f3rio, al\u00e9m de auxiliar de servi\u00e7os gerais focado em limpeza urbana, motorista de transporte escolar e professor de ensino fundamental II nas disciplinas de geografia e \u00e9tica.<\/p>\n<p><p>Os convocados ter\u00e3o a oportunidade de comparecer entre os dias 31 de agosto e 11 de setembro de 2026, hor\u00e1rios de 8h \u00e0s 12h, na Secretaria de Administra\u00e7\u00e3o e Finan\u00e7as da Prefeitura de Aroeiras. Quem for aprovado dever\u00e1 entregar toda a documenta\u00e7\u00e3o solicitada no edital, mantendo tamb\u00e9m as vias originais necess\u00e1rias para a confer\u00eancia dos documentos.<\/p>\n<p><em>Fonte: G1 Para\u00edba<\/em><\/p>\n","protected":false},"excerpt":{"rendered":"<p>Imagem ilustrativa mostra candidato preenchendo prova de concurso p\u00fablico Divulga\u00e7\u00e3o A Prefeitura de Aroeiras, no Agreste da Para\u00edba, convocou nesta sexta-feira (28) 25 candidatos aprovados no concurso p\u00fablico municipal. Ao todo, o certame disponibilizou 99 vagas. A lista de convocados foi divulgada no Di\u00e1rio Oficial do Estado (DOE). A convoca\u00e7\u00e3o contempla candidatos classificados para cargos de diferentes \u00e1reas, entre eles Assistente Social, Analista de Comunica\u00e7\u00e3o Social, Auxiliar de Servi\u00e7os Gerais, Endodontista, Fonoaudi\u00f3logo, Motorista e T\u00e9cnico de Laborat\u00f3rio, Auxiliar de Servi\u00e7os Gerais \u2013 Limpeza Urbana, Motorista de Transporte Escolar e Professor de Ensino Fundamental II \u2013 Geografia e \u00c9tica. Os candidatos convocados devem comparecer entre os dias 31 de agosto e 11 de setembro de 2026, das 8h \u00e0s 12h, na Secretaria de Administra\u00e7\u00e3o e Finan\u00e7as da Prefeitura de Aroeiras. Os aprovados dever\u00e3o apresentar a documenta\u00e7\u00e3o exigida no edital, juntamente com as vias originais para confer\u00eancia. Agora no g1 V\u00eddeos mais assistidos do g1 Para\u00edba<\/p>\n","protected":false},"author":0,"featured_media":320803,"comment_status":"closed","ping_status":"closed","sticky":false,"template":"","format":"standard","meta":{"sfsi_plus_gutenberg_text_before_share":"","sfsi_plus_gutenberg_show_text_before_share":"","sfsi_plus_gutenberg_icon_type":"","sfsi_plus_gutenberg_icon_alignemt":"","sfsi_plus_gutenburg_max_per_row":"","footnotes":""},"categories":[104],"tags":[],"class_list":["post-320802","post","type-post","status-publish","format-standard","has-post-thumbnail","hentry","category-paraiba"],"_links":{"self":[{"href":"https:\/\/www.caririemacao.com\/1\/wp-json\/wp\/v2\/posts\/320802","targetHints":{"allow":["GET"]}}],"collection":[{"href":"https:\/\/www.caririemacao.com\/1\/wp-json\/wp\/v2\/posts"}],"about":[{"href":"https:\/\/www.caririemacao.com\/1\/wp-json\/wp\/v2\/types\/post"}],"replies":[{"embeddable":true,"href":"https:\/\/www.caririemacao.com\/1\/wp-json\/wp\/v2\/comments?post=320802"}],"version-history":[{"count":1,"href":"https:\/\/www.caririemacao.com\/1\/wp-json\/wp\/v2\/posts\/320802\/revisions"}],"predecessor-version":[{"id":320804,"href":"https:\/\/www.caririemacao.com\/1\/wp-json\/wp\/v2\/posts\/320802\/revisions\/320804"}],"wp:featuredmedia":[{"embeddable":true,"href":"https:\/\/www.caririemacao.com\/1\/wp-json\/wp\/v2\/media\/320803"}],"wp:attachment":[{"href":"https:\/\/www.caririemacao.com\/1\/wp-json\/wp\/v2\/media?parent=320802"}],"wp:term":[{"taxonomy":"category","embeddable":true,"href":"https:\/\/www.caririemacao.com\/1\/wp-json\/wp\/v2\/categories?post=320802"},{"taxonomy":"post_tag","embeddable":true,"href":"https:\/\/www.caririemacao.com\/1\/wp-json\/wp\/v2\/tags?post=320802"}],"curies":[{"name":"wp","href":"https:\/\/api.w.org\/{rel}","templated":true}]}}