{"id":320805,"date":"2026-08-28T14:14:52","date_gmt":"2026-08-28T17:14:52","guid":{"rendered":"https:\/\/www.caririemacao.com\/1\/?p=320805"},"modified":"2026-08-28T17:55:25","modified_gmt":"2026-08-28T20:55:25","slug":"laudo-sobre-incendio-no-centro-comercial-de-passagem-previsto-para-divulgacao-em-ate-trinta-dias","status":"publish","type":"post","link":"https:\/\/www.caririemacao.com\/1\/2026\/08\/28\/laudo-sobre-incendio-no-centro-comercial-de-passagem-previsto-para-divulgacao-em-ate-trinta-dias\/","title":{"rendered":"Laudo sobre inc\u00eandio no Centro Comercial de Passagem previsto para divulga\u00e7\u00e3o em at\u00e9 trinta dias"},"content":{"rendered":"<p>O relat\u00f3rio que dever\u00e1 apontar as poss\u00edveis causas do inc\u00eandio ocorrido no Centro Comercial de Passagem, na quinta-feira (27), no Centro de Jo\u00e3o Pessoa, tem seu lan\u00e7amento programado para dentro de trinta dias. Uma investiga\u00e7\u00e3o t\u00e9cnica foi conduzida no local nesta sexta-feira (28) com o objetivo de determinar o que pode ter desencadeado as chamas.<\/p>\n<p>Segundo o Copo de Bombeiros, a identifica\u00e7\u00e3o da origem do inc\u00eandio s\u00f3 ser\u00e1 poss\u00edvel ap\u00f3s a conclus\u00e3o do documento. Ap\u00f3s a per\u00edcia, o local foi entregue \u00e0s responsabilidades da Secretaria de Desenvolvimento Urbano (Sedurb) de Jo\u00e3o Pessoa.<\/p>\n<p>Grava\u00e7\u00f5es obtidas pelo Portal Correio mostram o momento em que as chamas atingem as lojas e destroem parte do teto do estabelecimento. As imagens tamb\u00e9m registram a agita\u00e7\u00e3o entre os comerciantes, que tentavam retirar e salvar as mercadorias.<\/p>\n<p>Durante o ocorrido, algumas pessoas precisaram de atendimento do Servi\u00e7o de Atendimento M\u00f3vel de Urg\u00eancia (Samu) ap\u00f3s apresentar sintomas graves devido \u00e0 inala\u00e7\u00e3o de fuma\u00e7a.<\/p>\n<p><a href=\"https:\/\/whatsapp.com\/channel\/0029VaM11seEFeXpuU94Sz2i\" target=\"_blank\" rel=\"noopener\"><\/a><\/p>\n<p><em>Fonte: Portal Correio<\/em><\/p>\n","protected":false},"excerpt":{"rendered":"<p>O laudo que deve apontar as poss\u00edveis causas do inc\u00eandio que atingiu o Centro Comercial de Passagem, nessa quinta-feira (27), no Centro de Jo\u00e3o Pessoa, deve ser divulgado em at\u00e9 30 dias. Uma per\u00edcia foi realizada no local nesta sexta-feira (28) para identificar o que pode ter iniciado as chamas. De acordo com o Copo [\u2026]<\/p>\n","protected":false},"author":6,"featured_media":320806,"comment_status":"closed","ping_status":"closed","sticky":false,"template":"","format":"standard","meta":{"sfsi_plus_gutenberg_text_before_share":"","sfsi_plus_gutenberg_show_text_before_share":"","sfsi_plus_gutenberg_icon_type":"","sfsi_plus_gutenberg_icon_alignemt":"","sfsi_plus_gutenburg_max_per_row":"","footnotes":""},"categories":[104],"tags":[],"class_list":["post-320805","post","type-post","status-publish","format-standard","has-post-thumbnail","hentry","category-paraiba"],"_links":{"self":[{"href":"https:\/\/www.caririemacao.com\/1\/wp-json\/wp\/v2\/posts\/320805","targetHints":{"allow":["GET"]}}],"collection":[{"href":"https:\/\/www.caririemacao.com\/1\/wp-json\/wp\/v2\/posts"}],"about":[{"href":"https:\/\/www.caririemacao.com\/1\/wp-json\/wp\/v2\/types\/post"}],"author":[{"embeddable":true,"href":"https:\/\/www.caririemacao.com\/1\/wp-json\/wp\/v2\/users\/6"}],"replies":[{"embeddable":true,"href":"https:\/\/www.caririemacao.com\/1\/wp-json\/wp\/v2\/comments?post=320805"}],"version-history":[{"count":1,"href":"https:\/\/www.caririemacao.com\/1\/wp-json\/wp\/v2\/posts\/320805\/revisions"}],"predecessor-version":[{"id":320807,"href":"https:\/\/www.caririemacao.com\/1\/wp-json\/wp\/v2\/posts\/320805\/revisions\/320807"}],"wp:featuredmedia":[{"embeddable":true,"href":"https:\/\/www.caririemacao.com\/1\/wp-json\/wp\/v2\/media\/320806"}],"wp:attachment":[{"href":"https:\/\/www.caririemacao.com\/1\/wp-json\/wp\/v2\/media?parent=320805"}],"wp:term":[{"taxonomy":"category","embeddable":true,"href":"https:\/\/www.caririemacao.com\/1\/wp-json\/wp\/v2\/categories?post=320805"},{"taxonomy":"post_tag","embeddable":true,"href":"https:\/\/www.caririemacao.com\/1\/wp-json\/wp\/v2\/tags?post=320805"}],"curies":[{"name":"wp","href":"https:\/\/api.w.org\/{rel}","templated":true}]}}