{"id":320808,"date":"2026-08-28T15:14:44","date_gmt":"2026-08-28T18:14:44","guid":{"rendered":"https:\/\/www.caririemacao.com\/1\/?p=320808"},"modified":"2026-08-28T17:57:22","modified_gmt":"2026-08-28T20:57:22","slug":"romaria-da-penha-2026-tem-programacao-oficial-divulgada-nesta-sexta-28-em-joao-pessoa","status":"publish","type":"post","link":"https:\/\/www.caririemacao.com\/1\/2026\/08\/28\/romaria-da-penha-2026-tem-programacao-oficial-divulgada-nesta-sexta-28-em-joao-pessoa\/","title":{"rendered":"Romaria da Penha 2026 tem programa\u00e7\u00e3o oficial divulgada nesta sexta (28) em Jo\u00e3o Pessoa"},"content":{"rendered":"<p>Romaria da Penha atrai milhares de fi\u00e9is em Jo\u00e3o Pessoa (Foto: Luiz Vaz\/Secom-JP)<\/p>\n<p>A programa\u00e7\u00e3o da Romaria da Penha 2026 foi divulgada nesta sexta-feira (28), em Jo\u00e3o Pessoa. A edi\u00e7\u00e3o deste ano ter\u00e1 como tema \u201cNossa Senhora da Penha acolhe o clamor dos que vivem sem moradia digna\u201d, al\u00e9m de uma nova identidade visual. <\/p>\n<p>O in\u00edcio est\u00e1 marcado para o dia 15 de novembro com a realiza\u00e7\u00e3o de uma corrida tem\u00e1tica, em seguida no dia 21 de novembro com a Romaria dos Romeirinhos, que partir\u00e1 da Igreja Matriz de S\u00e3o Francisco, no bairro de Mangabeira, rumo ao Santu\u00e1rio.<\/p>\n<p>No dia 29 de novembro acontecer\u00e1 a prociss\u00e3o noturna onde os fi\u00e9s percorrer\u00e3o o trajeto tradicional de 14 quil\u00f4metros, acompanhados por 12 trios el\u00e9tricos ao longo de cinco a sete horas de caminhada. <\/p>\n<p>Em 2026, a Romaria prop\u00f5e uma reflex\u00e3o sobre a realidade de pessoas que vivem sem acesso a uma moradia digna. A proposta \u00e9 refor\u00e7ar valores como solidariedade, fraternidade e cuidado com aqueles que mais necessitam.<\/p>\n<p><strong><a href=\"https:\/\/whatsapp.com\/channel\/0029VaM11seEFeXpuU94Sz2i\" target=\"_blank\" rel=\"noopener\"><\/a><\/strong><\/p>\n<p><em>Fonte: Portal Correio<\/em><\/p>\n","protected":false},"excerpt":{"rendered":"<p>A programa\u00e7\u00e3o da Romaria da Penha 2026 foi divulgada nesta sexta-feira (28), em Jo\u00e3o Pessoa. A edi\u00e7\u00e3o deste ano ter\u00e1 como tema \u201cNossa Senhora da Penha acolhe o clamor dos que vivem sem moradia digna\u201d, al\u00e9m de uma nova identidade visual. O in\u00edcio est\u00e1 marcado para o dia 15 de novembro com a realiza\u00e7\u00e3o de [\u2026]<\/p>\n","protected":false},"author":6,"featured_media":320809,"comment_status":"closed","ping_status":"closed","sticky":false,"template":"","format":"standard","meta":{"sfsi_plus_gutenberg_text_before_share":"","sfsi_plus_gutenberg_show_text_before_share":"","sfsi_plus_gutenberg_icon_type":"","sfsi_plus_gutenberg_icon_alignemt":"","sfsi_plus_gutenburg_max_per_row":"","footnotes":""},"categories":[15],"tags":[],"class_list":["post-320808","post","type-post","status-publish","format-standard","has-post-thumbnail","hentry","category-cultura"],"_links":{"self":[{"href":"https:\/\/www.caririemacao.com\/1\/wp-json\/wp\/v2\/posts\/320808","targetHints":{"allow":["GET"]}}],"collection":[{"href":"https:\/\/www.caririemacao.com\/1\/wp-json\/wp\/v2\/posts"}],"about":[{"href":"https:\/\/www.caririemacao.com\/1\/wp-json\/wp\/v2\/types\/post"}],"author":[{"embeddable":true,"href":"https:\/\/www.caririemacao.com\/1\/wp-json\/wp\/v2\/users\/6"}],"replies":[{"embeddable":true,"href":"https:\/\/www.caririemacao.com\/1\/wp-json\/wp\/v2\/comments?post=320808"}],"version-history":[{"count":1,"href":"https:\/\/www.caririemacao.com\/1\/wp-json\/wp\/v2\/posts\/320808\/revisions"}],"predecessor-version":[{"id":320810,"href":"https:\/\/www.caririemacao.com\/1\/wp-json\/wp\/v2\/posts\/320808\/revisions\/320810"}],"wp:featuredmedia":[{"embeddable":true,"href":"https:\/\/www.caririemacao.com\/1\/wp-json\/wp\/v2\/media\/320809"}],"wp:attachment":[{"href":"https:\/\/www.caririemacao.com\/1\/wp-json\/wp\/v2\/media?parent=320808"}],"wp:term":[{"taxonomy":"category","embeddable":true,"href":"https:\/\/www.caririemacao.com\/1\/wp-json\/wp\/v2\/categories?post=320808"},{"taxonomy":"post_tag","embeddable":true,"href":"https:\/\/www.caririemacao.com\/1\/wp-json\/wp\/v2\/tags?post=320808"}],"curies":[{"name":"wp","href":"https:\/\/api.w.org\/{rel}","templated":true}]}}