{"id":320811,"date":"2026-08-28T16:14:51","date_gmt":"2026-08-28T19:14:51","guid":{"rendered":"https:\/\/www.caririemacao.com\/1\/?p=320811"},"modified":"2026-08-28T17:54:46","modified_gmt":"2026-08-28T20:54:46","slug":"no-primeiro-dia-de-campanha-na-tv-candidatos-ao-governo-da-pb-apostam-em-aliados-e-trajetorias-veja-como-foi","status":"publish","type":"post","link":"https:\/\/www.caririemacao.com\/1\/2026\/08\/28\/no-primeiro-dia-de-campanha-na-tv-candidatos-ao-governo-da-pb-apostam-em-aliados-e-trajetorias-veja-como-foi\/","title":{"rendered":"No primeiro dia de campanha na TV,  candidatos ao governo da PB apostam em aliados e trajet\u00f3rias; veja como foi"},"content":{"rendered":"<p>Lucas Ribeiro, C\u00edcero Lucena e Efraim Filho<br \/>\nArte\/g1<br \/>\nCome\u00e7ou nesta sexta-feira (28) a propaganda eleitoral gratuita dos candidatos ao governo da Para\u00edba, na TV e no r\u00e1dio. No priimeiro dia, os programas foram exibidos na seguinte ordem: Efraim Filho (PL), Lucas Ribeiro (PP) e C\u00edcero Lucena (MDB). Confira abaixo o que veiculou o guia eleitoral de cada candidato, na ordem de apari\u00e7\u00e3o na propaganda.<\/p>\n<p>A propaganda eleitoral gratuita ser\u00e1 exibida at\u00e9 1\u00ba de outubro, tr\u00eas dias antes do primeiro turno das elei\u00e7\u00f5es. O sorteio que definiu a ordem de veicula\u00e7\u00e3o e o tempo da propaganda eleitoral gratuita das Elei\u00e7\u00f5es 2026, aconteceu no dia 18 de agosto pela Justi\u00e7a Eleitoral da Para\u00edba. O candidato com maior tempo de propaganda \u00e9 Lucas Ribeiro (PP), com 4 minutos e 49 segundos.<\/p>\n<p>Em seguida vem C\u00edcero Lucena (MDB), com 2 minutos e 14 segundos e por fim, Efraim Filho (PL), com 1 minuto e 55 segundos. Na r\u00e1dio, o guia ser\u00e1 exibido das 7h16 \u00e0(PL) relembrou o momento em que foi eleito senador, usando imagens de diferentes canais de not\u00edcias. Em seguida, refor\u00e7ou seu interesse em propostas para a seguran\u00e7a p\u00fablica, a seguran\u00e7a h\u00eddrica e a \u00e1rea de impostos, mas sem detalhar.<\/p>\n<p>O candidato exibiu depoimentos de paraibanos sobre problemas em servi\u00e7os p\u00fablicos, como sa\u00fade, transporte e saneamento b\u00e1sico. Durante a propaganda, Efraim tamb\u00e9m mostrou imagens em que aparece ao lndidato a senador Jo\u00e3o Azev\u00eado (PSB). Ele relembrou o momento em que passou o governo para Lucas, ent\u00e3o vice-governador, \u00e0s v\u00e9speras do per\u00edodo eleitoral.<\/p>\n<p>Na sequ\u00eancia, Lucas Ribeiro destacou obras e projetos realizados durante a gest\u00e3o estadual. Entre eles, citou a constru\u00e7\u00e3o de novas vias, escolas, creches e hospitais. Em seguida, Jo\u00e3o Azev\u00eado voltou a aparecer na propaganda, em um trecho do discurso de posse de Lucas Ribeiro.<\/p>\n<p>Na fala, o ent\u00e3o governador destacou a uni\u00e3o entre os dois pol\u00edticos. Em outro momento, o guia destacou a forma\u00e7\u00e3o e a trajet\u00f3ruia de Lucas Ribeiro, que j\u00e1 foi vice-governador, vea servi\u00e7os p\u00fablicos de qualidade. Tamb\u00e9m citou propostas para a seguran\u00e7a h\u00eddrica, sa\u00fade, seguran\u00e7a p\u00fablica e gera\u00e7\u00e3o de empregos.<\/p>\n<p>Durante a propaganda, o candidato exibiu imagens de sua atua\u00e7\u00e3o como prefeito de Jo\u00e3o Pessoa. Tamb\u00e9m destacou um discurso de Diogo Cunha Lima (PSD), candidato a vice-governador em sua chapa. C\u00edcero encerrou a propaganda com um discurso feito durante o per\u00edodo pr\u00e9-eleitoral, no qual destacou sua trajet\u00f3ria.<\/p>\n<p>V\u00eddeos mais assistidos do g1 Para\u00edba<\/p>\n<p><em>Fonte: G1 Para\u00edba<\/em><\/p>\n","protected":false},"excerpt":{"rendered":"<p>Lucas Ribeiro, C\u00edcero Lucena e Efraim Filho Arte\/g1 Come\u00e7ou nesta sexta-feira (28) a propaganda eleitoral gratuita dos candidatos ao governo da Para\u00edba, na TV e no r\u00e1dio. No priimeiro dia, os programas foram exibidos na seguinte ordem: Efraim Filho (PL), Lucas Ribeiro (PP) e C\u00edcero Lucena (MDB). Confira abaixo o que veiculou o guia eleitoral de cada candidato, na ordem de apari\u00e7\u00e3o na propaganda. A propaganda eleitoral gratuita ser\u00e1 exibida at\u00e9 1\u00ba de outubro, tr\u00eas dias antes do primeiro turno das elei\u00e7\u00f5es. O sorteio que definiu a ordem de veicula\u00e7\u00e3o e o tempo da propaganda eleitoral gratuita das Elei\u00e7\u00f5es 2026, aconteceu no dia 18 de agosto pela Justi\u00e7a Eleitoral da Para\u00edba. O candidato com maior tempo de propaganda \u00e9 Lucas Ribeiro (PP), com 4 minutos e 49 segundos. Em seguida vem C\u00edcero Lucena (MDB), com 2 minutos e 14 segundos e por fim, Efraim Filho (PL), com 1 minuto e 55 segundos. Na r\u00e1dio, o guia ser\u00e1 exibido das 7h16 \u00e0s 7h25 e das 12h16 \u00e0s 12h25. Na TV, das 13h16 \u00e0s 13h25 e das 20h46 \u00e0s 20h55. Agora no g1 Efraim Filho (PL) Imagem de guia eleitoral de Efraim Filho Reprodu\u00e7\u00e3o TV Cabo Branco. No primeiro dia de propaganda eleitoral no r\u00e1dio e na TV, o candidato Efraim Filho (PL) relembrou o momento em que foi eleito senador, usando imagens de diferentes canais de not\u00edcias. Em seguida, refor\u00e7ou seu interesse em propostas para a seguran\u00e7a p\u00fablica, a seguran\u00e7a h\u00eddrica e a \u00e1rea de impostos, mas sem detalhar. O candidato exibiu depoimentos de paraibanos sobre problemas em servi\u00e7os p\u00fablicos, como sa\u00fade, transporte e saneamento b\u00e1sico. Durante a propaganda, Efraim tamb\u00e9m mostrou imagens em que aparece ao lado de Fl\u00e1vio Bolsonaro (PL), candidato \u00e0 Presid\u00eancia da Rep\u00fablica nas Elei\u00e7\u00f5es de 2026. Lucas Ribeiro (PP) Imagem de guia eleitoral de Lucas Ribeiro Reprodu\u00e7\u00e3o TV Cabo Branco. J\u00e1 a propaganda de Lucas Ribeiro (PP) come\u00e7ou com um discurso do ex-governador e candidato a senador Jo\u00e3o Azev\u00eado (PSB). Ele relembrou o momento em que passou o governo para Lucas, ent\u00e3o vice-governador, \u00e0s v\u00e9speras do per\u00edodo eleitoral. Na sequ\u00eancia, Lucas Ribeiro destacou obras e projetos realizados durante a gest\u00e3o estadual. Entre eles, citou a constru\u00e7\u00e3o de novas vias, escolas, creches e hospitais. Em seguida, Jo\u00e3o Azev\u00eado voltou a aparecer na propaganda, em um trecho do discurso de posse de Lucas Ribeiro. Na fala, o ent\u00e3o governador destacou a uni\u00e3o entre os dois pol\u00edticos. Em outro momento, o guia destacou a forma\u00e7\u00e3o e a trajet\u00f3ruia de Lucas Ribeiro, que j\u00e1 foi vice-governador, vereador, vice-prefeito e secret\u00e1rio de Ci\u00eancia, Tecnologia e Inova\u00e7\u00e3o de Campina Grande. C\u00edcero Lucena (MDB) Imagem de guia eleitoral de C\u00edcero Lucena Reprodu\u00e7\u00e3o TV Cabo Branco. O candidato C\u00edcero Lucena (MDB) iniciou a propaganda eleitoral defendendo o acesso a servi\u00e7os p\u00fablicos de qualidade. Tamb\u00e9m citou propostas para a seguran\u00e7a h\u00eddrica, sa\u00fade, seguran\u00e7a p\u00fablica e gera\u00e7\u00e3o de empregos. Durante a propaganda, o candidato exibiu imagens de sua atua\u00e7\u00e3o como prefeito de Jo\u00e3o Pessoa. Tamb\u00e9m destacou um discurso de Diogo Cunha Lima (PSD), candidato a vice-governador em sua chapa. C\u00edcero encerrou a propaganda com um discurso feito durante o per\u00edodo pr\u00e9-eleitoral, no qual destacou sua trajet\u00f3ria. V\u00eddeos mais assistidos do g1 Para\u00edba<\/p>\n","protected":false},"author":1,"featured_media":320812,"comment_status":"closed","ping_status":"closed","sticky":false,"template":"","format":"standard","meta":{"sfsi_plus_gutenberg_text_before_share":"","sfsi_plus_gutenberg_show_text_before_share":"","sfsi_plus_gutenberg_icon_type":"","sfsi_plus_gutenberg_icon_alignemt":"","sfsi_plus_gutenburg_max_per_row":"","footnotes":""},"categories":[11],"tags":[],"class_list":["post-320811","post","type-post","status-publish","format-standard","has-post-thumbnail","hentry","category-politica"],"_links":{"self":[{"href":"https:\/\/www.caririemacao.com\/1\/wp-json\/wp\/v2\/posts\/320811","targetHints":{"allow":["GET"]}}],"collection":[{"href":"https:\/\/www.caririemacao.com\/1\/wp-json\/wp\/v2\/posts"}],"about":[{"href":"https:\/\/www.caririemacao.com\/1\/wp-json\/wp\/v2\/types\/post"}],"author":[{"embeddable":true,"href":"https:\/\/www.caririemacao.com\/1\/wp-json\/wp\/v2\/users\/1"}],"replies":[{"embeddable":true,"href":"https:\/\/www.caririemacao.com\/1\/wp-json\/wp\/v2\/comments?post=320811"}],"version-history":[{"count":2,"href":"https:\/\/www.caririemacao.com\/1\/wp-json\/wp\/v2\/posts\/320811\/revisions"}],"predecessor-version":[{"id":320828,"href":"https:\/\/www.caririemacao.com\/1\/wp-json\/wp\/v2\/posts\/320811\/revisions\/320828"}],"wp:featuredmedia":[{"embeddable":true,"href":"https:\/\/www.caririemacao.com\/1\/wp-json\/wp\/v2\/media\/320812"}],"wp:attachment":[{"href":"https:\/\/www.caririemacao.com\/1\/wp-json\/wp\/v2\/media?parent=320811"}],"wp:term":[{"taxonomy":"category","embeddable":true,"href":"https:\/\/www.caririemacao.com\/1\/wp-json\/wp\/v2\/categories?post=320811"},{"taxonomy":"post_tag","embeddable":true,"href":"https:\/\/www.caririemacao.com\/1\/wp-json\/wp\/v2\/tags?post=320811"}],"curies":[{"name":"wp","href":"https:\/\/api.w.org\/{rel}","templated":true}]}}