{"id":320821,"date":"2026-08-28T17:41:56","date_gmt":"2026-08-28T20:41:56","guid":{"rendered":"https:\/\/www.caririemacao.com\/1\/?p=320821"},"modified":"2026-08-28T17:41:56","modified_gmt":"2026-08-28T20:41:56","slug":"galicia-e-uma-das-atracoes-desta-sexta-feira-na-expoprata-2026","status":"publish","type":"post","link":"https:\/\/www.caririemacao.com\/1\/2026\/08\/28\/galicia-e-uma-das-atracoes-desta-sexta-feira-na-expoprata-2026\/","title":{"rendered":"Gal\u00edcia \u00e9 uma das atra\u00e7\u00f5es desta sexta-feira na ExpoPrata 2026"},"content":{"rendered":"<p>A XII ExpoPrata 2026 segue movimentando o munic\u00edpio de Prata, no Cariri Paraibano, e nesta sexta-feira a programa\u00e7\u00e3o musical promete atrair o p\u00fablico com atra\u00e7\u00f5es ao longo da tarde e da noite.<\/p>\n<p>A festa come\u00e7a \u00e0s 16h, no Terreiro do Forr\u00f3, com Felipe dos Teclados. J\u00e1 no Palco Principal, a programa\u00e7\u00e3o tem in\u00edcio \u00e0s 20h30, com Novo Som Mix. \u00c0s 23h, quem assume a festa \u00e9 Mexe Ville, e, fechando a programa\u00e7\u00e3o da noite, Gal\u00edcia sobe ao palco \u00e0 1h.<\/p>\n<p>Al\u00e9m dos shows, a ExpoPrata re\u00fane produtores, criadores, expositores e visitantes de diversos munic\u00edpios, fortalecendo a caprinovinocultura, o agroneg\u00f3cio e a economia regional. O evento \u00e9 realizado pela Prefeitura de Prata, com correaliza\u00e7\u00e3o do Sebrae e do Pacto Novo Cariri, al\u00e9m do apoio de institui\u00e7\u00f5es parceiras.<\/p>\n<p><strong>Cariri em A\u00e7\u00e3o \u2014 Integrando toda a regi\u00e3o.<\/strong><\/p>\n","protected":false},"excerpt":{"rendered":"<p>A XII ExpoPrata 2026 segue movimentando o munic\u00edpio de Prata, no Cariri Paraibano, e nesta sexta-feira a programa\u00e7\u00e3o musical promete atrair o p\u00fablico com atra\u00e7\u00f5es ao longo da tarde e da noite. A festa come\u00e7a \u00e0s 16h, no Terreiro do Forr\u00f3, com Felipe dos Teclados. J\u00e1 no Palco Principal, a programa\u00e7\u00e3o tem in\u00edcio \u00e0s 20h30, com Novo Som Mix. \u00c0s 23h, quem assume a festa \u00e9 Mexe Ville, e, fechando a programa\u00e7\u00e3o da noite, Gal\u00edcia sobe ao palco \u00e0 1h. Al\u00e9m dos shows, a ExpoPrata re\u00fane produtores, criadores, expositores e visitantes de diversos munic\u00edpios, fortalecendo a caprinovinocultura, o agroneg\u00f3cio e a economia regional. O evento \u00e9 realizado pela Prefeitura de Prata, com correaliza\u00e7\u00e3o do Sebrae e do Pacto Novo Cariri, al\u00e9m do apoio de institui\u00e7\u00f5es parceiras. Cariri em A\u00e7\u00e3o \u2014 Integrando toda a regi\u00e3o.<\/p>\n","protected":false},"author":6,"featured_media":320822,"comment_status":"closed","ping_status":"closed","sticky":false,"template":"","format":"standard","meta":{"sfsi_plus_gutenberg_text_before_share":"","sfsi_plus_gutenberg_show_text_before_share":"","sfsi_plus_gutenberg_icon_type":"","sfsi_plus_gutenberg_icon_alignemt":"","sfsi_plus_gutenburg_max_per_row":"","footnotes":""},"categories":[6],"tags":[],"class_list":["post-320821","post","type-post","status-publish","format-standard","has-post-thumbnail","hentry","category-cidades"],"_links":{"self":[{"href":"https:\/\/www.caririemacao.com\/1\/wp-json\/wp\/v2\/posts\/320821","targetHints":{"allow":["GET"]}}],"collection":[{"href":"https:\/\/www.caririemacao.com\/1\/wp-json\/wp\/v2\/posts"}],"about":[{"href":"https:\/\/www.caririemacao.com\/1\/wp-json\/wp\/v2\/types\/post"}],"author":[{"embeddable":true,"href":"https:\/\/www.caririemacao.com\/1\/wp-json\/wp\/v2\/users\/6"}],"replies":[{"embeddable":true,"href":"https:\/\/www.caririemacao.com\/1\/wp-json\/wp\/v2\/comments?post=320821"}],"version-history":[{"count":1,"href":"https:\/\/www.caririemacao.com\/1\/wp-json\/wp\/v2\/posts\/320821\/revisions"}],"predecessor-version":[{"id":320823,"href":"https:\/\/www.caririemacao.com\/1\/wp-json\/wp\/v2\/posts\/320821\/revisions\/320823"}],"wp:featuredmedia":[{"embeddable":true,"href":"https:\/\/www.caririemacao.com\/1\/wp-json\/wp\/v2\/media\/320822"}],"wp:attachment":[{"href":"https:\/\/www.caririemacao.com\/1\/wp-json\/wp\/v2\/media?parent=320821"}],"wp:term":[{"taxonomy":"category","embeddable":true,"href":"https:\/\/www.caririemacao.com\/1\/wp-json\/wp\/v2\/categories?post=320821"},{"taxonomy":"post_tag","embeddable":true,"href":"https:\/\/www.caririemacao.com\/1\/wp-json\/wp\/v2\/tags?post=320821"}],"curies":[{"name":"wp","href":"https:\/\/api.w.org\/{rel}","templated":true}]}}