{"id":320824,"date":"2026-08-28T17:47:39","date_gmt":"2026-08-28T20:47:39","guid":{"rendered":"https:\/\/www.caririemacao.com\/1\/?p=320824"},"modified":"2026-08-28T17:47:39","modified_gmt":"2026-08-28T20:47:39","slug":"festa-de-barreiras-movimenta-caraubas-nesta-sexta-e-sabado","status":"publish","type":"post","link":"https:\/\/www.caririemacao.com\/1\/2026\/08\/28\/festa-de-barreiras-movimenta-caraubas-nesta-sexta-e-sabado\/","title":{"rendered":"Festa de Barreiras movimenta Cara\u00fabas nesta sexta e s\u00e1bado"},"content":{"rendered":"<p>A tradicional Festa de Barreiras promete movimentar o munic\u00edpio de Cara\u00fabas, no Cariri Paraibano, nesta sexta-feira (28) e s\u00e1bado (29), com uma programa\u00e7\u00e3o musical que re\u00fane atra\u00e7\u00f5es para dois dias de festa e confraterniza\u00e7\u00e3o.<\/p>\n<p>Nesta sexta-feira (28), a anima\u00e7\u00e3o ficar\u00e1 por conta de Leandro Pinga Fogo e Leidinha Santos. J\u00e1 no s\u00e1bado (29), a programa\u00e7\u00e3o continua com os shows de Gal\u00edcia, Marquinhos da Serrinha e Thais Gomes, encerrando a edi\u00e7\u00e3o deste ano em grande estilo.<\/p>\n<p>A Festa de Barreiras \u00e9 promovida pelo Governo Municipal de Cara\u00fabas, por meio da Secretaria Municipal de Cultura e Turismo, fortalecendo as tradi\u00e7\u00f5es locais e proporcionando um momento de lazer para moradores e visitantes de toda a regi\u00e3o.<\/p>\n<p><strong>Cariri em A\u00e7\u00e3o \u2014 Integrando toda a regi\u00e3o.<\/strong><\/p>\n","protected":false},"excerpt":{"rendered":"<p>A tradicional Festa de Barreiras promete movimentar o munic\u00edpio de Cara\u00fabas, no Cariri Paraibano, nesta sexta-feira (28) e s\u00e1bado (29), com uma programa\u00e7\u00e3o musical que re\u00fane atra\u00e7\u00f5es para dois dias de festa e confraterniza\u00e7\u00e3o. Nesta sexta-feira (28), a anima\u00e7\u00e3o ficar\u00e1 por conta de Leandro Pinga Fogo e Leidinha Santos. J\u00e1 no s\u00e1bado (29), a programa\u00e7\u00e3o continua com os shows de Gal\u00edcia, Marquinhos da Serrinha e Thais Gomes, encerrando a edi\u00e7\u00e3o deste ano em grande estilo. A Festa de Barreiras \u00e9 promovida pelo Governo Municipal de Cara\u00fabas, por meio da Secretaria Municipal de Cultura e Turismo, fortalecendo as tradi\u00e7\u00f5es locais e proporcionando um momento de lazer para moradores e visitantes de toda a regi\u00e3o. Cariri em A\u00e7\u00e3o \u2014 Integrando toda a regi\u00e3o.<\/p>\n","protected":false},"author":6,"featured_media":320826,"comment_status":"closed","ping_status":"closed","sticky":false,"template":"","format":"standard","meta":{"sfsi_plus_gutenberg_text_before_share":"","sfsi_plus_gutenberg_show_text_before_share":"","sfsi_plus_gutenberg_icon_type":"","sfsi_plus_gutenberg_icon_alignemt":"","sfsi_plus_gutenburg_max_per_row":"","footnotes":""},"categories":[6],"tags":[],"class_list":["post-320824","post","type-post","status-publish","format-standard","has-post-thumbnail","hentry","category-cidades"],"_links":{"self":[{"href":"https:\/\/www.caririemacao.com\/1\/wp-json\/wp\/v2\/posts\/320824","targetHints":{"allow":["GET"]}}],"collection":[{"href":"https:\/\/www.caririemacao.com\/1\/wp-json\/wp\/v2\/posts"}],"about":[{"href":"https:\/\/www.caririemacao.com\/1\/wp-json\/wp\/v2\/types\/post"}],"author":[{"embeddable":true,"href":"https:\/\/www.caririemacao.com\/1\/wp-json\/wp\/v2\/users\/6"}],"replies":[{"embeddable":true,"href":"https:\/\/www.caririemacao.com\/1\/wp-json\/wp\/v2\/comments?post=320824"}],"version-history":[{"count":1,"href":"https:\/\/www.caririemacao.com\/1\/wp-json\/wp\/v2\/posts\/320824\/revisions"}],"predecessor-version":[{"id":320827,"href":"https:\/\/www.caririemacao.com\/1\/wp-json\/wp\/v2\/posts\/320824\/revisions\/320827"}],"wp:featuredmedia":[{"embeddable":true,"href":"https:\/\/www.caririemacao.com\/1\/wp-json\/wp\/v2\/media\/320826"}],"wp:attachment":[{"href":"https:\/\/www.caririemacao.com\/1\/wp-json\/wp\/v2\/media?parent=320824"}],"wp:term":[{"taxonomy":"category","embeddable":true,"href":"https:\/\/www.caririemacao.com\/1\/wp-json\/wp\/v2\/categories?post=320824"},{"taxonomy":"post_tag","embeddable":true,"href":"https:\/\/www.caririemacao.com\/1\/wp-json\/wp\/v2\/tags?post=320824"}],"curies":[{"name":"wp","href":"https:\/\/api.w.org\/{rel}","templated":true}]}}