{"id":320835,"date":"2026-08-28T18:06:13","date_gmt":"2026-08-28T21:06:13","guid":{"rendered":"https:\/\/www.caririemacao.com\/1\/?p=320835"},"modified":"2026-08-28T18:06:13","modified_gmt":"2026-08-28T21:06:13","slug":"do-outro-lado-o-chifre-come-no-centro-brinca-queiroga-sobre-chapas-adversarias","status":"publish","type":"post","link":"https:\/\/www.caririemacao.com\/1\/2026\/08\/28\/do-outro-lado-o-chifre-come-no-centro-brinca-queiroga-sobre-chapas-adversarias\/","title":{"rendered":"\u201cDo outro lado o chifre come no Centro\u201d, brinca Queiroga sobre chapas advers\u00e1rias"},"content":{"rendered":"<p>O candidato a senador pelo PL, Marcelo Queiroga, brincou, nesta sexta-feira (28), ao falar da disputa dos advers\u00e1rios por apoio dentro de suas pr\u00f3prias chapas.<\/p>\n<p>\u201cA gente sabe que do outro lado o chifre t\u00e1 comendo no Centro\u201d, brincou o ex-ministro durante sabatina na TV Norte Para\u00edba.<\/p>\n<p>Diante dessa movimenta\u00e7\u00e3o pol\u00edtica do outro lado, Queiroga acredita que isso pode lhe dar vantagem j\u00e1 que ele aparece empatado tecnicamente com Veneziano (MDB) e Nabor Wanderley (Republicanos) na primeira pesquisa Quaest sobre a corrida eleitoral.<\/p>\n<p>Para Queiroga, no atual cen\u00e1rio, todas as vagas est\u00e3o em disputa Ele concorre a elei\u00e7\u00e3o sozinho e n\u00e3o optou por segundo nome na chapa.<\/p>\n<p><strong>Segundo voto<\/strong><\/p>\n<p>Ainda durante a entrevista Marcelo Queiroga anunciou que dar\u00e1 seu segundo voto ao Major F\u00e1bio, candidato ao Senado pelo Novo. Ele disse que o voto \u00e9 pessoal pelo fato no Novo n\u00e3o est\u00e1 nacionalmente alinhado com a candidatura de Fl\u00e1vio Bolsonaro (PL).<\/p>\n<p><em>Com MaisPB<\/em><\/p>\n","protected":false},"excerpt":{"rendered":"<p>O candidato a senador pelo PL, Marcelo Queiroga, brincou, nesta sexta-feira (28), ao falar da disputa dos advers\u00e1rios por apoio dentro de suas pr\u00f3prias chapas. \u201cA gente sabe que do outro lado o chifre t\u00e1 comendo no Centro\u201d, brincou o ex-ministro durante sabatina na TV Norte Para\u00edba. Diante dessa movimenta\u00e7\u00e3o pol\u00edtica do outro lado, Queiroga acredita que isso pode lhe dar vantagem j\u00e1 que ele aparece empatado tecnicamente com Veneziano (MDB) e Nabor Wanderley (Republicanos) na primeira pesquisa Quaest sobre a corrida eleitoral. Para Queiroga, no atual cen\u00e1rio, todas as vagas est\u00e3o em disputa Ele concorre a elei\u00e7\u00e3o sozinho e n\u00e3o optou por segundo nome na chapa. Segundo voto Ainda durante a entrevista Marcelo Queiroga anunciou que dar\u00e1 seu segundo voto ao Major F\u00e1bio, candidato ao Senado pelo Novo. Ele disse que o voto \u00e9 pessoal pelo fato no Novo n\u00e3o est\u00e1 nacionalmente alinhado com a candidatura de Fl\u00e1vio Bolsonaro (PL). Com MaisPB<\/p>\n","protected":false},"author":6,"featured_media":320836,"comment_status":"closed","ping_status":"closed","sticky":false,"template":"","format":"standard","meta":{"sfsi_plus_gutenberg_text_before_share":"","sfsi_plus_gutenberg_show_text_before_share":"","sfsi_plus_gutenberg_icon_type":"","sfsi_plus_gutenberg_icon_alignemt":"","sfsi_plus_gutenburg_max_per_row":"","footnotes":""},"categories":[11],"tags":[],"class_list":["post-320835","post","type-post","status-publish","format-standard","has-post-thumbnail","hentry","category-politica"],"_links":{"self":[{"href":"https:\/\/www.caririemacao.com\/1\/wp-json\/wp\/v2\/posts\/320835","targetHints":{"allow":["GET"]}}],"collection":[{"href":"https:\/\/www.caririemacao.com\/1\/wp-json\/wp\/v2\/posts"}],"about":[{"href":"https:\/\/www.caririemacao.com\/1\/wp-json\/wp\/v2\/types\/post"}],"author":[{"embeddable":true,"href":"https:\/\/www.caririemacao.com\/1\/wp-json\/wp\/v2\/users\/6"}],"replies":[{"embeddable":true,"href":"https:\/\/www.caririemacao.com\/1\/wp-json\/wp\/v2\/comments?post=320835"}],"version-history":[{"count":1,"href":"https:\/\/www.caririemacao.com\/1\/wp-json\/wp\/v2\/posts\/320835\/revisions"}],"predecessor-version":[{"id":320837,"href":"https:\/\/www.caririemacao.com\/1\/wp-json\/wp\/v2\/posts\/320835\/revisions\/320837"}],"wp:featuredmedia":[{"embeddable":true,"href":"https:\/\/www.caririemacao.com\/1\/wp-json\/wp\/v2\/media\/320836"}],"wp:attachment":[{"href":"https:\/\/www.caririemacao.com\/1\/wp-json\/wp\/v2\/media?parent=320835"}],"wp:term":[{"taxonomy":"category","embeddable":true,"href":"https:\/\/www.caririemacao.com\/1\/wp-json\/wp\/v2\/categories?post=320835"},{"taxonomy":"post_tag","embeddable":true,"href":"https:\/\/www.caririemacao.com\/1\/wp-json\/wp\/v2\/tags?post=320835"}],"curies":[{"name":"wp","href":"https:\/\/api.w.org\/{rel}","templated":true}]}}